{"id":14529,"date":"2009-09-09T21:59:46","date_gmt":"2009-09-09T18:59:46","guid":{"rendered":"http:\/\/www.korhanyilmaz.com\/?p=14529"},"modified":"2009-09-09T21:59:46","modified_gmt":"2009-09-09T18:59:46","slug":"derenin-intikami-agir-olur","status":"publish","type":"post","link":"http:\/\/www.korhanyilmaz.com\/?p=14529","title":{"rendered":"&#039;Derenin intikam\u0131 a\u011f\u0131r olur&#039;"},"content":{"rendered":"<p style=\"text-align: center;\"><a href=\"http:\/\/www.korhanyilmaz.com\/wp-content\/uploads\/2009\/09\/suclu.jpg\"  class=\"lightview\"><img loading=\"lazy\" decoding=\"async\" class=\"aligncenter size-full wp-image-14530\" src=\"http:\/\/www.korhanyilmaz.com\/wp-content\/uploads\/2009\/09\/suclu.jpg\" alt=\"\" width=\"329\" height=\"210\" \/><\/a><\/p>\n<p style=\"text-align: justify;\">Yetkililere g\u00f6re, 26 ki\u015finin hayat\u0131n\u0131 kaybetti\u011fi felaketin nedeni dere yataklar\u0131na ka\u00e7ak bina yapanlarla, dengesi bozulan do\u011fa!<\/p>\n<p style=\"text-align: justify;\">Trakya ve \u0130stanbul\u2019daki sel bask\u0131nlar\u0131n\u0131 \u2018y\u00fczy\u0131l\u0131n felaketi\u2019 olarak tan\u0131mlayan Ba\u015fbakan Erdo\u011fan, \u201cDere \u0131slah \u00e7al\u0131\u015fmalar\u0131n\u0131n \u00f6n\u00fcne her zaman engeller kondu. San\u0131r\u0131m son olaylar bunu ortadan kald\u0131r\u0131r\u201d dedi.<\/p>\n<p style=\"text-align: justify;\">Ba\u015fbakan Tayyip Erdo\u011fan, Afet Kordinasyon Merkezi (AKOM)\u2019da yapt\u0131\u011f\u0131 bas\u0131n toplant\u0131s\u0131nda, Trakya ve \u0130stanbul\u2019da ya\u015fanan sel bask\u0131nlar\u0131n\u0131n y\u00fczy\u0131l\u0131n felaketi oldu\u011funu s\u00f6yledi. Konu\u015fmas\u0131na, bask\u0131nlarda hayat\u0131n\u0131 kabedenlerin yak\u0131nlar\u0131na ba\u015fsa\u011fl\u0131\u011f\u0131 dileyerek ba\u015flayan Erdo\u011fan s\u00f6zlerini \u015f\u00f6yle s\u00fcrd\u00fcrd\u00fc: \u201dD\u00fcn ve bug\u00fcn Trakya ve \u0130stanbul\u2019da meydana gelen ya\u011f\u0131\u015flar sebebiyle b\u00fcy\u00fck felaketlerle kar\u015f\u0131 kar\u015f\u0131ya kald\u0131k. Bu olsa olsa \u2019y\u00fcz y\u0131lda bir olur\u2019 diye tan\u0131mlanacak bir durum. <!--more-->Son on y\u0131llara bakt\u0131\u011f\u0131m\u0131z zaman metrekareye en fazla ya\u011f\u0131\u015f\u0131n d\u00fc\u015ft\u00fc\u011f\u00fc y\u0131l, benim belediye ba\u015fkan\u0131 oldu\u011fum 1996 y\u0131l\u0131. O da metrekareye 64 kilogram d\u00fc\u015fm\u00fc\u015f. \u015eimdi 180 ile 285 kilogram aras\u0131nda. Bu bamba\u015fka bir felaket. Bu felakette maalasef \u0130stanbul\u2019da 26, Tekirda\u011f\u2019da 5 vatanda\u015f\u0131m\u0131z hayat\u0131n\u0131 kaybetti. 9 vatanda\u015f\u0131m\u0131z da kay\u0131p.\u201c<\/p>\n<p style=\"text-align: justify;\">Ba\u015fbakan Erdo\u011fan, her felaketten \u00e7\u0131kar\u0131lmas\u0131 gereken dersler oldu\u011funu belirterek, s\u00f6zlerine \u015f\u00f6yle devam etti:<\/p>\n<p style=\"text-align: justify;\"><strong><em>Kamula\u015ft\u0131rma engelleniyor <\/em><\/strong><\/p>\n<p style=\"text-align: justify;\">\u201cY\u0131llard\u0131r bizim bu derelerde \u0131slah \u00e7al\u0131\u015fmalar\u0131 gayretimiz var. Bu benim belediye ba\u015fkanl\u0131\u011f\u0131m d\u00f6neminde ba\u015flad\u0131. Ancak bu \u00e7al\u0131\u015fmalar\u0131n \u00f6n\u00fcnde her zaman engeller kondu. San\u0131yorum \u015fu olaylar, bu engelleri ortadan kald\u0131r\u0131r. Kamula\u015ft\u0131rma \u00e7al\u0131\u015fmalar\u0131 gayretini engelleye \u00e7al\u0131\u015fanlar bu g\u00fcn\u00fc g\u00f6rmelidir. Ne kadar \u00e7al\u0131\u015f\u0131l\u0131rsan\u0131z \u00e7al\u0131\u015f\u0131n bizim bu t\u00fcr felaketleri minimize etmemiz gerekiyor. Bunun i\u00e7in \u0131slah \u00e7al\u0131\u015fmas\u0131 yapaca\u011f\u0131z. \u0130mara uygun davranaca\u011f\u0131z.\u201d<\/p>\n<p style=\"text-align: justify;\"><strong><em>\u0130lk hedef Ayamama <\/em><\/strong><\/p>\n<p style=\"text-align: justify;\">Erdo\u011fan, \u0130stanbul\u2019da \u0131slah edilen derelerde \u015fu an bir s\u0131k\u0131nt\u0131 ya\u015fanmad\u0131\u011f\u0131n\u0131 dikkat \u00e7ekerek, buna K\u00fc\u00e7\u00fckk\u00f6y\u2019\u00fc \u00f6rnek g\u00f6sterdi: \u201cAtalar\u0131m\u0131z, \u2019Derenin intikam\u0131 a\u011f\u0131r olur\u2019demi\u015fler diyen Erdo\u011fan \u015f\u00f6yle konu\u015ftu: \u201dDere yataklar\u0131ndaki ne t\u00fcr olursa olsun, b\u00fct\u00fcn yerle\u015fimleri bizim s\u00fcratle kald\u0131rmam\u0131z laz\u0131m. Biz, gerek valilik gerekse belediye olarak bu konuda ad\u0131m\u0131m\u0131z\u0131 ataca\u011f\u0131z. Yar\u0131n \u00e7al\u0131\u015fmalara ba\u015flayaca\u011f\u0131z. Ancak vatanda\u015flar \u00f6n\u00fcm\u00fczde engel olursa bu i\u015fi k\u0131sa s\u00fcrede yapamay\u0131z. El ele verip k\u0131sa s\u00fcrede bu yap\u0131lanmay\u0131 yapmal\u0131y\u0131z. Bu ad\u0131m\u0131 da Ayamama Deresi\u2019nde ba\u015flataca\u011f\u0131z.\u201c<\/p>\n<p style=\"text-align: justify;\">Ero\u011flu: Bu hakikaten bir tufan belirtisi<\/p>\n<p style=\"text-align: justify;\">\u00c7evre ve Orman Bakan\u0131 Eysel Ero\u011flu \u201c1 y\u0131lda ya\u011facak ya\u011fmur 48 saatte ya\u011fd\u0131. Buna hi\u00e7bir yerde al\u0131nacak \u00f6nlem yoktur\u201d dedi.<\/p>\n<p style=\"text-align: justify;\">\u00c7evre ve Orman Bakan\u0131 Veysel Ero\u011flu, bir y\u0131lda ya\u011facak ya\u011f\u0131\u015f\u0131n neredeyse \u00fc\u00e7te birinin 48 saatte ya\u011fd\u0131\u011f\u0131n\u0131 belirterek, \u201cBu hakikaten bir tufan belirtisidir. Buna ne T\u00fcrkiye\u2019de ne Amerika\u2019da ne de hi\u00e7bir yerde al\u0131nacak \u00f6nlem yoktur\u201d dedi. Dere yata\u011f\u0131n\u0131n i\u015fgal edilmesi ya da dere kesitlerinin daralt\u0131lmas\u0131 sonucu ta\u015fk\u0131nlar\u0131n ya\u015fand\u0131\u011f\u0131n\u0131 ifade eden Bakan Ero\u011flu, \u201cNe zaman dere yata\u011f\u0131 i\u015fgal edilirse yatak tekrar i\u015fgal edilen alan\u0131 belli bir s\u00fcre sonra da olsa geri al\u0131r. Bu tabiat\u0131n kural\u0131d\u0131r. Vatanda\u015flar\u0131m\u0131z dere yata\u011f\u0131na ev yapm\u0131\u015fsa bunu kald\u0131raca\u011f\u0131z. Bunun ba\u015fka \u00e7aresi yoktur\u201d diye konu\u015ftu. Bir \u00e7ok k\u00f6pr\u00fc kesitinin de dar yap\u0131ld\u0131\u011f\u0131na dikkati \u00e7eken Ero\u011flu, giri\u015f kesiti saniyede 200 metrek\u00fcp su ge\u00e7ecek \u015fekilde yap\u0131lan bir k\u00f6pr\u00fcn\u00fcn \u00e7\u0131k\u0131\u015f\u0131n\u0131n ise 50-60 metrek\u00fcpe d\u00fc\u015ft\u00fc\u011f\u00fcn\u00fc, bunun da ta\u015fk\u0131nlar\u0131n ya\u015fanmas\u0131ndaki bir ba\u015fka sebep oldu\u011funu vurgulad\u0131. Bakan Ero\u011flu, bir gazetecinin dere \u0131slah \u00e7al\u0131\u015fmalar\u0131nda hesap hatas\u0131 yap\u0131l\u0131p yap\u0131lmad\u0131\u011f\u0131 \u015feklindeki sorusu \u00fczerine, dere \u0131slah \u00e7al\u0131\u015fmalar\u0131n\u0131n belli bir debiye g\u00f6re hesapland\u0131\u011f\u0131n\u0131, 500 ya da bin y\u0131lda bir g\u00f6r\u00fcle-cek debiye g\u00f6re hesap yapman\u0131n m\u00fcmk\u00fcn olmad\u0131\u011f\u0131n\u0131 belirtti.<\/p>\n<p style=\"text-align: justify;\"><strong><em>ATALAY: Tespitler yap\u0131l\u0131yor. Maddi hasar telafi edilecek <\/em><\/strong><\/p>\n<p style=\"text-align: justify;\">\u0130\u00c7\u0130\u015eLER\u0130 Bakan\u0131 Be\u015fir Atalay, selden zarar g\u00f6renlere yard\u0131m edilece\u011fini a\u00e7\u0131klad\u0131: \u201cBurada maddi bir sorunumuz yok. \u015eu anda acil ihtiya\u00e7lar\u0131n kar\u015f\u0131lanmas\u0131 i\u00e7in ba\u015fbakanl\u0131\u011f\u0131m\u0131zdan gerekli kaynaklar g\u00f6nderildi. Vatanda\u015flar\u0131m\u0131z bu konuda s\u0131k\u0131nt\u0131 \u00e7ekmeyecek. Tespitler yap\u0131lacak maddi, hasarlar\u0131m\u0131z hepsi giderilecek. Yani burada vatanda\u015flar\u0131m\u0131z rahat olsunlar. H\u0131zl\u0131 \u015fekilde tespitler yap\u0131l\u0131yor. Bizi \u00fczen can kay\u0131plar\u0131. Onlar\u0131 geri getiremiyoruz. Bunlar tabi maddi bedeli olmayan insanlar\u0131n kayb\u0131. Ailelerine gerekli \u00f6demeler yap\u0131lacak. Hayat\u0131n normale d\u00f6nmesi i\u00e7in elden gelen her \u015fey en k\u0131sa s\u00fcrede yap\u0131lacak. Ama bizlere d\u00fc\u015fen felaket gelip ge\u00e7tikten sonra ac\u0131s\u0131n\u0131 bir an \u00f6nce dindirmek zararlar\u0131 bir an \u00f6nce telafi etmek. Ve normal hayata bir an \u00f6nce ba\u015flamak.\u201d<\/p>\n<p style=\"text-align: justify;\"><strong><em>G\u00dcLER: Son y\u0131llar\u0131n en b\u00fcy\u00fck do\u011fal afeti <\/em><\/strong><\/p>\n<p style=\"text-align: justify;\">\u0130STANBUL Valisi Muammer G\u00fcler, \u0130stanbul\u2019da son y\u0131llarda hi\u00e7 ya\u015fanmayan bir do\u011fal afet ya\u015fand\u0131\u011f\u0131n\u0131 belirterek \u015funlar\u0131 s\u00f6yledi: \u201cMahalli g\u00fcvenlik g\u00fc\u00e7lerimiz bu konuda gerekli ikazlar\u0131 yap\u0131yorlar ama cumartesi ve pazar g\u00fcn\u00fc i\u00e7in de yeniden dikkatli olmaya devam edece\u011fiz ve gerekli uyar\u0131larda bulunaca\u011f\u0131z. Olay, y\u00fczy\u0131lda bile rastlanamayacak bir afet konumundad\u0131r. \u0130stanbul\u2019a 1 senede ya\u011fan ya\u011f\u0131\u015f\u0131n 3\u2019te 1\u2019i, 1,5 g\u00fcnde ve \u00e7ok k\u0131sa bir s\u00fcre i\u00e7erisinde, yani 3-4 saatlik bir s\u00fcre i\u00e7erisinde ya\u011fd\u0131. B\u00f6yle bir ya\u011f\u0131\u015f\u0131 hi\u00e7 bir altyap\u0131n\u0131n ta\u015f\u0131mas\u0131 m\u00fcmk\u00fcn de\u011fil. Kald\u0131 ki altyap\u0131da da baz\u0131 sorunlar\u0131m\u0131z yok de\u011fil ama bu ya\u011f\u0131\u015f maalesef \u00e7ok g\u00fc\u00e7l\u00fc altyap\u0131lar\u0131n bile dayanamayaca\u011f\u0131 nitelikte. Amerika\u2019da da oluyor biliyorsunuz, Avrupa\u2019da da oluyor. Burada yap\u0131lacak ilk \u015fey, can ve mal g\u00fcvenli\u011fini \u00f6ncelikle g\u00f6zetmektir. Bu konuda devlet verimli bir kaynak tahsisi, \u00f6rnek bir i\u015f birli\u011fiyle ve b\u00fct\u00fcn g\u00fcc\u00fcyle, zaman\u0131nda ve etkin bir \u015fekilde olaya m\u00fcdahale etmeyi ba\u015farm\u0131\u015ft\u0131r.\u201d<\/p>\n<p style=\"text-align: justify;\"><em><strong>TOPBA\u015e: Hepimizin hatalar\u0131 var \u00e7evreye sayg\u0131l\u0131 olmal\u0131y\u0131z <\/strong><\/em><\/p>\n<p style=\"text-align: justify;\">\u0130STANBUL B\u00fcy\u00fck\u015fehir Belediye Ba\u015fkan\u0131 Kadir Topba\u015f, \u0130stanbul\u2019daki sel felaketiyle ilgili konu\u015ftu, \u201cHepimizin hatalar\u0131 var. Gezegenimizi k\u00f6t\u00fc kullan\u0131yoruz. \u00c7evreye ve do\u011faya sayg\u0131l\u0131 olmak zorunday\u0131z. Teknolojik geli\u015fmeleri yaparken de \u00e7evremizi nas\u0131l etkiledi\u011fimizi d\u00fc\u015f\u00fcnmek zorunday\u0131z\u201d dedi. AKOM merkezinde bas\u0131n mensuplar\u0131na a\u00e7\u0131klamalarda bulunan Topba\u015f, bozulan ekolojik dengeye dikkat \u00e7ekti ve \u201c\u0130nsanlar do\u011fal afetler kar\u015f\u0131s\u0131nda \u00e7aresiz kal\u0131yor. \u00c7evreye ve do\u011faya sayg\u0131l\u0131 olmak zorunday\u0131z. Teknolojik geli\u015fmeleri yaparken \u00e7evremizi nas\u0131l etkiledi\u011fimizi d\u00fc\u015f\u00fcnmek zorunday\u0131z. \u0130stanbul\u2019un topo\u011frafyas\u0131 malum\u201d diye konu\u015ftu.<\/p>\n<p style=\"text-align: justify;\">\u201cCuma g\u00fcn\u00fc ya\u011f\u0131\u015flar\u0131n daha yo\u011fun devam etmemesini umuyorum\u201d diyen Topba\u015f, \u201cTIR\u2019lar\u0131n nas\u0131l konserve kutusu gibi savruldu\u011funu g\u00f6rd\u00fck. Bu \u00e7ok ac\u0131. Ya\u011f\u0131\u015f\u0131n devam etmemesini diliyorum. Do\u011fru yerlerde do\u011fru yap\u0131lar yapmak gerekir\u201d ifadelerini kulland\u0131.<\/p>\n<p style=\"text-align: justify;\"><strong><em>SA\u011eLIK BAKANLI\u011eI: \u015eebeke suyunu \u015fimdilik kullanmay\u0131n <\/em><\/strong><\/p>\n<p style=\"text-align: justify;\">SA\u011eLIK Bakanl\u0131\u011f\u0131, \u0130stanbul ve Tekirda\u011f\u2019da selin ard\u0131ndan, temiz su ve g\u0131da t\u00fcketimine \u00f6nem verilmesi, \u015febeke suyunun ikinci bir duyuruya kadar i\u00e7me amac\u0131yla kullan\u0131lmamas\u0131, b\u00f6cek, kemirgen ve yabani hayvanlarla temastan ka\u00e7\u0131n\u0131lmas\u0131 konusunda vatanda\u015flar\u0131 uyard\u0131. Sa\u011fl\u0131k Bakanl\u0131\u011f\u0131\u2019ndan yap\u0131lan yaz\u0131l\u0131 a\u00e7\u0131klamada, \u0130stanbul ve Tekirda\u011f\u2019daki sel bask\u0131nlar\u0131 \u00fczerine Bakanl\u0131k Kriz Merkezi\u2019nin konunun uzmanlar\u0131yla derhal izleme ve gerekli tedbirleri y\u00fcr\u00fcrl\u00fc\u011fe koyma s\u00fcrecini ba\u015flatt\u0131\u011f\u0131 da belirtildi.<\/p>\n<p style=\"text-align: justify;\"><span style=\"color: #888888;\">Burak KARA &#8211; \u0130lker AKG\u00dcNG\u00d6R &#8211; Hayati KILI\u00c7 &#8211; B\u00fclent ERG\u00dcN &#8211; Arif TA\u015eKIN &#8211; Burak B\u0130LGE &#8211; \u00c7a\u011fda\u015f ULU\u015e \/ VATAN<\/span><\/p>\n","protected":false},"excerpt":{"rendered":"<p style=\"text-align: center;\">\n<p style=\"text-align: justify;\">Yetkililere g\u00f6re, 26 ki\u015finin hayat\u0131n\u0131 kaybetti\u011fi felaketin nedeni dere yataklar\u0131na ka\u00e7ak bina yapanlarla, dengesi bozulan do\u011fa!<\/p>\n<p style=\"text-align: justify;\">Trakya ve \u0130stanbul\u2019daki sel bask\u0131nlar\u0131n\u0131 \u2018y\u00fczy\u0131l\u0131n felaketi\u2019 olarak tan\u0131mlayan Ba\u015fbakan Erdo\u011fan, \u201cDere \u0131slah \u00e7al\u0131\u015fmalar\u0131n\u0131n \u00f6n\u00fcne her zaman engeller kondu. San\u0131r\u0131m son olaylar bunu ortadan kald\u0131r\u0131r\u201d dedi.<\/p>\n<p style=\"text-align: justify;\">Ba\u015fbakan Tayyip Erdo\u011fan, Afet <\/p>\n","protected":false},"author":1,"featured_media":0,"comment_status":"open","ping_status":"closed","sticky":false,"template":"","format":"standard","meta":{"footnotes":""},"categories":[105],"tags":[],"class_list":["post-14529","post","type-post","status-publish","format-standard","hentry","category-gundem","odd"],"_links":{"self":[{"href":"http:\/\/www.korhanyilmaz.com\/index.php?rest_route=\/wp\/v2\/posts\/14529","targetHints":{"allow":["GET"]}}],"collection":[{"href":"http:\/\/www.korhanyilmaz.com\/index.php?rest_route=\/wp\/v2\/posts"}],"about":[{"href":"http:\/\/www.korhanyilmaz.com\/index.php?rest_route=\/wp\/v2\/types\/post"}],"author":[{"embeddable":true,"href":"http:\/\/www.korhanyilmaz.com\/index.php?rest_route=\/wp\/v2\/users\/1"}],"replies":[{"embeddable":true,"href":"http:\/\/www.korhanyilmaz.com\/index.php?rest_route=%2Fwp%2Fv2%2Fcomments&post=14529"}],"version-history":[{"count":0,"href":"http:\/\/www.korhanyilmaz.com\/index.php?rest_route=\/wp\/v2\/posts\/14529\/revisions"}],"wp:attachment":[{"href":"http:\/\/www.korhanyilmaz.com\/index.php?rest_route=%2Fwp%2Fv2%2Fmedia&parent=14529"}],"wp:term":[{"taxonomy":"category","embeddable":true,"href":"http:\/\/www.korhanyilmaz.com\/index.php?rest_route=%2Fwp%2Fv2%2Fcategories&post=14529"},{"taxonomy":"post_tag","embeddable":true,"href":"http:\/\/www.korhanyilmaz.com\/index.php?rest_route=%2Fwp%2Fv2%2Ftags&post=14529"}],"curies":[{"name":"wp","href":"https:\/\/api.w.org\/{rel}","templated":true}]}}