{"id":14525,"date":"2009-09-09T19:49:42","date_gmt":"2009-09-09T17:49:42","guid":{"rendered":"http:\/\/www.korhanyilmaz.com\/?p=14525"},"modified":"2009-09-09T19:49:42","modified_gmt":"2009-09-09T17:49:42","slug":"ergenekon%e2%80%99a-selam-gonderdi","status":"publish","type":"post","link":"http:\/\/www.korhanyilmaz.com\/?p=14525","title":{"rendered":"Ergenekon\u2019a selam g\u00f6nderdi"},"content":{"rendered":"<p style=\"text-align: center;\"><a href=\"http:\/\/www.korhanyilmaz.com\/wp-content\/uploads\/2009\/09\/baykal5.jpg\"  class=\"lightview\"><img loading=\"lazy\" decoding=\"async\" class=\"size-full wp-image-14526 aligncenter\" src=\"http:\/\/www.korhanyilmaz.com\/wp-content\/uploads\/2009\/09\/baykal5.jpg\" alt=\"\" width=\"320\" height=\"100\" \/><\/a><\/p>\n<p style=\"text-align: justify;\">Baykal, CHP&#8217;nin kurulu\u015funun 86. y\u0131ld\u00f6n\u00fcm\u00fc nedeniyle d\u00fczenlenen panelde Ergenekon davas\u0131n\u0131n san\u0131klar\u0131na destek verdi.<\/p>\n<p style=\"text-align: justify;\">CHP lideri Deniz Baykal, partisinin 86. kurulu\u015f y\u0131ld\u00f6n\u00fcm\u00fc etkinlikleri \u00e7er\u00e7evesinde d\u00fcn genel merkezde d\u00fczenlenen \u201cYarg\u0131 Ba\u011f\u0131ms\u0131zl\u0131\u011f\u0131 ve Demokrasi Paneli\u201dnin a\u00e7\u0131l\u0131\u015f\u0131nda konu\u015ftu. Baykal, \u015f\u00f6yle dedi:<\/p>\n<p style=\"text-align: justify;\"><strong><em>CHP Garantisi<\/em><\/strong><\/p>\n<p style=\"text-align: justify;\">Cumhuriyeti ortadan kald\u0131r\u0131rsan\u0131z demokrasiyi ya\u015fatamazs\u0131n\u0131z. Cumhuriyeti azaltarak demokrasi \u00e7o\u011faltamazs\u0131n\u0131z. Cumhuriyet ile demokrasi aras\u0131nda \u00e7eli\u015fki yok. T\u00fcrkiye\u2019de Cumhuriyet ve demokrasinin karde\u015fli\u011fini, bar\u0131\u015f\u0131n\u0131, birbirini olumlu etkileyen y\u00f6nlerini ortaya koymak, Cumhuriyet ve demokrasiyi kayna\u015ft\u0131rmak \u00f6n\u00fcm\u00fczdeki en temel g\u00f6revlerden biri olarak ortaya \u00e7\u0131k\u0131yor. <!--more-->Biz CHP olarak bunun fark\u0131nday\u0131z. Cumhuriyeti ve demokrasiyi sahiplenece\u011fiz. \u0130stikran\u0131n temel unsurlar\u0131ndan biri etnik ayr\u0131mlar\u0131 devletin temel ilgi anlay\u0131\u015f\u0131 d\u0131\u015f\u0131nda tutan; herkesin etnik k\u00f6keni ne olursa olsun vatanda\u015f olarak e\u015fit ve sayg\u0131n bir konum sa\u011flayan anlay\u0131\u015ft\u0131r. Ancak buna y\u00f6nelik tehditleri g\u00f6r\u00fcyoruz. Bunlar kar\u015f\u0131s\u0131nda hepimiz bunlar\u0131 ba\u015far\u0131s\u0131z b\u0131rakaca\u011f\u0131z. Bu \u00e7aba i\u00e7erisine girenlerin siyasal emellerine ula\u015fmamas\u0131 icin CHP garantisidir.<\/p>\n<p style=\"text-align: justify;\"><strong><em>Silivri&#8217;ye Selam G\u00f6nderdi<\/em><\/strong><\/p>\n<p style=\"text-align: justify;\">\u015eimdi yeni bir gelece\u011fe do\u011fru y\u00f6nelme anlay\u0131\u015f\u0131 i\u00e7indeyiz. Bu duygular i\u00e7inde, bu ba\u011flant\u0131lar\u0131 bilerek, o ac\u0131lar\u0131 ya\u015fam\u0131\u015f olanlara derin bir sayg\u0131 duyarak, T\u00fcrkiye\u2019yi aya\u011fa kald\u0131rmak i\u00e7in emek vermi\u015f herkesi y\u00fcre\u011fimizden sayg\u0131 ve sevgi ile selamlayarak bug\u00fcnlere geldik. Bundan sonra da o duygular i\u00e7inde daha ileriye do\u011fru y\u00fcr\u00fcyece\u011fiz. \u00d6denmesi gereken bedeli \u00f6deyece\u011fiz. \u015eimdi Ergenekon\u2019dan bu toplumun, bu cumhuriyetin, bu devletin ba\u011f\u0131ms\u0131zl\u0131\u011f\u0131, Atat\u00fcrk ilkeleri i\u00e7in m\u00fccadele edip de \u0131zd\u0131rap \u00e7ekmekte olan insanlara da selam olsun. Onlar\u0131n m\u00fccadeleleri de bo\u015funa de\u011fildir. Onlar da T\u00fcrkiye\u2019de her ku\u015fa\u011f\u0131n bedelini \u00f6demek zorunda kald\u0131klar\u0131 bedeli \u00f6d\u00fcyorlar.<\/p>\n<p style=\"text-align: justify;\"><strong><em>\u201cS\u00f6z\u00fc \u2018Kurucu Genel Ba\u015fkan\u0131ma\u2019 b\u0131rak\u0131yorum\u201d <\/em><\/strong><\/p>\n<p style=\"text-align: justify;\">CHP lideri Baykal, konu\u015fmas\u0131n\u0131 tamamlarken, \u201csize bir s\u00fcprizim var\u201d diyerek, Atat\u00fcrk\u2019\u00fcn 1935 tarihli CHP kurultay\u0131n\u0131n a\u00e7\u0131l\u0131\u015f\u0131nda yapt\u0131\u011f\u0131 konu\u015fmay\u0131 konuklara dinlettirece\u011fini s\u00f6yledi. K\u00fcrs\u00fcden, \u201cS\u00f6z\u00fc b\u00fcy\u00fc\u011f\u00fcm, Kurucu Genel Ba\u015fkan\u0131ma b\u0131rak\u0131yorum\u201d diyerek inen Baykal, 10.y\u0131l Mar\u015f\u0131 e\u015fli\u011finde alk\u0131\u015flar aras\u0131nda yerine ge\u00e7ti.<\/p>\n<p style=\"text-align: justify;\"><strong><em>\u2018Gizli oturumda yol arkada\u015f\u0131 olmay\u0131z\u2019 <\/em><\/strong><\/p>\n<p style=\"text-align: justify;\">Ba\u015fbakan\u2019a \u00e7a\u011fr\u0131: Kimden gizlenecek oturum? PKK\u2019dan m\u0131, \u0130mral\u0131\u2019dan m\u0131, Kandil\u2019den mi? Milletten gizlenecek. Milleti nas\u0131l aldatacaks\u0131n? Bilgi verme i\u015fini y\u00f6nlendirerek. Gizli oturum yapacakm\u0131\u015f. Milletten gizli oturum olmaz, millete tuzak kurulmas\u0131na izin vermeyiz. Ba\u015fbakan, \u2019T\u00fcrkiye tehlikeli bir istikamete girmi\u015ftir.\u2019 Ter\u00f6r art\u0131k siyasalla\u015fm\u0131\u015ft\u0131r. Ter\u00f6r bir m\u00fccadele hedefi olmaktan \u00e7\u0131k\u0131p, m\u00fczakere hedefi olmu\u015ftur. Orada g\u00f6rev yapanlar canlar\u0131 pahas\u0131na m\u00fccadele edecekler, \u00f6te yandan h\u00fck\u00fcmet ter\u00f6r\u00fc ger\u00e7ekle\u015ftirenlerle uzla\u015fma yapacak gizli kapakl\u0131 olacak bu da. B\u00f6yle bir maskaral\u0131k olmaz. Bu gidi\u015fata hi\u00e7bir \u015fekilde bula\u015fmayaca\u011f\u0131z. T\u00fcrkiye\u2019ye zarar veren yolculu\u011funda hi\u00e7bir zaman ba\u015fbakan\u0131n yol arkada\u015f\u0131 olmayaca\u011f\u0131z. CHP\u2019nin bu kar\u0131\u015f\u0131k s\u00fcrece bula\u015ft\u0131r\u0131lmas\u0131na izin vermeyece\u011fiz. Ba\u015fbakan bu s\u00fcreci bir an \u00f6nce de\u011ferlendirip yanl\u0131\u015flar\u0131 g\u00f6rmeli s\u00fcrece son vermelidir. \u0130mkanla yollar \u00e7ok, vas\u0131talar \u00e7ok. Gizli oturumu \u00e7ok yanl\u0131\u015f buluyoruz. B\u00f6yle bir \u00e7al\u0131\u015fman\u0131 par\u00e7as\u0131 olmam\u0131z s\u00f6z konusu olamaz.<\/p>\n<p style=\"text-align: justify;\">Reddetmekten \u00fcz\u00fcnt\u00fc duyar\u0131m: (Talep olmas\u0131 durumunda Ba\u015fbakan\u2019a randevu verecek misiniz? sorusu \u00fczerine) Ba\u015fbakan\u2019\u0131n m\u00fcracaat\u0131n\u0131 reddetmekten \u00fcz\u00fcnt\u00fc duyar\u0131m. Uygun de\u011fildir bunu biliyorum. Ama biz bu bu s\u00fcrecin hi\u00e7bir \u015fekilde par\u00e7as\u0131 olmay\u0131z. Ben, senin kafanda hangi tilkiler dola\u015f\u0131yor bunu dahi bilmeden, seninle nas\u0131l konu\u015faca\u011f\u0131m.<\/p>\n<p style=\"text-align: justify;\"><span style=\"color: #888888;\">Kaynak : Vatan<\/span><\/p>\n","protected":false},"excerpt":{"rendered":"<p style=\"text-align: center;\">\n<p style=\"text-align: justify;\">Baykal, CHP&#8217;nin kurulu\u015funun 86. y\u0131ld\u00f6n\u00fcm\u00fc nedeniyle d\u00fczenlenen panelde Ergenekon davas\u0131n\u0131n san\u0131klar\u0131na destek verdi.<\/p>\n<p style=\"text-align: justify;\">CHP lideri Deniz Baykal, partisinin 86. kurulu\u015f y\u0131ld\u00f6n\u00fcm\u00fc etkinlikleri \u00e7er\u00e7evesinde d\u00fcn genel merkezde d\u00fczenlenen \u201cYarg\u0131 Ba\u011f\u0131ms\u0131zl\u0131\u011f\u0131 ve Demokrasi Paneli\u201dnin a\u00e7\u0131l\u0131\u015f\u0131nda konu\u015ftu. Baykal, \u015f\u00f6yle dedi:<\/p>\n<p style=\"text-align: justify;\">CHP Garantisi<\/p>\n<p style=\"text-align: justify;\">Cumhuriyeti ortadan kald\u0131r\u0131rsan\u0131z demokrasiyi ya\u015fatamazs\u0131n\u0131z. <\/p>\n","protected":false},"author":1,"featured_media":0,"comment_status":"open","ping_status":"closed","sticky":false,"template":"","format":"standard","meta":{"footnotes":""},"categories":[105],"tags":[],"class_list":["post-14525","post","type-post","status-publish","format-standard","hentry","category-gundem","odd"],"_links":{"self":[{"href":"http:\/\/www.korhanyilmaz.com\/index.php?rest_route=\/wp\/v2\/posts\/14525","targetHints":{"allow":["GET"]}}],"collection":[{"href":"http:\/\/www.korhanyilmaz.com\/index.php?rest_route=\/wp\/v2\/posts"}],"about":[{"href":"http:\/\/www.korhanyilmaz.com\/index.php?rest_route=\/wp\/v2\/types\/post"}],"author":[{"embeddable":true,"href":"http:\/\/www.korhanyilmaz.com\/index.php?rest_route=\/wp\/v2\/users\/1"}],"replies":[{"embeddable":true,"href":"http:\/\/www.korhanyilmaz.com\/index.php?rest_route=%2Fwp%2Fv2%2Fcomments&post=14525"}],"version-history":[{"count":0,"href":"http:\/\/www.korhanyilmaz.com\/index.php?rest_route=\/wp\/v2\/posts\/14525\/revisions"}],"wp:attachment":[{"href":"http:\/\/www.korhanyilmaz.com\/index.php?rest_route=%2Fwp%2Fv2%2Fmedia&parent=14525"}],"wp:term":[{"taxonomy":"category","embeddable":true,"href":"http:\/\/www.korhanyilmaz.com\/index.php?rest_route=%2Fwp%2Fv2%2Fcategories&post=14525"},{"taxonomy":"post_tag","embeddable":true,"href":"http:\/\/www.korhanyilmaz.com\/index.php?rest_route=%2Fwp%2Fv2%2Ftags&post=14525"}],"curies":[{"name":"wp","href":"https:\/\/api.w.org\/{rel}","templated":true}]}}