{"id":14504,"date":"2009-09-09T23:18:15","date_gmt":"2009-09-09T20:18:15","guid":{"rendered":"http:\/\/www.korhanyilmaz.com\/?p=14504"},"modified":"2009-09-09T23:18:15","modified_gmt":"2009-09-09T20:18:15","slug":"baykaldan-hukumete-yandas-yargi-cikisi","status":"publish","type":"post","link":"http:\/\/www.korhanyilmaz.com\/?p=14504","title":{"rendered":"Baykal&#039;dan h\u00fck\u00fcmete &quot;yanda\u015f yarg\u0131&quot; \u00e7\u0131k\u0131\u015f\u0131"},"content":{"rendered":"<p><a href=\"http:\/\/www.korhanyilmaz.com\/wp-content\/uploads\/2009\/09\/baykal4.jpg\"  class=\"lightview\"><img loading=\"lazy\" decoding=\"async\" class=\"aligncenter size-full wp-image-14505\" src=\"http:\/\/www.korhanyilmaz.com\/wp-content\/uploads\/2009\/09\/baykal4.jpg\" alt=\"\" width=\"292\" height=\"203\" \/><\/a><\/p>\n<p style=\"text-align: justify;\">Yarg\u0131tay Ba\u015fkan\u0131 Hasan Ger\u00e7eker&#8217;in ard\u0131ndan CHP lideri Deniz Baykal da h\u00fck\u00fcmetin Hakimler Savc\u0131lar Y\u00fcksek Kurulu&#8217;nun (HSYK) yap\u0131s\u0131n\u0131 de\u011fi\u015ftirme giri\u015fimini &#8220;yanda\u015f yarg\u0131 yaratma \u00e7abas\u0131&#8221; olarak niteledi.<\/p>\n<p style=\"text-align: justify;\">Deniz Baykal CHP&#8217;nin 86. kurulu\u015f y\u0131ld\u00f6n\u00fcm\u00fc nedeniyle d\u00fczenlenen &#8220;Yarg\u0131 Ba\u011f\u0131ms\u0131zl\u0131\u011f\u0131 ve Demokrasi&#8221; konulu panelin kapan\u0131\u015f konu\u015fmas\u0131n\u0131 yapt\u0131.<\/p>\n<p style=\"text-align: justify;\">Baykal&#8217;\u0131n g\u00fcndeminde h\u00fck\u00fcmetin haz\u0131rl\u0131klar\u0131n\u0131 y\u00fcr\u00fctt\u00fc\u011f\u00fc yarg\u0131 reformu tasla\u011f\u0131 vard\u0131. <!--more--><\/p>\n<p style=\"text-align: justify;\">Baykal HSYK ve Anayasa Mahkemesi gibi yarg\u0131 kurumlar\u0131n\u0131n \u00fcylerinin h\u00fck\u00fcmet ve Meclis taraf\u0131ndan belirlenmesinin yarg\u0131da siyasi manip\u00fclasyonlara yol a\u00e7aca\u011f\u0131n\u0131 s\u00f6yledi, &#8220;Bu bir reform de\u011fil kar\u015f\u0131 reformdur&#8221; dedi.<\/p>\n<p style=\"text-align: justify;\">Ba\u015fbakan Recep Tayyip Erdo\u011fan ve AK Partili baz\u0131 milletvekilleri hakk\u0131ndaki fezlekelere dikkat \u00e7eken Baykal, milletvekili dokunulmazl\u0131\u011f\u0131n\u0131n kald\u0131r\u0131lmad\u0131\u011f\u0131na vurgu yapt\u0131.<\/p>\n<p style=\"text-align: justify;\">Baykal, &#8220;B\u00f6yle bir ortamda yarg\u0131y\u0131, b\u00f6yle ki\u015filere emanet etmek kediye ci\u011feri emanet etmekten farks\u0131zd\u0131r&#8221; dedi.<\/p>\n<p style=\"text-align: justify;\"><span style=\"color: #888888;\">CNN T\u00dcRK<\/span><\/p>\n","protected":false},"excerpt":{"rendered":"<\/p>\n<p style=\"text-align: justify;\">Yarg\u0131tay Ba\u015fkan\u0131 Hasan Ger\u00e7eker&#8217;in ard\u0131ndan CHP lideri Deniz Baykal da h\u00fck\u00fcmetin Hakimler Savc\u0131lar Y\u00fcksek Kurulu&#8217;nun (HSYK) yap\u0131s\u0131n\u0131 de\u011fi\u015ftirme giri\u015fimini &#8220;yanda\u015f yarg\u0131 yaratma \u00e7abas\u0131&#8221; olarak niteledi.<\/p>\n<p style=\"text-align: justify;\">Deniz Baykal CHP&#8217;nin 86. kurulu\u015f y\u0131ld\u00f6n\u00fcm\u00fc nedeniyle d\u00fczenlenen &#8220;Yarg\u0131 Ba\u011f\u0131ms\u0131zl\u0131\u011f\u0131 ve Demokrasi&#8221; konulu panelin kapan\u0131\u015f konu\u015fmas\u0131n\u0131 yapt\u0131.<\/p>\n<p style=\"text-align: justify;\">Baykal&#8217;\u0131n g\u00fcndeminde h\u00fck\u00fcmetin haz\u0131rl\u0131klar\u0131n\u0131 y\u00fcr\u00fctt\u00fc\u011f\u00fc yarg\u0131 <\/p>\n","protected":false},"author":1,"featured_media":0,"comment_status":"open","ping_status":"closed","sticky":false,"template":"","format":"standard","meta":{"footnotes":""},"categories":[105],"tags":[],"class_list":["post-14504","post","type-post","status-publish","format-standard","hentry","category-gundem","odd"],"_links":{"self":[{"href":"http:\/\/www.korhanyilmaz.com\/index.php?rest_route=\/wp\/v2\/posts\/14504","targetHints":{"allow":["GET"]}}],"collection":[{"href":"http:\/\/www.korhanyilmaz.com\/index.php?rest_route=\/wp\/v2\/posts"}],"about":[{"href":"http:\/\/www.korhanyilmaz.com\/index.php?rest_route=\/wp\/v2\/types\/post"}],"author":[{"embeddable":true,"href":"http:\/\/www.korhanyilmaz.com\/index.php?rest_route=\/wp\/v2\/users\/1"}],"replies":[{"embeddable":true,"href":"http:\/\/www.korhanyilmaz.com\/index.php?rest_route=%2Fwp%2Fv2%2Fcomments&post=14504"}],"version-history":[{"count":0,"href":"http:\/\/www.korhanyilmaz.com\/index.php?rest_route=\/wp\/v2\/posts\/14504\/revisions"}],"wp:attachment":[{"href":"http:\/\/www.korhanyilmaz.com\/index.php?rest_route=%2Fwp%2Fv2%2Fmedia&parent=14504"}],"wp:term":[{"taxonomy":"category","embeddable":true,"href":"http:\/\/www.korhanyilmaz.com\/index.php?rest_route=%2Fwp%2Fv2%2Fcategories&post=14504"},{"taxonomy":"post_tag","embeddable":true,"href":"http:\/\/www.korhanyilmaz.com\/index.php?rest_route=%2Fwp%2Fv2%2Ftags&post=14504"}],"curies":[{"name":"wp","href":"https:\/\/api.w.org\/{rel}","templated":true}]}}