{"id":14498,"date":"2009-09-09T15:11:28","date_gmt":"2009-09-09T12:11:28","guid":{"rendered":"http:\/\/www.korhanyilmaz.com\/?p=14498"},"modified":"2009-09-09T15:11:28","modified_gmt":"2009-09-09T12:11:28","slug":"istanbul-afet-yeri","status":"publish","type":"post","link":"http:\/\/www.korhanyilmaz.com\/?p=14498","title":{"rendered":"\u0130stanbul afet yeri!"},"content":{"rendered":"<p><a href=\"http:\/\/www.korhanyilmaz.com\/wp-content\/uploads\/2009\/09\/SEL01.jpg\"  class=\"lightview\"><img loading=\"lazy\" decoding=\"async\" class=\"aligncenter size-full wp-image-14499\" src=\"http:\/\/www.korhanyilmaz.com\/wp-content\/uploads\/2009\/09\/SEL01.jpg\" alt=\"\" width=\"348\" height=\"180\" \/><\/a><\/p>\n<p style=\"text-align: justify;\">\u0130stanbul son y\u0131llar\u0131n en b\u00fcy\u00fck afetini ya\u015f\u0131yor. Geceyar\u0131s\u0131 ba\u015flayan \u015fiddetli ya\u011f\u0131\u015f nedeniyle kentin en i\u015flek otoyollar\u0131ndan \u0130kitelli Bas\u0131n Ekspres Yolu tamamen kapand\u0131; g\u00f6le d\u00f6nd\u00fc; s\u00fcr\u00fcc\u00fcler ve yolcular ara\u00e7lar\u0131 \u00fczerinde kurtar\u0131lmay\u0131 bekliyor. \u0130stanbul Valisi Muammer G\u00fcler, 2 g\u00fcnd\u00fcr ya\u015fanan felakette 23 ki\u015finin \u00f6ld\u00fc\u011f\u00fcn\u00fc, 8 ki\u015finin kayboldu\u011funu a\u00e7\u0131klad\u0131. \u0130kitelli&#8217;de ise ya\u011fma ba\u015flad\u0131.<\/p>\n<p style=\"text-align: justify;\">Ba\u015fta \u0130kitelli Bas\u0131n Ekspres Yolu olmak \u00fczere, Arnavutk\u00f6y, Sultangazi, Ba\u011fc\u0131lar, Ey\u00fcp, Esenler, Bah\u00e7elievler, Ba\u015fak\u015fehir, B\u00fcy\u00fck\u00e7ekmece il\u00e7elerinde su bask\u0131nlar\u0131, sele neden oldu. Ayamama, Tavuk\u00e7u ve Papaz dereleri ta\u015ft\u0131.<\/p>\n<p style=\"text-align: justify;\">Son y\u0131llar\u0131n en b\u00fcy\u00fck ya\u011f\u0131\u015f\u0131n\u0131 alan b\u00f6lgeye, saatte metrekareye 181 kilogram ya\u011f\u0131\u015f d\u00fc\u015ft\u00fc. Bu, 4-5 ayda ya\u011facak ya\u011fmurun 1 g\u00fcnde ve k\u0131sa s\u00fcre i\u00e7inde ger\u00e7ekle\u015fmesi anlam\u0131na geliyor. <!--more--><\/p>\n<p style=\"text-align: justify;\"><strong><em>AYAMAMA DERES\u0130&#8217;NDE SON DURUM<\/em><\/strong><\/p>\n<p style=\"text-align: justify;\">Ayamama Deresi&#8217;nin debisini y\u00fckseltmesi nedeniyle dere \u00e7evresinde bulanan yerle\u015fim alanlar\u0131n\u0131 su basma tehlikesi ile kar\u015f\u0131 kar\u015f\u0131ya. TEM ba\u011flant\u0131 yolu paralelinde ilerleyen Ayamama Deresi, E-5 kara yolunun alt\u0131ndan ge\u00e7erek CNR Fuar alan\u0131, WOW \u0130stanbul Otel ve D\u00fcnya Ticaret Merkezi&#8217;nin bulundu\u011fu alanda sel tehlikesi olu\u015fturuyor. Fuar ve otel \u00e7al\u0131\u015fanlar\u0131, y\u00fckselen sular\u0131 s\u00fcrekli kontrol ederek, olas\u0131 bir bask\u0131na kar\u015f\u0131 \u00f6nlem almaya \u00e7al\u0131\u015f\u0131yor.<\/p>\n<p style=\"text-align: justify;\">E-5 yolunda ya\u011f\u0131\u015f nedeniyle kilitlenen trafikte yolcular uzun kuyruklar olu\u015ftururken, ambulanslar, itfaiye ara\u00e7lar\u0131 ve kurtar\u0131c\u0131lar yolda g\u00fc\u00e7l\u00fckle ilerliyor. Ayamama Deresi ve \u00e7evresinde helikopterlerin s\u00fcrekli u\u00e7arak durumu kontrol ettikleri g\u00f6zleniyor.<\/p>\n<p style=\"text-align: justify;\"><strong><em>BASIN EKSPRES YOLU&#8217;NDA SON DURUM <\/em><\/strong><\/p>\n<p style=\"text-align: justify;\">Yol \u015fu an tamamen kapal\u0131. \u0130stanbul Valisi Muammer G\u00fcler, Bas\u0131n Ekspres Yolu&#8217;nun yar\u0131n da kapanaca\u011f\u0131n\u0131 a\u00e7\u0131klad\u0131.<\/p>\n<p style=\"text-align: justify;\">Yer yer 2 metreyi bulan sel sular\u0131nda mahsur kalanlar ara\u00e7lar\u0131n\u0131n \u00fczerinde yard\u0131m bekliyor. \u015eu ana kadar ara\u00e7larda mahsur kalan 50 ki\u015fi kurtar\u0131ld\u0131.<\/p>\n<p style=\"text-align: justify;\">Baz\u0131 ara\u00e7lar ise sel sular\u0131na kap\u0131larak s\u00fcr\u00fcklendi.<\/p>\n<p style=\"text-align: justify;\">\u0130tfaiye ekipleri ve 4 askeri helikopter de kurtarma \u00e7al\u0131\u015fmalar\u0131na kat\u0131l\u0131yor.<\/p>\n<p style=\"text-align: justify;\">Ayamama ve Tavuk\u00e7u dereleri ya\u011f\u0131\u015f nedeniyle ta\u015ft\u0131; dere yak\u0131nlar\u0131ndaki bir bina y\u0131k\u0131ld\u0131.<\/p>\n<p style=\"text-align: justify;\">Vali Yard\u0131mc\u0131s\u0131 Hikmet \u00c7akmak da buradaki arama kurtarma \u00e7al\u0131\u015fmalar\u0131na 4 askeri helikopter ve 8 arama kurtarma botunun kat\u0131ld\u0131\u011f\u0131n\u0131, bot say\u0131s\u0131n\u0131n 1 saat i\u00e7inde 30&#8217;a \u00e7\u0131kar\u0131laca\u011f\u0131n\u0131 bildirdi.<\/p>\n<p style=\"text-align: justify;\">\u00c7akmak, &#8220;\u0130nsanlar\u0131n \u00e7aresizlik i\u00e7inde olduklar\u0131 g\u00f6r\u00fcl\u00fcyor. Ama bunlardan kendilerine ula\u015f\u0131l\u0131ncaya kadar kendi g\u00fcvenliklerini sa\u011flamaya gayret etmelerini istiyoruz. Biz de Afet Koordinasyon Merkezi&#8217;nde ekipleri y\u00f6nlendirme \u00e7al\u0131\u015fmalar\u0131m\u0131z\u0131 ald\u0131\u011f\u0131m\u0131z bilgiler do\u011frultusunda s\u00fcrd\u00fcr\u00fcyoruz&#8221; dedi.<\/p>\n<p style=\"text-align: justify;\"><strong><em>HALKALI&#8217;DA SON DURUM<\/em><\/strong><\/p>\n<p style=\"text-align: justify;\">Servis minib\u00fcs\u00fcnden inerken sel sular\u0131na kap\u0131lan 7 kad\u0131n hayat\u0131n\u0131 kaybetti. \u0130kitelli-Halkal\u0131 sapa\u011f\u0131nda, tekstil at\u00f6lyesi \u00e7al\u0131\u015fanlar\u0131n\u0131 ta\u015f\u0131yan bir minib\u00fcs, sel sular\u0131 aras\u0131nda mahsur kald\u0131. Servis minib\u00fcs\u00fc yolcusu 10 kad\u0131n, ara\u00e7tan inmeye \u00e7al\u0131\u015f\u0131rken sel sular\u0131na kap\u0131ld\u0131. Sel sular\u0131na kap\u0131lan kad\u0131nlardan 3&#8217;\u00fc ekiplerce kurtar\u0131ld\u0131, di\u011ferleri sele kap\u0131larak kayboldu. Daha sonra 7 kad\u0131n\u0131n cesedine ula\u015f\u0131ld\u0131 ve Bak\u0131rk\u00f6y Cumhuriyet Savc\u0131s\u0131 taraf\u0131ndan incelemeye al\u0131nd\u0131.<\/p>\n<p style=\"text-align: justify;\"><strong><em>\u0130K\u0130TELL\u0130 TIR GARAJI&#8217;NDA SON DURUM<\/em><\/strong><\/p>\n<p style=\"text-align: justify;\">\u0130kitelli TIR garaj\u0131nda 4 ki\u015finin cesedi bulundu.  Sel sular\u0131n\u0131n s\u00fcr\u00fckledi\u011fi TIR i\u00e7erisinde s\u0131k\u0131\u015farak hayat\u0131n\u0131 yitiren s\u00fcr\u00fcc\u00fcn\u00fcn cesedi bulundu\u011fu yerden \u00e7\u0131kar\u0131ld\u0131;  ki\u015finin daha cesedi bulundu. Bulunan cesetler garaj\u0131n giri\u015findeki \u015fantiyeye getirildi. \u015eof\u00f6rlerin ara\u00e7lar\u0131nda uyumakta oldu\u011fu belirtildi.<\/p>\n<p style=\"text-align: justify;\">Mahsur kalan vatanda\u015flar helikopterlerle kurtar\u0131lmaya devam ediyor.<\/p>\n<p style=\"text-align: justify;\"><em><strong>E-5 KARAYOLUNDA SON DURUM<\/strong><\/em><\/p>\n<p style=\"text-align: justify;\">Trakya b\u00f6lgesinde etkili olan sa\u011fanak ya\u011f\u0131\u015f nedeniyle Silivri Ortak\u00f6y Selimpa\u015fa ve Kavakl\u0131 K\u00f6y\u00fc derelerinin ta\u015fmas\u0131 sonucu bu b\u00f6lgede kapanan E-5 Karayolu hen\u00fcz trafi\u011fe a\u00e7\u0131lamad\u0131. Yo\u011fun ya\u011f\u0131\u015f nedeniyle ta\u015fan derelerden az miktarda da olsa yerle\u015fim yerlerine halen su ak\u0131nt\u0131s\u0131n\u0131n devam etti\u011fi, tahliye \u00e7al\u0131\u015fmalar\u0131n\u0131n ba\u015flat\u0131lmas\u0131 i\u00e7in de su ak\u0131nt\u0131s\u0131n\u0131n azalmas\u0131n\u0131n beklendi\u011fi bildirildi.<\/p>\n<p style=\"text-align: justify;\">Yolun trafi\u011fe a\u00e7\u0131lamamas\u0131 nedeniyle tahliye \u00e7al\u0131\u015fmalar\u0131 yap\u0131lamad\u0131\u011f\u0131 i\u00e7in insanlar\u0131n vin\u00e7lerle ta\u015f\u0131nd\u0131\u011f\u0131 b\u00f6lgede, en \u00e7ok hasar g\u00f6ren yerlerin ba\u015f\u0131nda Denizkent, Yal\u0131kent, Spor ve Erseven sitelerinin geldi\u011fi belirtildi. \u0130stanbul B\u00fcy\u00fck\u015fehir Belediyesi&#8217;ne ait i\u015f makinesi ve kep\u00e7elerin selin getirdi\u011fi a\u011fa\u00e7, ta\u015f gibi kal\u0131nt\u0131lar\u0131 da temizledi.<\/p>\n<p style=\"text-align: justify;\"><strong><em>\u0130STO\u00c7&#8217;TA SON DURUM <\/em><\/strong><\/p>\n<p style=\"text-align: justify;\">\u0130STO\u00c7 yanyolda bulunan bir TIR garaj\u0131ndaki ara\u00e7lar sele kap\u0131larak havaliman\u0131na gidi\u015f yolunu tamamen kapad\u0131. G\u00f6l haline gelen yolda baz\u0131 hususi ara\u00e7lar da sele kap\u0131ld\u0131.<\/p>\n<p style=\"text-align: justify;\"><strong><em>BA\u015eAK\u015eEH\u0130R&#8217;DE SON DURUM <\/em><\/strong><\/p>\n<p style=\"text-align: justify;\">Ba\u015fak\u015fehir&#8217;de yollarda biriken sel sular\u0131nda ara\u00e7lar\u0131yla mahsur kalan vatanda\u015falar itfaiye ekiplerince kurtar\u0131l\u0131yor.<\/p>\n<p style=\"text-align: justify;\">Ziya G\u00f6kalp Mahallesi&#8217;nde \u00e7ok say\u0131da ev ve i\u015f yerini su bast\u0131. Bankalar Caddesi \u00e7evresindeki sanayi sitelerinde ise gece su bask\u0131n\u0131na u\u011frayan i\u015f yerlerinde itfaiye ekiplerince sular\u0131 tahliye \u00e7al\u0131\u015fmas\u0131 ba\u015flat\u0131ld\u0131.<\/p>\n<p style=\"text-align: justify;\">Sabah saatlerinde ara\u00e7lar\u0131yla yola \u00e7\u0131kan vatanda\u015flar, Ba\u015fak\u015fehir ve \u0130kitelli&#8217;yi TEM otoyoluna ba\u011flayan yollarda biriken sel sular\u0131nda mahsur kald\u0131. Mahsur kalan vatanda\u015flar itfaiye ekipleri ve i\u015f makineleriyle kurtar\u0131lmaya \u00e7al\u0131\u015f\u0131l\u0131rken sel sular\u0131n\u0131n tahliye i\u015flemleri de s\u00fcr\u00fcyor. Bu arada, TEM otoyolu ve E-5 kara yolunda sel sular\u0131n\u0131n s\u00fcr\u00fckledi\u011fi ta\u015flar da trafikte aksamalara yol a\u00e7\u0131yor.<\/p>\n<p style=\"text-align: justify;\"><a href=\"http:\/\/www.korhanyilmaz.com\/wp-content\/uploads\/2009\/09\/SEL02.jpg\"  class=\"lightview\"><img loading=\"lazy\" decoding=\"async\" class=\"aligncenter size-full wp-image-14501\" style=\"margin-top: 20px; margin-bottom: 20px;\" src=\"http:\/\/www.korhanyilmaz.com\/wp-content\/uploads\/2009\/09\/SEL02.jpg\" alt=\"\" width=\"464\" height=\"240\" \/><\/a><strong><em>D\u0130\u011eER \u0130L\u00c7ELERDE DURUM<\/em><\/strong><\/p>\n<p style=\"text-align: justify;\">&#8211; Yeni Bosna&#8217;daki baz\u0131 fabrikalar\u0131 su bast\u0131. Fabrikalardaki baz\u0131 e\u015fyalar suyla birlikte \u00e7evreye yay\u0131ld\u0131.<\/p>\n<p style=\"text-align: justify;\">&#8211; Trakya b\u00f6lgesindeki cezaevlerinde kalan tutuklular Be\u015fikta\u015f&#8217;taki \u0130stanbul Adliyesine getirilemedi. Silivri Ceza ve \u0130nfaz Kurumlar\u0131 Yerle\u015fkesinde bulunan ve adliyede duru\u015fmas\u0131 olan tutuklular\u0131n Be\u015fikta\u015f&#8217;a getirilmesinde ise bir sorun ya\u015fanmad\u0131.<\/p>\n<p style=\"text-align: justify;\">&#8211; Bah\u00e7e\u015fehir Hamam Deresi civar\u0131nda da sel bask\u0131n\u0131 ya\u015fan\u0131yor.<\/p>\n<p style=\"text-align: justify;\">&#8211; Sultan\u00e7iftli\u011fi, Alibeyk\u00f6y, Sultangazi, \u0130kitelli, Ba\u011fc\u0131lar ve Had\u0131mk\u00f6y&#8217;de \u00e7ok say\u0131da ev ve i\u015fyerini su bast\u0131.<\/p>\n<p style=\"text-align: justify;\"><strong><em>HAVAL\u0130MANINDA DURUM <\/em><\/strong><\/p>\n<p style=\"text-align: justify;\">Devlet Hava Meydanlar\u0131 \u0130\u015fletmesi (DHM\u0130) Atat\u00fcrk Havaliman\u0131 Ba\u015fm\u00fcd\u00fcr\u00fc Celal \u00d6zu\u011fur, \u0130stanbul&#8217;daki yo\u011fun ya\u011f\u0131\u015f nedeniyle Atat\u00fcrk Havaliman\u0131&#8217;nda al\u0131nan \u00f6nlemlerin art\u0131r\u0131ld\u0131\u011f\u0131n\u0131, u\u00e7u\u015flarda herhangi bir aksakl\u0131k ya\u015fanmad\u0131\u011f\u0131n\u0131 ve her \u00fc\u00e7 pistin de a\u00e7\u0131k oldu\u011funu bildirdi.<\/p>\n<p style=\"text-align: justify;\"><strong><em>DEN\u0130Z ULA\u015eIMINDA DURUM <\/em><\/strong><\/p>\n<p style=\"text-align: justify;\">\u0130stanbul Deniz Otob\u00fcsleri&#8217;nin saat 09:45&#8217;te Bostanc\u0131 ve Yenikap\u0131&#8217;dan; Marmara ve Av\u015fa Adas\u0131&#8217;na yap\u0131lmas\u0131 gereken seferi hava \u015fartlar\u0131 nedeniyle iptal edildi.<\/p>\n<p style=\"text-align: justify;\"><span style=\"color: #888888;\">CNN T\u00dcRK<\/span><\/p>\n","protected":false},"excerpt":{"rendered":"<\/p>\n<p style=\"text-align: justify;\">\u0130stanbul son y\u0131llar\u0131n en b\u00fcy\u00fck afetini ya\u015f\u0131yor. Geceyar\u0131s\u0131 ba\u015flayan \u015fiddetli ya\u011f\u0131\u015f nedeniyle kentin en i\u015flek otoyollar\u0131ndan \u0130kitelli Bas\u0131n Ekspres Yolu tamamen kapand\u0131; g\u00f6le d\u00f6nd\u00fc; s\u00fcr\u00fcc\u00fcler ve yolcular ara\u00e7lar\u0131 \u00fczerinde kurtar\u0131lmay\u0131 bekliyor. \u0130stanbul Valisi Muammer G\u00fcler, 2 g\u00fcnd\u00fcr ya\u015fanan felakette 23 ki\u015finin \u00f6ld\u00fc\u011f\u00fcn\u00fc, 8 ki\u015finin kayboldu\u011funu a\u00e7\u0131klad\u0131. \u0130kitelli&#8217;de ise ya\u011fma ba\u015flad\u0131.<\/p>\n<p style=\"text-align:  \n\n","protected":false},"author":1,"featured_media":0,"comment_status":"open","ping_status":"closed","sticky":false,"template":"","format":"standard","meta":{"footnotes":""},"categories":[105],"tags":[],"class_list":["post-14498","post","type-post","status-publish","format-standard","hentry","category-gundem","odd"],"_links":{"self":[{"href":"http:\/\/www.korhanyilmaz.com\/index.php?rest_route=\/wp\/v2\/posts\/14498","targetHints":{"allow":["GET"]}}],"collection":[{"href":"http:\/\/www.korhanyilmaz.com\/index.php?rest_route=\/wp\/v2\/posts"}],"about":[{"href":"http:\/\/www.korhanyilmaz.com\/index.php?rest_route=\/wp\/v2\/types\/post"}],"author":[{"embeddable":true,"href":"http:\/\/www.korhanyilmaz.com\/index.php?rest_route=\/wp\/v2\/users\/1"}],"replies":[{"embeddable":true,"href":"http:\/\/www.korhanyilmaz.com\/index.php?rest_route=%2Fwp%2Fv2%2Fcomments&post=14498"}],"version-history":[{"count":0,"href":"http:\/\/www.korhanyilmaz.com\/index.php?rest_route=\/wp\/v2\/posts\/14498\/revisions"}],"wp:attachment":[{"href":"http:\/\/www.korhanyilmaz.com\/index.php?rest_route=%2Fwp%2Fv2%2Fmedia&parent=14498"}],"wp:term":[{"taxonomy":"category","embeddable":true,"href":"http:\/\/www.korhanyilmaz.com\/index.php?rest_route=%2Fwp%2Fv2%2Fcategories&post=14498"},{"taxonomy":"post_tag","embeddable":true,"href":"http:\/\/www.korhanyilmaz.com\/index.php?rest_route=%2Fwp%2Fv2%2Ftags&post=14498"}],"curies":[{"name":"wp","href":"https:\/\/api.w.org\/{rel}","templated":true}]}}