{"id":14495,"date":"2009-09-09T15:38:16","date_gmt":"2009-09-09T12:38:16","guid":{"rendered":"http:\/\/www.korhanyilmaz.com\/?p=14495"},"modified":"2009-09-09T15:38:16","modified_gmt":"2009-09-09T12:38:16","slug":"sehit-haberlerine-mhp-tepkisi-pkknin-beli-kirilsin","status":"publish","type":"post","link":"http:\/\/www.korhanyilmaz.com\/?p=14495","title":{"rendered":"\u015eehit haberlerine MHP tepkisi: &#039;PKK&#039;n\u0131n beli k\u0131r\u0131ls\u0131n&#039;"},"content":{"rendered":"<p><a href=\"http:\/\/www.korhanyilmaz.com\/wp-content\/uploads\/2009\/09\/BAHCEL\u01302.jpg\"  class=\"lightview\"><img loading=\"lazy\" decoding=\"async\" class=\"aligncenter size-full wp-image-14496\" src=\"http:\/\/www.korhanyilmaz.com\/wp-content\/uploads\/2009\/09\/BAHCEL\u01302.jpg\" alt=\"\" width=\"292\" height=\"196\" \/><\/a><\/p>\n<p style=\"text-align: justify;\">MHP Genel Ba\u015fkan\u0131 Devlet Bah\u00e7eli, &#8220;Kanl\u0131 ter\u00f6r \u00f6rg\u00fct\u00fcn\u00fcn belini k\u0131rmadan ve ortadan kald\u0131rmadan yap\u0131lacak her s\u00f6zde a\u00e7\u0131l\u0131m ve giri\u015fim, \u015fiddetin g\u00f6lgesinde kalmaya ve ter\u00f6r ile yap\u0131lan pazarl\u0131\u011f\u0131n par\u00e7as\u0131 olmaya devam edecektir&#8221; dedi.<\/p>\n<p style=\"text-align: justify;\">Bah\u00e7eli, Siirt&#8217;in Eruh ve Hakkari&#8217;nin \u00c7ukurca il\u00e7elerinde ter\u00f6rist sald\u0131r\u0131larda 8 askerin \u015fehit olmas\u0131 ve baz\u0131 askerlerin yaralanmas\u0131 nedeniyle yay\u0131mlad\u0131\u011f\u0131 mesajda, olay\u0131n, T\u00fcrk milletini derinden \u00fczd\u00fc\u011f\u00fcn\u00fc ve yaralad\u0131\u011f\u0131n\u0131 belirtti.<\/p>\n<p style=\"text-align: justify;\">&#8220;Bu menfur olayla birlikte hainlere cesaret verenleri, kucak a\u00e7anlar\u0131, arkalar\u0131nda duranlar\u0131 ve muhatap olanlar\u0131 lanetledi\u011fini&#8221; ifade eden Bah\u00e7eli, &#8220;H\u00fck\u00fcmetin &#8216;y\u0131k\u0131m projesini&#8217; \u0131srarla s\u00fcrd\u00fcrmeye \u00e7al\u0131\u015f\u0131rken ger\u00e7ekle\u015fen bu olay, gidilen yanl\u0131\u015f yolu bir kez daha ortaya \u00e7\u0131karm\u0131\u015ft\u0131r. Arkas\u0131na saklan\u0131lan vicdan, duygu ve \u015fahadet istismar\u0131 bu ve benzer sald\u0131r\u0131larla ger\u00e7ek y\u00fcz\u00fcn\u00fc g\u00f6stermeye devam edecek, korkar\u0131z ki ter\u00f6rle pazarl\u0131\u011f\u0131n bilan\u00e7osu her alanda giderek a\u011f\u0131rla\u015facakt\u0131r&#8221; dedi. <!--more--><\/p>\n<p style=\"text-align: justify;\">Bah\u00e7eli, &#8220;Duygular\u0131n ve fikirlerin kar\u0131\u015ft\u0131r\u0131lmak istendi\u011fi bu s\u00fcre\u00e7 i\u00e7inde, h\u00fck\u00fcmet bir taraftan b\u00f6l\u00fcc\u00fcl\u00fc\u011fe kucak a\u00e7arken, \u00f6te yandan vatan evlatlar\u0131 b\u00f6l\u00fcc\u00fclerle amans\u0131z bir m\u00fccadele etmek gibi bir ikilemle kar\u015f\u0131 kar\u015f\u0131ya b\u0131rak\u0131lmaktad\u0131r. \u0130haneti \u015fehir \u015fartlar\u0131nda s\u00fcrd\u00fcrmek i\u00e7in teslim olan\u0131n ve siyasete girenin muteber hale geldi\u011fi, da\u011fda gezenin ter\u00f6rist bile ilan edilemedi\u011fi bu karanl\u0131k d\u00f6nemde, Ba\u015fbakan Erdo\u011fan&#8217;a ra\u011fmen, ter\u00f6rle m\u00fccadele azmini y\u00fcksek tutmak, art\u0131k ka\u00e7\u0131n\u0131lmaz bir zorunluluk ve m\u00fcstesna vatan g\u00f6revi haline gelmi\u015ftir&#8221; diye konu\u015ftu.<\/p>\n<p style=\"text-align: justify;\">Bu itibarla, bir sabotaj varsa, bu Ba\u015fbakan&#8217;\u0131n iddia etti\u011fi gibi ter\u00f6re teslim olan h\u00fck\u00fcmetin s\u00f6zde a\u00e7\u0131l\u0131m\u0131na de\u011fil, milletin esenli\u011fi i\u00e7in ter\u00f6rle m\u00fccadeleyi y\u0131llard\u0131r s\u00fcrd\u00fcren kahramanlar\u0131n azmine, inanc\u0131na ve fedakarl\u0131\u011f\u0131na y\u00f6neliktir. Kanl\u0131 ter\u00f6r \u00f6rg\u00fct\u00fcn\u00fcn belini k\u0131rmadan ve ortadan kald\u0131rmadan yap\u0131lacak her s\u00f6zde a\u00e7\u0131l\u0131m ve giri\u015fim, \u015fiddetin g\u00f6lgesinde kalmaya ve ter\u00f6r ile yap\u0131lan pazarl\u0131\u011f\u0131n par\u00e7as\u0131 olmaya devam edecektir&#8221; dedi.<\/p>\n<p style=\"text-align: justify;\">Bah\u00e7eli, i\u00e7inde bulunulan a\u011f\u0131r \u015fartlar\u0131n, T\u00fcrkiye&#8217;nin kararl\u0131 bir duru\u015f sergilemesini, pazarl\u0131kla ter\u00f6r\u00fcn \u00f6nlenemeyece\u011finin anla\u015f\u0131lmas\u0131n\u0131 ka\u00e7\u0131n\u0131lamayacak bir ger\u00e7ek haline getirdi\u011fini ifade ederek, &#8220;\u015eehitlere Allah&#8217;tan rahmet, kahraman silah arkada\u015flar\u0131na ve T\u00fcrk milletine sab\u0131r ve ba\u015fsa\u011fl\u0131\u011f\u0131, yaral\u0131lara da acil \u015fifalar dilerim&#8221; dedi.<\/p>\n<p style=\"text-align: justify;\"><span style=\"color: #888888;\">CNN T\u00dcRK<\/span><\/p>\n","protected":false},"excerpt":{"rendered":"<\/p>\n<p style=\"text-align: justify;\">MHP Genel Ba\u015fkan\u0131 Devlet Bah\u00e7eli, &#8220;Kanl\u0131 ter\u00f6r \u00f6rg\u00fct\u00fcn\u00fcn belini k\u0131rmadan ve ortadan kald\u0131rmadan yap\u0131lacak her s\u00f6zde a\u00e7\u0131l\u0131m ve giri\u015fim, \u015fiddetin g\u00f6lgesinde kalmaya ve ter\u00f6r ile yap\u0131lan pazarl\u0131\u011f\u0131n par\u00e7as\u0131 olmaya devam edecektir&#8221; dedi.<\/p>\n<p style=\"text-align: justify;\">Bah\u00e7eli, Siirt&#8217;in Eruh ve Hakkari&#8217;nin \u00c7ukurca il\u00e7elerinde ter\u00f6rist sald\u0131r\u0131larda 8 askerin \u015fehit olmas\u0131 ve baz\u0131 askerlerin yaralanmas\u0131 nedeniyle <\/p>\n","protected":false},"author":1,"featured_media":0,"comment_status":"open","ping_status":"closed","sticky":false,"template":"","format":"standard","meta":{"footnotes":""},"categories":[105],"tags":[],"class_list":["post-14495","post","type-post","status-publish","format-standard","hentry","category-gundem","odd"],"_links":{"self":[{"href":"http:\/\/www.korhanyilmaz.com\/index.php?rest_route=\/wp\/v2\/posts\/14495","targetHints":{"allow":["GET"]}}],"collection":[{"href":"http:\/\/www.korhanyilmaz.com\/index.php?rest_route=\/wp\/v2\/posts"}],"about":[{"href":"http:\/\/www.korhanyilmaz.com\/index.php?rest_route=\/wp\/v2\/types\/post"}],"author":[{"embeddable":true,"href":"http:\/\/www.korhanyilmaz.com\/index.php?rest_route=\/wp\/v2\/users\/1"}],"replies":[{"embeddable":true,"href":"http:\/\/www.korhanyilmaz.com\/index.php?rest_route=%2Fwp%2Fv2%2Fcomments&post=14495"}],"version-history":[{"count":0,"href":"http:\/\/www.korhanyilmaz.com\/index.php?rest_route=\/wp\/v2\/posts\/14495\/revisions"}],"wp:attachment":[{"href":"http:\/\/www.korhanyilmaz.com\/index.php?rest_route=%2Fwp%2Fv2%2Fmedia&parent=14495"}],"wp:term":[{"taxonomy":"category","embeddable":true,"href":"http:\/\/www.korhanyilmaz.com\/index.php?rest_route=%2Fwp%2Fv2%2Fcategories&post=14495"},{"taxonomy":"post_tag","embeddable":true,"href":"http:\/\/www.korhanyilmaz.com\/index.php?rest_route=%2Fwp%2Fv2%2Ftags&post=14495"}],"curies":[{"name":"wp","href":"https:\/\/api.w.org\/{rel}","templated":true}]}}