{"id":14492,"date":"2009-09-09T15:24:18","date_gmt":"2009-09-09T13:24:18","guid":{"rendered":"http:\/\/www.korhanyilmaz.com\/?p=14492"},"modified":"2009-09-09T15:24:18","modified_gmt":"2009-09-09T13:24:18","slug":"baykal-reddetmekten-uzulecegim-ama","status":"publish","type":"post","link":"http:\/\/www.korhanyilmaz.com\/?p=14492","title":{"rendered":"Baykal: &#039;Reddetmekten \u00fcz\u00fclece\u011fim ama&#8230;&#039;"},"content":{"rendered":"<p><a href=\"http:\/\/www.korhanyilmaz.com\/wp-content\/uploads\/2009\/09\/BAYKAL3.jpg\"  class=\"lightview\"><img loading=\"lazy\" decoding=\"async\" class=\"aligncenter size-full wp-image-14493\" src=\"http:\/\/www.korhanyilmaz.com\/wp-content\/uploads\/2009\/09\/BAYKAL3.jpg\" alt=\"\" width=\"292\" height=\"195\" \/><\/a><\/p>\n<p style=\"text-align: justify;\">CHP Genel Ba\u015fkan\u0131 Deniz Baykal, Ba\u015fbakan Recep Tayyip Erdo\u011fan&#8217;\u0131n randevu iste\u011fini reddetmekten \u00fcz\u00fcnt\u00fc duyaca\u011f\u0131n\u0131 belirterek, &#8220;Ba\u015fbakan&#8217;\u0131n ba\u015fvurusunu reddetmek uygun de\u011fildir, do\u011fru de\u011fildir bunu biliyorum ama biz bu s\u00fcrecin hi\u00e7bir \u015fekilde par\u00e7as\u0131 olmay\u0131z. Ben, senin kafanda hangi tilkiler dola\u015f\u0131yor bunu dahi bilmeden seninle nas\u0131l konu\u015faca\u011f\u0131m&#8221; dedi.<\/p>\n<p style=\"text-align: justify;\"><strong><em>K\u00fcrt A\u00e7\u0131l\u0131m\u0131 <\/em><\/strong><\/p>\n<p style=\"text-align: justify;\">Baykal, parti genel merkezinde d\u00fczenledi\u011fi bas\u0131n toplant\u0131s\u0131n\u0131n ard\u0131ndan sorular\u0131 yan\u0131tlad\u0131.<\/p>\n<p style=\"text-align: justify;\">Bir soru \u00fczerine, &#8220;demokratik a\u00e7\u0131l\u0131m&#8221; \u00e7al\u0131\u015fmalar\u0131yla ilgili TBMM&#8217;de gizli oturum yap\u0131lmas\u0131n\u0131 \u00e7ok yanl\u0131\u015f bulduklar\u0131n\u0131 ifade eden Baykal, &#8220;Milletten bu konular\u0131n saklanmas\u0131 do\u011fru de\u011fildir. B\u0131rak\u0131n milleti, partilerden sakl\u0131yor. PKK&#8217;n\u0131n ne d\u00fc\u015f\u00fcnd\u00fc\u011f\u00fcn\u00fc kendisi biliyor, milletten onu sakl\u0131yor. B\u00f6yle bir \u00e7al\u0131\u015fman\u0131n par\u00e7as\u0131 olmak s\u00f6z konusu olamaz&#8221; dedi. <!--more--><\/p>\n<p style=\"text-align: justify;\">Ba\u015fbakan Erdo\u011fan&#8217;\u0131n, Ramazan Bayram\u0131&#8217;ndan sonra kendisinden randevu isteyece\u011fini a\u00e7\u0131klad\u0131\u011f\u0131n\u0131n hat\u0131rlat\u0131lmas\u0131 \u00fczerine de Baykal, &#8220;Ba\u015fbakan&#8217;\u0131n m\u00fcracaat\u0131n\u0131 reddetmekten \u00fcz\u00fcnt\u00fc duyar\u0131m. B\u00f6yle bir \u015fey istemem. Ba\u015fbakan&#8217;\u0131n ba\u015fvurusunu reddetmek uygun de\u011fildir, do\u011fru de\u011fildir bunu biliyorum ama biz bu s\u00fcrecin hi\u00e7bir \u015fekilde par\u00e7as\u0131 olmay\u0131z. Bir randevu talebi de yok zaten. Randevu talebi ortaya \u00e7\u0131karsa sorunun cevab\u0131 ortaya \u00e7\u0131kar&#8221; diye konu\u015ftu.<\/p>\n<p style=\"text-align: justify;\">Baykal, &#8220;Ba\u015fbakan diyor ki &#8216;mutlaka CHP&#8217;yle g\u00f6r\u00fc\u015fece\u011fim, CHP&#8217;yle g\u00f6r\u00fc\u015fmeden olmaz&#8217;, peki sen, \u00d6calan&#8217;\u0131n ne istedi\u011fini milletten sakl\u0131yorsun, bizden sakl\u0131yorsun, ben, senin kafanda hangi tilkiler dola\u015f\u0131yor, hangi hesab\u0131n i\u00e7indesin, kiminle hangi pazarl\u0131\u011f\u0131 yapt\u0131n, senin muhatab\u0131n senden ne istedi, bunu dahi bilmeden seninle nas\u0131l konu\u015faca\u011f\u0131m?! Senin derdin, kendi kafandaki modele herkesi angaje etmek&#8221; ifadelerini kulland\u0131.<\/p>\n<p style=\"text-align: justify;\"><em><strong>&#8220;\u015eimdi nifak sokuldu&#8221;<\/strong><\/em><\/p>\n<p style=\"text-align: justify;\">Baykal, &#8220;Ba\u015fbakan Erdo\u011fan s\u0131k s\u0131k &#8216;Her t\u00fcrl\u00fc riski g\u00f6ze alaca\u011f\u0131m&#8217; ifadesini kullan\u0131yor. O risklerden biri de b\u00f6l\u00fcnme olabilir mi?&#8221; sorusuna da, &#8220;Ba\u015fbakan&#8217;\u0131n kendisi i\u00e7in alaca\u011f\u0131 riskler bizi ilgilendirmez. Ba\u015fbakan millet i\u00e7in risk al\u0131yor, buna hakk\u0131 yok. Milletin riske girmesine, milli birli\u011fin riske girmesine yol a\u00e7\u0131yor. Bundan da en b\u00fcy\u00fck zarar\u0131 g\u00f6recek olan, hayat\u0131n\u0131 g\u00fcvenceye alm\u0131\u015f olan milyonlarca K\u00fcrt k\u00f6kenli insand\u0131r. Milyonlarca K\u00fcrt k\u00f6kenli insan bu tart\u0131\u015fma oldu\u011fu zaman tedirginli\u011fe girmi\u015ftir&#8221; dedi.<\/p>\n<p style=\"text-align: justify;\">&#8220;Herkes rahats\u0131zlanmaya ba\u015flam\u0131\u015ft\u0131r. B\u00f6yle bir derdi yok T\u00fcrkiye&#8217;nin. K\u00fcrt k\u00f6kenli insanlar\u0131n ezici \u00e7o\u011funlu\u011funun da yok, K\u00fcrt k\u00f6kenli olmayan vatanda\u015flar\u0131m\u0131z\u0131n da b\u00f6yle bir sorunu yok. Karde\u015f\u00e7e ya\u015f\u0131yoruz, ya\u015famaya devam edece\u011fiz&#8221; diyen Baykal, &#8220;\u015eimdi nifak sokuldu, fitne sokuldu. Acaba elinde silah olan K\u00fcrt k\u00f6kenli insanlar\u0131n dayatt\u0131\u011f\u0131 istikamete mi gideyim, burada m\u0131 kalay\u0131m. Ne hakk\u0131n\u0131z var insanlar\u0131 bu ac\u0131ya s\u00fcr\u00fcklemeye, bu \u0131st\u0131rab\u0131 ya\u015fatmaya? Onlar\u0131 b\u00f6lmeye ne ihtiyac\u0131 var T\u00fcrkiye&#8217;nin? O insanlar \u00e7ok ciddi risk i\u00e7inde. Gencecik bir \u00e7ocuk \u00e7\u0131k\u0131yor diyor ki &#8216;Benim liderim Apo, sizin lideriniz Atat\u00fcrk&#8217;. Bu s\u00fcreci buraya getirdi. Bunlar televizyonda konu\u015fulur hale geldi&#8221; diye konu\u015ftu.<\/p>\n<p style=\"text-align: justify;\">CHP lideri, &#8220;Konu\u015fulan her s\u00f6z T\u00fcrkiye&#8217;yi \u00e7ok ciddi bir \u015fekilde sars\u0131yor, yaral\u0131yor. K\u00fcrt k\u00f6kenli insanlar\u0131 da yaral\u0131yor. O da kendini sorguluyor. &#8216;K\u00fcrt k\u00f6kenliyim. Ben Atat\u00fcrk&#8217;\u00fc liderim olarak kabul ediyorum. O mu do\u011fru, bu mu do\u011fru&#8217; diyor. Buna ihtiya\u00e7 var m\u0131? Kim a\u00e7t\u0131 bunlar\u0131? Ba\u015fbakan a\u00e7t\u0131 Ba\u015fbakan. Bu s\u00fcreci o a\u00e7t\u0131. \u00c7ok yanl\u0131\u015f, \u00e7ok tehlikeli. \u00c7\u0131k\u0131\u015f yolu, kimliklerimize sayg\u0131 talep ederek kayna\u015faca\u011f\u0131z. Kimliklerimizi bilerek, \u00f6zg\u00fcrce ya\u015fayarak hepimiz b\u00fct\u00fcnle\u015fece\u011fiz. Bu ac\u0131lar\u0131 ya\u015fayan bir s\u00fcr\u00fc kesim var T\u00fcrkiye&#8217;de&#8221; ifadelerini kulland\u0131.<\/p>\n<p style=\"text-align: justify;\"><strong><em>&#8220;Aleviler &#8216;bu milletin bir par\u00e7as\u0131y\u0131z&#8217; dediler&#8221;<\/em><\/strong><\/p>\n<p style=\"text-align: justify;\">Baykal ayr\u0131ca, &#8220;Alevilere y\u00f6nelik de bu laflar zaman zaman ortaya at\u0131l\u0131r. Ama ne oldu? B\u00f6lemediler. Aleviler \u00e7\u0131kt\u0131, dedi ki &#8216;Kesinlikle bunu reddediyoruz. Biz az\u0131nl\u0131k de\u011filiz, bu milletin bir par\u00e7as\u0131y\u0131z&#8217; dediler. Az m\u0131 ac\u0131 \u00e7ekti onlar? Hi\u00e7bir zaman kendilerini bu milli b\u00fct\u00fcnl\u00fc\u011f\u00fcn d\u0131\u015f\u0131nda alg\u0131lamad\u0131lar. K\u00fcrt k\u00f6kenli insanlar\u0131m\u0131z\u0131n ezici \u00e7o\u011funlu\u011fu da kendilerini b\u00fcy\u00fck milli birli\u011fin par\u00e7as\u0131 olarak d\u00fc\u015f\u00fcn\u00fcyorlar. Niye onlar\u0131n huzurunu bozuyorsun Say\u0131n Ba\u015fbakan? Niye onlar\u0131 bir etnik kimlik temelinde ayr\u0131\u015fma konusunda bask\u0131 alt\u0131na alan ad\u0131mlar at\u0131yorsun? \u00c7ok yaz\u0131k, \u00e7ok&#8230; Risk al\u0131yormu\u015f. Kendin i\u00e7in istedi\u011fin riski al ama milleti riske sokuyorsun. Milleti riske sokmas\u0131na izin vermemek laz\u0131md\u0131r. Bu konuda da g\u00f6rev hepimizin&#8221; dedi.<\/p>\n<p style=\"text-align: justify;\">Baykal, 1.5 ayl\u0131k s\u00fcre i\u00e7inde, \u00f6nce ya\u015fanan s\u00fcrecin isminde bir sorun ya\u015fand\u0131\u011f\u0131n\u0131, s\u00fcrecin &#8220;K\u00fcrt a\u00e7\u0131l\u0131m\u0131&#8221; diye ba\u015flad\u0131\u011f\u0131n\u0131, daha sonra &#8220;demokrasi a\u00e7\u0131l\u0131m\u0131&#8221;na d\u00f6n\u00fc\u015ft\u00fcr\u00fclmek istendi\u011fini, daha sonra da &#8220;milli birlik a\u00e7\u0131l\u0131m\u0131&#8221; olarak nitelendirildi\u011fini ifade etti.<\/p>\n<p style=\"text-align: justify;\">Baykal, &#8220;B\u00fct\u00fcn bu de\u011fi\u015fimler, iktidar\u0131n bu konudaki samimiyetsizli\u011fini, olay\u0131 kamufle etmek ihtiyac\u0131 i\u00e7inde aray\u0131\u015fa s\u00fcr\u00fcklendi\u011fini ortaya koyan tablodur. Sadece bu isim konusundaki teredd\u00fct dahi, bu s\u00fcrecin ciddiyetiyle ilgili \u00e7ok ciddi sorular\u0131 ortaya \u00e7\u0131karm\u0131\u015ft\u0131r. Bu ya\u015fanan s\u00fcre\u00e7, b\u00fct\u00fcn bu isimler bir yana, bu isimlendirmenin g\u00fcnl\u00fck siyasal hedefleri vard\u0131r, bu ya\u015fanan s\u00fcre\u00e7 asl\u0131nda bir m\u00fczakere s\u00fcrecidir. \u00d6nce herkesin bunu \u00e7ok iyi anlamas\u0131 laz\u0131m&#8221; diye konu\u015ftu.<\/p>\n<p style=\"text-align: justify;\">M\u00fczakere s\u00fcrecinin taraflar\u0131ndan birinin &#8220;silah\u0131, ter\u00f6r\u00fc kullanan ve ter\u00f6r\u00fc, silah\u0131 kullananlara destek veren, onlarla dayan\u0131\u015fma i\u00e7inde olan \u00e7evreler&#8221; oldu\u011funu ileri s\u00fcren Baykal, di\u011fer tarafta da AK Parti iktidar\u0131n\u0131n bulundu\u011funu \u00f6ne s\u00fcrd\u00fc.<\/p>\n<p style=\"text-align: justify;\">H\u00fck\u00fcmetin beklentisinin, &#8220;silahlar\u0131n b\u0131rak\u0131lmas\u0131, analar\u0131n g\u00f6zya\u015f\u0131n\u0131n dinmesi, T\u00fcrk bayra\u011f\u0131na sar\u0131lm\u0131\u015f tabutlar\u0131n k\u00f6ylere, kasabalara gelmesine son verilmesi&#8221; oldu\u011funun dile getirildi\u011fini anlatan Baykal, bu beklentilerin ger\u00e7ekle\u015fmesi i\u00e7in &#8220;elinde silah bulunduran, ter\u00f6re karar verebilen, uygulayabilen merkezlerle m\u00fczakere yap\u0131ld\u0131\u011f\u0131n\u0131&#8221; iddia etti.<\/p>\n<p style=\"text-align: justify;\">Bu merkezlerin ilk hedefinin &#8220;T\u00fcrk milletini ay\u0131rmak, milleti etnik temelde ayr\u0131\u015ft\u0131rmak&#8221;, daha sonraki hedeflerinin ise &#8220;devleti ayr\u0131\u015ft\u0131rmak&#8221; oldu\u011funu ileri s\u00fcren Baykal, &#8220;Onlar\u0131n hedefleri var. Diyorlar ki &#8216;Anayasa&#8217;daki milleti tarifi de\u011fi\u015fsin&#8217;. Bunu niye s\u00f6yl\u00fcyorlar, kimi rahats\u0131z ediyor bu? E\u011fer sizin ayr\u0131\u015fma niyetiniz yoksa, hepimizin Anayasa&#8217;da tarif edilen \u015fekliyle bir milletin par\u00e7as\u0131 oldu\u011fumuzun ifade edilmesi size niye rahats\u0131z ediyor? Sen kimsin, kimim s\u00f6zc\u00fcs\u00fcs\u00fcn sen?&#8221; diye sordu.<\/p>\n<p style=\"text-align: justify;\"><strong><em>&#8220;H\u00fck\u00fcmetin muhatap ald\u0131\u011f\u0131 unsurlar&#8230;&#8221;<\/em><\/strong><\/p>\n<p style=\"text-align: justify;\">Baykal, &#8220;H\u00fck\u00fcmetin muhatap ald\u0131\u011f\u0131 unsurlar\u0131 s\u00f6yl\u00fcyorum. T\u00fcrkiye&#8217;de K\u00fcrt k\u00f6kenli milyonlarca insan\u0131n s\u00f6zc\u00fcs\u00fc m\u00fcs\u00fcn? Onlar m\u0131 &#8216;T\u00fcrkiye&#8217;de bu millet tarifi kald\u0131r\u0131ls\u0131n, millet ayr\u0131\u015ft\u0131r\u0131ls\u0131n, etnik temelde, \u0131rk temelinde biz ayr\u0131 bir millet olarak kabul edilelim, bunu sa\u011flamak i\u00e7in silaha, ter\u00f6re, \u015fiddete ba\u015fvural\u0131m, kavga edelim&#8217; diyorlar. Var m\u0131 b\u00f6yle bir tablo? Yok. B\u00f6yle bir tablo yok ama T\u00fcrkiye&#8217;de birileri ve T\u00fcrkiye d\u0131\u015f\u0131nda birileri bu beraberli\u011fi sarsmak i\u00e7in b\u00fcy\u00fck gayret g\u00f6steriyorlar. Onlar\u0131n amac\u0131, T\u00fcrkiye&#8217;de ya\u015fayan insanlar\u0131n, K\u00fcrt k\u00f6kenli insanlar\u0131m\u0131z ba\u015fta olmak \u00fczere demokratik hak ve \u00f6zg\u00fcrl\u00fcklerini daha da geli\u015ftirmek, onlar\u0131n insan haklar\u0131n\u0131 b\u00fct\u00fcn di\u011fer vatanda\u015flar\u0131m\u0131zla birlikte daha ileri g\u00f6t\u00fcrmek, onlar\u0131 b\u00fct\u00fcn T\u00fcrkiye&#8217;de sayg\u0131n, etkin bir konuma ta\u015f\u0131mak de\u011fildir&#8221; dedi.<\/p>\n<p style=\"text-align: justify;\">&#8220;Onlar\u0131n amac\u0131, derdi K\u00fcrt k\u00f6kenli insanlar\u0131n, bireysel hak ve \u00f6zg\u00fcrl\u00fcklerinin daha ileri g\u00f6t\u00fcr\u00fclmesi de\u011fildir. Onlarla me\u015fgul de\u011filler&#8221; diyen Baykal, &#8220;Hatta o konuda belli bir tatmin d\u00fczeyine ula\u015fm\u0131\u015f olanlar onlar\u0131n hedefidir, onlar\u0131 rahats\u0131z etmektedir. \u00c7\u00fcnk\u00fc onlar uyum, kayna\u015fma istemiyorlar. Onlar ayr\u0131\u015fma istiyorlar. Tablo g\u00f6r\u00fclm\u00fc\u015ft\u00fcr. T\u00fcrkiye&#8217;de \u00f6n\u00fcm\u00fczdeki d\u00f6nemde gidece\u011fimiz yer art\u0131k insanlar\u0131m\u0131z\u0131n etnik kimli\u011fine sayg\u0131 g\u00f6sterilmesi, etnik kimliklerinin gere\u011fi olarak ana dillerini \u00f6\u011frenmeleri, konu\u015fmalar\u0131, ana dillerini \u00f6zg\u00fcrce kullanabilmeleri de\u011fildir. Art\u0131k bu a\u015f\u0131lm\u0131\u015ft\u0131r. Bu \u00e7ok b\u00fcy\u00fck \u00f6l\u00e7\u00fcde CHP&#8217;nin m\u00fccadelesiyle a\u015f\u0131lm\u0131\u015ft\u0131r&#8221; \u015feklinde konu\u015ftu.<\/p>\n<p style=\"text-align: justify;\"><strong><em>&#8220;\u0130ktidar tuza\u011fa d\u00fc\u015ft\u00fc&#8221;<\/em><\/strong><\/p>\n<p style=\"text-align: justify;\">Partisinin 20 y\u0131l \u00f6ncesinden bu konuda tutarl\u0131 bir m\u00fccadele verdi\u011fini, etnik kimliklerin farkl\u0131 olmas\u0131n\u0131n devlete tehdit olu\u015fturmad\u0131\u011f\u0131n\u0131 s\u00f6yledi\u011fini ifade eden Baykal, bunlar\u0131 dile getirdikleri i\u00e7in su\u00e7land\u0131klar\u0131n\u0131 ama \u015fimdi bunlar\u0131n a\u015f\u0131ld\u0131\u011f\u0131n\u0131, gelinen noktada b\u00fct\u00fcn T\u00fcrkiye&#8217;nin CHP&#8217;nin \u00f6nc\u00fcl\u00fc\u011f\u00fcn\u00fc yapt\u0131\u011f\u0131 bu m\u00fccadeleyi hakl\u0131 buldu\u011funu vurgulad\u0131.<\/p>\n<p style=\"text-align: justify;\">&#8220;Gelinen noktada ayr\u0131\u015fma \u015fu: Bu \u00f6zg\u00fcrce ya\u015fanan etnik kimli\u011fi kurumsalla\u015ft\u0131rarak, temellendirerek, hukuksal, anayasal temellere oturtarak, milleti par\u00e7alayarak, ayr\u0131 bir millet in\u015fas\u0131 i\u00e7in ve giderek o milletin \u00fczerine ayr\u0131 bir siyasi yap\u0131lanma in\u015fas\u0131 i\u00e7in bir \u00e7\u0131k\u0131\u015f noktas\u0131 olarak kullanal\u0131m m\u0131, kullanmayal\u0131m m\u0131? Soru budur&#8221; diye konu\u015fan Baykal, art\u0131k etnik kimli\u011fin gere\u011finin \u00f6zg\u00fcrce yerine getirilmesinin tart\u0131\u015f\u0131lmad\u0131\u011f\u0131n\u0131 s\u00f6yledi.<\/p>\n<p style=\"text-align: justify;\">Baykal, &#8220;O nedenle kimse bize \u00e7\u0131k\u0131p K\u00fcrt\u00e7e konu\u015fma \u015fovlar\u0131yla bunu anlatmaya kalkmas\u0131n, o geride kald\u0131. \u015eimdi mesele, etnik kimli\u011fi bir siyasal ayr\u0131\u015fmaya dayanak yapacak m\u0131y\u0131z, yapmayacak m\u0131y\u0131z? T\u00fcrkiye&#8217;nin \u00f6n\u00fcndeki soru budur. T\u00fcrkiye&#8217;de birileri bu etnik kimlik kabul\u00fcn\u00fc bir siyasi ve milli ayr\u0131\u015fma noktas\u0131na, anayasal, hukuksal ayr\u0131\u015fma noktas\u0131na \u00e7ekmek istiyor. Eline silah alanlar\u0131n amac\u0131 bu&#8221; dedi.<\/p>\n<p style=\"text-align: justify;\">&#8220;Eline silah alanlar\u0131n amac\u0131, hi\u00e7bir zaman insanlar\u0131n demokratik hak ve \u00f6zg\u00fcrl\u00fcklerini tan\u0131mak olmad\u0131. Onlar g\u00fcn\u00fc geldi en b\u00fcy\u00fck zulm\u00fc K\u00fcrt k\u00f6kenli insanlara kar\u015f\u0131 yapt\u0131lar. Ni\u00e7in? \u00c7\u00fcnk\u00fc ulusal kayna\u015fman\u0131n i\u00e7inde yer alan K\u00fcrt k\u00f6kenli insanlar onlar\u0131n hasm\u0131d\u0131r. Onu bozmak istiyorlar&#8221; diyen Baykal, &#8220;Bu, PKK&#8217;n\u0131n hedefidir. PKK&#8217;ya bu hedefi verenler de \u00e7o\u011fu kere yurt d\u0131\u015f\u0131ndaki merkezlerdir. Onlar\u0131n hedefi de Orta Do\u011fu co\u011frafyas\u0131n\u0131 yeniden \u015fekillendirmektir. T\u00fcrkiye, etnik temelde ayr\u0131\u015ft\u0131r\u0131lmak isteniyor&#8221; dedi.<\/p>\n<p style=\"text-align: justify;\">CHP lideri ayr\u0131ca, &#8220;\u00dcz\u00fcnt\u00fc verici olan nokta \u015fudur: \u0130ktidar bu tuza\u011fa d\u00fc\u015fm\u00fc\u015ft\u00fcr, iktidar bu tuza\u011f\u0131n i\u00e7ine girmi\u015ftir. \u0130ktidar bu konularda ataca\u011f\u0131 ad\u0131m\u0131n hangi amaca hizmet edece\u011fi noktas\u0131nda bilin\u00e7siz, duyars\u0131z, dikkatsizdir. Bu s\u00f6ylediklerim en hafif de\u011ferlendirmedir. Yani iyi niyet varsay\u0131m\u0131yla yap\u0131lan de\u011ferlendirmedir. E\u011fer b\u00f6ylesine bir iyi niyet s\u00f6z konusu de\u011filse o zaman tablo \u00e7ok farkl\u0131d\u0131r. \u015eu bir ger\u00e7ek ki iktidar T\u00fcrkiye&#8217;yi etnik ayr\u0131\u015fmaya g\u00f6t\u00fcrmek isteyenlere alet olmaktad\u0131r&#8221; \u015feklinde konu\u015ftu.<\/p>\n<p style=\"text-align: justify;\"><strong><em>SEL FELAKETLER\u0130<\/em><\/strong><\/p>\n<p style=\"text-align: justify;\">Trakya ve \u0130stanbul&#8217;un sel felaketiyle kar\u015f\u0131 kar\u015f\u0131ya kald\u0131\u011f\u0131n\u0131 hat\u0131rlatarak s\u00f6zlerine ba\u015flayan Baykal, a\u011f\u0131r bir ac\u0131 ya\u015fand\u0131\u011f\u0131n\u0131, can kayb\u0131 oldu\u011funu belirterek, bu ac\u0131y\u0131 ya\u015fayan vatanda\u015flara ba\u015fsa\u011fl\u0131\u011f\u0131 ve ge\u00e7mi\u015f olsun dileklerini iletti.<\/p>\n<p style=\"text-align: justify;\">Bundan \u00e7\u0131kar\u0131lmas\u0131 gereken ciddi sonu\u00e7lar oldu\u011funa i\u015faret eden Baykal, tabiat\u0131n, pek \u00e7ok medeni \u00fclkede \u00f6rne\u011fi g\u00f6r\u00fclmemi\u015f tahribat\u0131 s\u0131k s\u0131k T\u00fcrkiye&#8217;de yapt\u0131\u011f\u0131n\u0131, heyelan ve sel felaketlerinin birbiri ard\u0131na geldi\u011fini s\u00f6yledi.<\/p>\n<p style=\"text-align: justify;\">Baykal, &#8220;Bunlar\u0131n alt\u0131nda \u00e7arp\u0131k bir kentle\u015fme politikas\u0131n\u0131n yatt\u0131\u011f\u0131n\u0131, yanl\u0131\u015f yap\u0131la\u015fman\u0131n ve yanl\u0131\u015f bir kent imar d\u00fczeninin yatt\u0131\u011f\u0131n\u0131 hepimiz \u00e7ok iyi biliyoruz. Bu konular\u0131 bir uyar\u0131 olarak al\u0131p, bu konular\u0131n \u00fczerinde ciddi \u015fekilde d\u00fc\u015f\u00fcnme ihtiyac\u0131 vard\u0131r. T\u00fcrkiye, yerle\u015fme sorununu b\u00fct\u00fcn boyutlar\u0131yla de\u011ferlendirmek zorundad\u0131r&#8221; diye konu\u015ftu.<\/p>\n<p style=\"text-align: justify;\">Siirt ve Hakkari&#8217;de d\u00fcn ya\u015fanan silahl\u0131 \u00e7at\u0131\u015fmalarda 7 askerin \u015fehit oldu\u011funu da an\u0131msatan Baykal, b\u00fct\u00fcn millete ba\u015fsa\u011fl\u0131\u011f\u0131 diledi.<\/p>\n<p style=\"text-align: justify;\"><strong><em>MEDYA GRUBUNA KES\u0130LEN VERG\u0130 CEZASI<br \/>\n<\/em><\/strong>\n<\/p>\n<p style=\"text-align: justify;\">Bug\u00fcn T\u00fcrkiye&#8217;nin \u00e7ok \u00f6nemli bir geli\u015fmeyle daha kar\u015f\u0131 kar\u015f\u0131ya kald\u0131\u011f\u0131n\u0131, bir medya grubuna 3 milyar 755 milyon liral\u0131k ceza tahakkuk ettirildi\u011fi haberinin T\u00fcrkiye&#8217;de herkesi bir kere daha d\u00fc\u015f\u00fcnd\u00fcrd\u00fc\u011f\u00fcn\u00fc ifade eden Baykal, &#8220;Art\u0131k a\u00e7\u0131k\u00e7a hepimiz g\u00f6r\u00fcyoruz ki bu uygulaman\u0131n muhatab\u0131 sadece bu mali cezan\u0131n hedefi olarak se\u00e7ilen insanlar ve grup de\u011fildir. \u00c7ok a\u00e7\u0131kt\u0131r ki bunun hedefi, T\u00fcrkiye&#8217;de demokrasinin, hukuk devletinin bizatihi kendisidir. T\u00fcrkiye&#8217;deki iktidar yetkisinin her t\u00fcrl\u00fc hukuk, demokrasi, insan haklar\u0131 kayg\u0131s\u0131ndan kopuk bir \u015fekilde nas\u0131l kullan\u0131ld\u0131\u011f\u0131n\u0131 uzun s\u00fcreden beri hepimiz g\u00f6zlemliyoruz ama ya\u015fanan olaylar\u0131n, ya\u015fanan olaylar kar\u015f\u0131s\u0131nda toplumun g\u00f6sterdi\u011fi tepkinin iktidar\u0131 bu konularda yeni bir anlay\u0131\u015fa y\u00f6nlendiremedi\u011fine tan\u0131k oluyoruz&#8221; dedi.<\/p>\n<p style=\"text-align: justify;\">&#8220;\u00c7ok \u00fcz\u00fcnt\u00fc verici bir olayd\u0131r. \u00d6yle anla\u015f\u0131l\u0131yor ki iktidar bug\u00fcne kadar ger\u00e7ekle\u015ftirdi\u011fi haks\u0131zl\u0131klar\u0131n, yanl\u0131\u015fl\u0131klar\u0131n, bask\u0131n\u0131n, zulm\u00fcn toplumda yaratt\u0131\u011f\u0131 tepki kar\u015f\u0131s\u0131nda umursamazl\u0131\u011f\u0131n\u0131, vurdumduymazl\u0131\u011f\u0131n\u0131 s\u00fcrd\u00fcrmektedir. Umurunda de\u011fildir, bildi\u011fi yoldan \u015fa\u015fmamaktad\u0131r&#8221; diyen Baykal, &#8220;Bildi\u011fi yol demokrasi, hukuk devleti, insan haklar\u0131 yolu de\u011fildir. Kendi hegemonyas\u0131n\u0131, kendi vesayetini, kendi tart\u0131\u015f\u0131lmaz iktidar\u0131n\u0131 toplumun b\u00fct\u00fcn ba\u011f\u0131ms\u0131z odaklar\u0131na kabul ettirmektir. Bu m\u00fccadeleyi uzun s\u00fcreden beri g\u00f6t\u00fcr\u00fcyordu. Bunun alanlar\u0131n\u0131 hepimiz \u00e7ok iyi biliyoruz. Silahl\u0131 Kuvvetler bu m\u00fccadele alan\u0131 olarak bir s\u00fcre \u00f6nce \u00e7e\u015fitli olaylara sahne olmu\u015ftur. Yarg\u0131 bu m\u00fccadelenin hedefidir, hedefi olmaya devam ediyor&#8221; diye konu\u015ftu.<\/p>\n<p style=\"text-align: justify;\">Baykal, &#8220;T\u00fcrkiye&#8217;de en \u00e7ok vergi veren bir kurulu\u015fa, T\u00fcrkiye tarihinin tan\u0131mad\u0131\u011f\u0131, g\u00f6rmedi\u011fi, d\u00fcnyada da \u00f6rne\u011fi ve benzeri kolayca g\u00f6z\u00fckmeyen milyarlarca dolarl\u0131k bir ceza uygulamas\u0131 ger\u00e7ekten hi\u00e7bir teknik anlay\u0131\u015fla, hukuki vergi m\u00fclahazas\u0131yla izah edilemez. Bunun alt\u0131nda sindirme \u00e7abas\u0131n\u0131n yatt\u0131\u011f\u0131 \u00e7ok a\u00e7\u0131k ve nettir&#8221; \u015feklinde konu\u015ftu.<\/p>\n<p style=\"text-align: justify;\"><strong><em>&#8220;Yarg\u0131 hedefte, medya zaten gitmi\u015f&#8221; <\/em><\/strong><\/p>\n<p style=\"text-align: justify;\">Baykal, herkesin sindirilmeye, emir kumanda zinciri i\u00e7ine sokulmaya \u00e7al\u0131\u015f\u0131ld\u0131\u011f\u0131n\u0131 savunarak, &#8220;Demokrasi s\u00f6z\u00fcn\u00fcn bu kadar s\u0131k telaffuz edildi\u011fi bir ortamda, demokrasi s\u00f6z\u00fcn\u00fc bu kadar \u00e7ok telaffuz edenlerin bu uygulamalar\u0131, onlar\u0131n i\u00e7inde bulunduklar\u0131 \u00e7eli\u015fkiyi, tutars\u0131zl\u0131\u011f\u0131 a\u00e7\u0131k bir \u015fekilde ortaya koymaktad\u0131r&#8221; diye konu\u015ftu.<\/p>\n<p style=\"text-align: justify;\">Bunun bir zul\u00fcm ve bask\u0131 rejimi aray\u0131\u015f\u0131n\u0131n ifadesi oldu\u011funu iddia eden Baykal, b\u00f6ylece hi\u00e7bir tarafs\u0131z, ba\u011f\u0131ms\u0131z muhalefet oda\u011f\u0131na m\u00fcsamaha edilmesi niyetinde olunmad\u0131\u011f\u0131n\u0131n ortaya konuldu\u011funu savundu. Kendine g\u00fcvenin insanlar\u0131n bu yollara ba\u015fvurmayaca\u011f\u0131n\u0131 s\u00f6yleyen Baykal, ancak gelecekten korkan, kendine g\u00fcveni olmayan, iktidardan uzakla\u015fmay\u0131 akl\u0131na yat\u0131ramayanlar\u0131n b\u00f6yle y\u00f6ntemlere ba\u015fvurduklar\u0131n\u0131 ifade etti.<\/p>\n<p style=\"text-align: justify;\">Konunun &#8220;onun, bunun, filan grubun, falan gazetenin meselesi&#8221; olarak de\u011ferlendirilmemesi gerekti\u011fini belirten Baykal, buna kar\u015f\u0131 tepkiyi herkesin el birli\u011fiyle g\u00f6stermesini istedi.<\/p>\n<p style=\"text-align: justify;\">Baykal, &#8220;K\u00fc\u00e7\u00fck \u00e7at\u0131\u015fmalar\u0131n, aradaki \u00e7\u0131kar m\u00fccadelelerinin hi\u00e7bir anlam\u0131 yoktur. Olay bunu a\u015fan bir nitelik ta\u015f\u0131maktad\u0131r&#8221; dedi.<\/p>\n<p style=\"text-align: justify;\">&#8220;O vergi denetmenleri kimlerdir, kim se\u00e7mi\u015ftir?&#8221;<\/p>\n<p style=\"text-align: justify;\">Bir medya grubuna kesilen vergi cezas\u0131n\u0131n, iktidar\u0131n iradesi d\u0131\u015f\u0131nda, bir grup vergi denetmeninin kendi karar\u0131yla uygulad\u0131\u011f\u0131n\u0131n d\u00fc\u015f\u00fcn\u00fclmemesini isteyen Baykal, &#8220;O vergi denetmenleri kimlerdir, kim se\u00e7mi\u015ftir?&#8221; diye sordu.<\/p>\n<p style=\"text-align: justify;\">B\u00f6yle bir olay\u0131n sorumlulu\u011funu alman\u0131n kolay i\u015f olmad\u0131\u011f\u0131n\u0131 ifade eden Baykal, &#8220;Bu talimat\u0131 verenlerin de o sorumlulu\u011fu \u00fcstlenenlerin de ayr\u0131ca irdelenmesi laz\u0131md\u0131r. Bu \u00e7ok temel bir olayd\u0131r. Bir rejim, demokrasi, hukuk devleti sorunudur. Bu tabloyu \u00fcz\u00fcnt\u00fcyle g\u00f6rd\u00fc\u011f\u00fcm\u00fc s\u00f6ylemeliyim. \u00c7\u0131kar\u0131lmas\u0131 gereken bir di\u011fer sonu\u00e7 da bu s\u00fcreci g\u00f6re g\u00f6re, bu s\u00fcrecin sahiplerinin g\u00f6z\u00fcne girmek i\u00e7in sergilenen \u00e7abalar\u0131n hi\u00e7bir anlam ta\u015f\u0131mad\u0131\u011f\u0131n\u0131n bir kez daha ortaya \u00e7\u0131km\u0131\u015f olmas\u0131d\u0131r. Bir kez daha ilgililerin bunu de\u011ferlendirme mecburiyetiyle kar\u015f\u0131 kar\u015f\u0131ya kald\u0131klar\u0131d\u0131r. Gelen s\u00fcreci b\u00fct\u00fcn nitelikleriyle kavrayacaks\u0131n\u0131z, fark edeceksiniz ama yine de o s\u00fcrecin sizi himaye etmesi i\u00e7in \u015firinlikler yapacaks\u0131n\u0131z, taklalar atacaks\u0131n\u0131z, g\u00f6ze girmeye \u00e7al\u0131\u015facaks\u0131n\u0131z ve ondan sonra &#8216;g\u00fcm&#8217; diye bu olacak. Buradan da al\u0131nmas\u0131 gereken dersler var&#8221; dedi.<\/p>\n<p style=\"text-align: justify;\"><strong><em>An\u0131tkabir ziyareti <\/em><\/strong><\/p>\n<p style=\"text-align: justify;\">CHP&#8217;nin 86. kurulu\u015f y\u0131ld\u00f6n\u00fcm\u00fc dolay\u0131s\u0131yla Genel Ba\u015fkan Deniz Baykal, An\u0131tkabir&#8217;i ziyaret etti. Baykal, beraberindeki MYK ve PM \u00fcyeleri, milletvekilleri ve il ba\u015fkanlar\u0131yla Aslanl\u0131 Yol&#8217;dan y\u00fcr\u00fcyerek t\u00f6ren alan\u0131na geldi.<\/p>\n<p style=\"text-align: justify;\">Deniz Baykal&#8217;\u0131n \u00fczerinde &#8220;CHP&#8221; yazan \u00e7elengi Atat\u00fcrk&#8217;\u00fcn mozolesine koymas\u0131n\u0131n ard\u0131ndan sayg\u0131 duru\u015funda bulunuldu. Daha sonra An\u0131tkabir \u00d6zel Defteri&#8217;ni imzalayan CHP Genel Ba\u015fkan\u0131 Baykal, deftere \u015funlar\u0131 yazd\u0131:<\/p>\n<p style=\"text-align: justify;\">&#8220;B\u00fcy\u00fck Atat\u00fcrk, sevgili Genel Ba\u015fkan\u0131m. \u0130ki b\u00fcy\u00fck eserlerinden birisi olan Cumhuriyet Halk Partisi&#8217;nin kurulu\u015funun 86&#8217;nc\u0131 y\u0131l\u0131nda Cumhuriyet Halk Partililer&#8217;in sevgi ve sayg\u0131lar\u0131n\u0131 sunmak \u00fczere huzurunday\u0131z. Di\u011fer b\u00fcy\u00fck eserin olan T\u00fcrkiye Cumhuriyeti&#8217;ne y\u00f6nelik tehdit ve tehlikelerin bilincindeyiz. Sana ve T\u00fcrkiye Cumhuriyeti&#8217;ne sahip \u00e7\u0131kma azim ve kararl\u0131l\u0131\u011f\u0131 i\u00e7inde g\u00f6revimizin ba\u015f\u0131nday\u0131z. T\u00fcrkiye Cumhuriyeti&#8217;ni kuran parti olarak, T\u00fcrkiye Cumhuriyeti&#8217;ni koruyup ya\u015fatmak, g\u00fc\u00e7lendirip ileri g\u00f6t\u00fcrmek temel sorumlulu\u011fumuzdur. Cumhuriyet Halk Partisi olarak kad\u0131n, erkek, \u00e7ocuk, ya\u015fl\u0131 hepimiz sana \u015f\u00fckranlar\u0131m\u0131z\u0131, sars\u0131lmaz sevgi ve sayg\u0131lar\u0131m\u0131z\u0131 sunuyoruz.&#8221;<\/p>\n<p style=\"text-align: justify;\">Baykal ve beraberindekiler, \u0130smet \u0130n\u00f6n\u00fc&#8217;n\u00fcn mozolesine de \u00e7elenk b\u0131rakarak sayg\u0131 duru\u015funda bulundu. An\u0131tkabir&#8217;i ziyarete gelen baz\u0131 vatanda\u015flar Baykal&#8217;\u0131 alk\u0131\u015flarken, baz\u0131 CHP&#8217;lilerin ise t\u00f6rene ellerindeki T\u00fcrk Bayraklar\u0131 ile kat\u0131ld\u0131klar\u0131 g\u00f6zlendi.<\/p>\n<p style=\"text-align: justify;\">Deniz Baykal t\u00f6renin ard\u0131ndan An\u0131tkabir&#8217;den ayr\u0131l\u0131rken baz\u0131 partililer sevgi g\u00f6sterisinde bulundu. Bir kad\u0131n\u0131n &#8216;Sizinle gurur duyuyoruz&#8217; demesi \u00fczerine Baykal, &#8220;Biz de sizlerle gurur duyuyoruz&#8221; dedi. Baykal, t\u00f6rene gelen baz\u0131 \u00e7ocuklar\u0131 da sevdi. T\u00f6renin sonunda ba\u015flayan ya\u011f\u0131\u015f nedeniyle baz\u0131 partililerin zor anlar ya\u015fad\u0131klar\u0131 da g\u00f6zlendi.<\/p>\n<p style=\"text-align: justify;\"><span style=\"color: #888888;\">CNN T\u00dcRK<\/span><\/p>\n","protected":false},"excerpt":{"rendered":"<\/p>\n<p style=\"text-align: justify;\">CHP Genel Ba\u015fkan\u0131 Deniz Baykal, Ba\u015fbakan Recep Tayyip Erdo\u011fan&#8217;\u0131n randevu iste\u011fini reddetmekten \u00fcz\u00fcnt\u00fc duyaca\u011f\u0131n\u0131 belirterek, &#8220;Ba\u015fbakan&#8217;\u0131n ba\u015fvurusunu reddetmek uygun de\u011fildir, do\u011fru de\u011fildir bunu biliyorum ama biz bu s\u00fcrecin hi\u00e7bir \u015fekilde par\u00e7as\u0131 olmay\u0131z. Ben, senin kafanda hangi tilkiler dola\u015f\u0131yor bunu dahi bilmeden seninle nas\u0131l konu\u015faca\u011f\u0131m&#8221; dedi.<\/p>\n<p style=\"text-align: justify;\">K\u00fcrt A\u00e7\u0131l\u0131m\u0131 <\/p>\n<p style=\"text-align:  \n\n","protected":false},"author":1,"featured_media":0,"comment_status":"open","ping_status":"closed","sticky":false,"template":"","format":"standard","meta":{"footnotes":""},"categories":[105],"tags":[],"class_list":["post-14492","post","type-post","status-publish","format-standard","hentry","category-gundem","odd"],"_links":{"self":[{"href":"http:\/\/www.korhanyilmaz.com\/index.php?rest_route=\/wp\/v2\/posts\/14492","targetHints":{"allow":["GET"]}}],"collection":[{"href":"http:\/\/www.korhanyilmaz.com\/index.php?rest_route=\/wp\/v2\/posts"}],"about":[{"href":"http:\/\/www.korhanyilmaz.com\/index.php?rest_route=\/wp\/v2\/types\/post"}],"author":[{"embeddable":true,"href":"http:\/\/www.korhanyilmaz.com\/index.php?rest_route=\/wp\/v2\/users\/1"}],"replies":[{"embeddable":true,"href":"http:\/\/www.korhanyilmaz.com\/index.php?rest_route=%2Fwp%2Fv2%2Fcomments&post=14492"}],"version-history":[{"count":0,"href":"http:\/\/www.korhanyilmaz.com\/index.php?rest_route=\/wp\/v2\/posts\/14492\/revisions"}],"wp:attachment":[{"href":"http:\/\/www.korhanyilmaz.com\/index.php?rest_route=%2Fwp%2Fv2%2Fmedia&parent=14492"}],"wp:term":[{"taxonomy":"category","embeddable":true,"href":"http:\/\/www.korhanyilmaz.com\/index.php?rest_route=%2Fwp%2Fv2%2Fcategories&post=14492"},{"taxonomy":"post_tag","embeddable":true,"href":"http:\/\/www.korhanyilmaz.com\/index.php?rest_route=%2Fwp%2Fv2%2Ftags&post=14492"}],"curies":[{"name":"wp","href":"https:\/\/api.w.org\/{rel}","templated":true}]}}