{"id":14488,"date":"2009-09-09T15:23:24","date_gmt":"2009-09-09T12:23:24","guid":{"rendered":"http:\/\/www.korhanyilmaz.com\/?p=14488"},"modified":"2009-09-09T15:23:24","modified_gmt":"2009-09-09T12:23:24","slug":"mayin-patlamasi-sonucu-2-asker-sehit","status":"publish","type":"post","link":"http:\/\/www.korhanyilmaz.com\/?p=14488","title":{"rendered":"May\u0131n patlamas\u0131 sonucu 2 asker \u015fehit"},"content":{"rendered":"<p style=\"text-align: center;\"><a href=\"http:\/\/www.korhanyilmaz.com\/wp-content\/uploads\/2009\/09\/MAY\u0130N.jpg\"  class=\"lightview\"><img loading=\"lazy\" decoding=\"async\" class=\"aligncenter size-full wp-image-14489\" src=\"http:\/\/www.korhanyilmaz.com\/wp-content\/uploads\/2009\/09\/MAY\u0130N.jpg\" alt=\"\" width=\"307\" height=\"236\" \/><\/a><\/p>\n<p style=\"text-align: justify;\">Van&#8217;\u0131n Ba\u015fkale il\u00e7esi Albayrak k\u00f6y\u00fc k\u0131rsal\u0131nda arama tarama \u00e7al\u0131\u015fmas\u0131 yapan 2 asker may\u0131n patlamas\u0131 sonucu \u015fehit oldu, 7 asker yaraland\u0131.<\/p>\n<p style=\"text-align: justify;\">Yaral\u0131 askerler Van&#8217;daki \u00e7e\u015fitli hastanelerde tedavi alt\u0131na al\u0131nd\u0131.<\/p>\n<p style=\"text-align: justify;\">B\u00f6lgede operasyon ba\u015flat\u0131ld\u0131.<\/p>\n<p style=\"text-align: justify;\">D\u00fcn de Siirt&#8217;in Eruh il\u00e7esinde ter\u00f6ristlerle \u00e7\u0131kan \u00e7at\u0131\u015fma sonucu 7 asker \u015fehit olmu\u015f; Hakkari \u00c7ukurca&#8217;daki \u00e7at\u0131\u015fmada ise 1 asker \u015fehit olmu\u015f, 1 asker a\u011f\u0131r yaralanm\u0131\u015ft\u0131.<\/p>\n<p style=\"text-align: justify;\"><span style=\"color: #888888;\">CNN T\u00dcRK<\/span><\/p>\n","protected":false},"excerpt":{"rendered":"<p style=\"text-align: center;\">\n<p style=\"text-align: justify;\">Van&#8217;\u0131n Ba\u015fkale il\u00e7esi Albayrak k\u00f6y\u00fc k\u0131rsal\u0131nda arama tarama \u00e7al\u0131\u015fmas\u0131 yapan 2 asker may\u0131n patlamas\u0131 sonucu \u015fehit oldu, 7 asker yaraland\u0131.<\/p>\n<p style=\"text-align: justify;\">Yaral\u0131 askerler Van&#8217;daki \u00e7e\u015fitli hastanelerde tedavi alt\u0131na al\u0131nd\u0131.<\/p>\n<p style=\"text-align: justify;\">B\u00f6lgede operasyon ba\u015flat\u0131ld\u0131.<\/p>\n<p style=\"text-align: justify;\">D\u00fcn de Siirt&#8217;in Eruh il\u00e7esinde ter\u00f6ristlerle \u00e7\u0131kan \u00e7at\u0131\u015fma sonucu 7 asker \u015fehit olmu\u015f; <\/p>\n","protected":false},"author":1,"featured_media":0,"comment_status":"open","ping_status":"closed","sticky":false,"template":"","format":"standard","meta":{"footnotes":""},"categories":[105],"tags":[],"class_list":["post-14488","post","type-post","status-publish","format-standard","hentry","category-gundem","odd"],"_links":{"self":[{"href":"http:\/\/www.korhanyilmaz.com\/index.php?rest_route=\/wp\/v2\/posts\/14488","targetHints":{"allow":["GET"]}}],"collection":[{"href":"http:\/\/www.korhanyilmaz.com\/index.php?rest_route=\/wp\/v2\/posts"}],"about":[{"href":"http:\/\/www.korhanyilmaz.com\/index.php?rest_route=\/wp\/v2\/types\/post"}],"author":[{"embeddable":true,"href":"http:\/\/www.korhanyilmaz.com\/index.php?rest_route=\/wp\/v2\/users\/1"}],"replies":[{"embeddable":true,"href":"http:\/\/www.korhanyilmaz.com\/index.php?rest_route=%2Fwp%2Fv2%2Fcomments&post=14488"}],"version-history":[{"count":0,"href":"http:\/\/www.korhanyilmaz.com\/index.php?rest_route=\/wp\/v2\/posts\/14488\/revisions"}],"wp:attachment":[{"href":"http:\/\/www.korhanyilmaz.com\/index.php?rest_route=%2Fwp%2Fv2%2Fmedia&parent=14488"}],"wp:term":[{"taxonomy":"category","embeddable":true,"href":"http:\/\/www.korhanyilmaz.com\/index.php?rest_route=%2Fwp%2Fv2%2Fcategories&post=14488"},{"taxonomy":"post_tag","embeddable":true,"href":"http:\/\/www.korhanyilmaz.com\/index.php?rest_route=%2Fwp%2Fv2%2Ftags&post=14488"}],"curies":[{"name":"wp","href":"https:\/\/api.w.org\/{rel}","templated":true}]}}