{"id":14484,"date":"2009-09-09T12:02:17","date_gmt":"2009-09-09T09:02:17","guid":{"rendered":"http:\/\/www.korhanyilmaz.com\/?p=14484"},"modified":"2009-09-09T12:02:17","modified_gmt":"2009-09-09T09:02:17","slug":"vodafone-veri-santrali-kullanilamaz-halde","status":"publish","type":"post","link":"http:\/\/www.korhanyilmaz.com\/?p=14484","title":{"rendered":"Vodafone veri santrali kullan\u0131lamaz halde"},"content":{"rendered":"<p><a href=\"http:\/\/www.korhanyilmaz.com\/wp-content\/uploads\/2009\/09\/vodafone.jpg\"  class=\"lightview\"><img loading=\"lazy\" decoding=\"async\" class=\"aligncenter size-full wp-image-14485\" src=\"http:\/\/www.korhanyilmaz.com\/wp-content\/uploads\/2009\/09\/vodafone.jpg\" alt=\"\" width=\"292\" height=\"180\" \/><\/a><\/p>\n<p style=\"text-align: justify;\">Vodafone T\u00fcrkiye, \u0130kitelli Bas\u0131n Ekpres yolu \u00fczerinde bulunan veri santralinin, yo\u011fun ya\u011f\u0131\u015f nedeniyle bu sabah 07.50 itibariyle kullan\u0131lamaz hale geldi\u011fini a\u00e7\u0131klad\u0131.<\/p>\n<p style=\"text-align: justify;\">Vodafone T\u00fcrkiye&#8217;den yap\u0131lan yaz\u0131l\u0131 a\u00e7\u0131klamada, d\u00fcn geceden bu yana aral\u0131ks\u0131z devam eden ya\u011fmur ve selin, \u0130stanbul&#8217;un bir b\u00f6l\u00fcm\u00fcnde ciddi hasarlara ve \u00f6l\u00fcmlere yol a\u00e7t\u0131\u011f\u0131 hat\u0131rlat\u0131larak, ma\u011fdur olanlara ba\u015f sa\u011fl\u0131\u011f\u0131 ve ge\u00e7mi\u015f olsun dileklerinde bulunuldu. <!--more--><\/p>\n<p style=\"text-align: justify;\">Ya\u015fanan felaketin, Vodafone T\u00fcrkiye&#8217;nin \u0130kitelli Bas\u0131n Ekpres yolu \u00fczerinde bulunan veri santralini de bu sabah 07.50 itibariyle kullan\u0131lamaz hale getirdi\u011fi belirtilen a\u00e7\u0131klamada, \u015f\u00f6yle denildi:<\/p>\n<p style=\"text-align: justify;\">&#8220;Bu santralden hizmet alan \u0130stanbul&#8217;un Kuzeybat\u0131s\u0131 ve Trakya b\u00f6lgesindeki abonelerimizin bir b\u00f6l\u00fcm\u00fc \u015fu anda ileti\u015fim sorunlar\u0131 ya\u015famaktad\u0131r. \u0130lk ad\u0131m olarak \u0130kitelli binas\u0131ndaki \u00e7al\u0131\u015fanlar\u0131m\u0131z g\u00fcvenli bir \u015fekilde tahliye edilmi\u015ftir. Sistemin di\u011fer veri santralleri \u00fczerinden sa\u011fl\u0131kl\u0131 hizmet vermesi ve etkilenen abonelerimizin en ge\u00e7 g\u00fcn sonuna kadar sorunsuz bir \u015fekilde hizmet almalar\u0131n\u0131 sa\u011flamak \u00fczere \u00e7al\u0131\u015fmalar\u0131m\u0131z aral\u0131ks\u0131z devam etmektedir.&#8221;<\/p>\n<p style=\"text-align: justify;\"><span style=\"color: #888888;\">CNN T\u00dcRK<\/span><\/p>\n","protected":false},"excerpt":{"rendered":"<\/p>\n<p style=\"text-align: justify;\">Vodafone T\u00fcrkiye, \u0130kitelli Bas\u0131n Ekpres yolu \u00fczerinde bulunan veri santralinin, yo\u011fun ya\u011f\u0131\u015f nedeniyle bu sabah 07.50 itibariyle kullan\u0131lamaz hale geldi\u011fini a\u00e7\u0131klad\u0131.<\/p>\n<p style=\"text-align: justify;\">Vodafone T\u00fcrkiye&#8217;den yap\u0131lan yaz\u0131l\u0131 a\u00e7\u0131klamada, d\u00fcn geceden bu yana aral\u0131ks\u0131z devam eden ya\u011fmur ve selin, \u0130stanbul&#8217;un bir b\u00f6l\u00fcm\u00fcnde ciddi hasarlara ve \u00f6l\u00fcmlere yol a\u00e7t\u0131\u011f\u0131 hat\u0131rlat\u0131larak, ma\u011fdur olanlara ba\u015f sa\u011fl\u0131\u011f\u0131 <\/p>\n","protected":false},"author":1,"featured_media":0,"comment_status":"open","ping_status":"closed","sticky":false,"template":"","format":"standard","meta":{"footnotes":""},"categories":[105],"tags":[],"class_list":["post-14484","post","type-post","status-publish","format-standard","hentry","category-gundem","odd"],"_links":{"self":[{"href":"http:\/\/www.korhanyilmaz.com\/index.php?rest_route=\/wp\/v2\/posts\/14484","targetHints":{"allow":["GET"]}}],"collection":[{"href":"http:\/\/www.korhanyilmaz.com\/index.php?rest_route=\/wp\/v2\/posts"}],"about":[{"href":"http:\/\/www.korhanyilmaz.com\/index.php?rest_route=\/wp\/v2\/types\/post"}],"author":[{"embeddable":true,"href":"http:\/\/www.korhanyilmaz.com\/index.php?rest_route=\/wp\/v2\/users\/1"}],"replies":[{"embeddable":true,"href":"http:\/\/www.korhanyilmaz.com\/index.php?rest_route=%2Fwp%2Fv2%2Fcomments&post=14484"}],"version-history":[{"count":0,"href":"http:\/\/www.korhanyilmaz.com\/index.php?rest_route=\/wp\/v2\/posts\/14484\/revisions"}],"wp:attachment":[{"href":"http:\/\/www.korhanyilmaz.com\/index.php?rest_route=%2Fwp%2Fv2%2Fmedia&parent=14484"}],"wp:term":[{"taxonomy":"category","embeddable":true,"href":"http:\/\/www.korhanyilmaz.com\/index.php?rest_route=%2Fwp%2Fv2%2Fcategories&post=14484"},{"taxonomy":"post_tag","embeddable":true,"href":"http:\/\/www.korhanyilmaz.com\/index.php?rest_route=%2Fwp%2Fv2%2Ftags&post=14484"}],"curies":[{"name":"wp","href":"https:\/\/api.w.org\/{rel}","templated":true}]}}