{"id":14466,"date":"2009-09-09T14:00:52","date_gmt":"2009-09-09T11:00:52","guid":{"rendered":"http:\/\/www.korhanyilmaz.com\/?p=14466"},"modified":"2009-09-09T14:00:52","modified_gmt":"2009-09-09T11:00:52","slug":"istanbulun-gobeginde-afet-20-olu","status":"publish","type":"post","link":"http:\/\/www.korhanyilmaz.com\/?p=14466","title":{"rendered":"\u0130stanbul&#039;un g\u00f6be\u011finde afet: 20 \u00f6l\u00fc!"},"content":{"rendered":"<p style=\"text-align: center;\"><a href=\"http:\/\/www.korhanyilmaz.com\/wp-content\/uploads\/2009\/09\/2sel.hlarge.jpg\"  class=\"lightview\"><img loading=\"lazy\" decoding=\"async\" class=\"aligncenter size-full wp-image-14467\" src=\"http:\/\/www.korhanyilmaz.com\/wp-content\/uploads\/2009\/09\/2sel.hlarge.jpg\" alt=\"\" width=\"417\" height=\"191\" \/><\/a><\/p>\n<p style=\"text-align: justify;\">\u0130stanbul\u2019daki sa\u011fanak ya\u011f\u0131\u015f, \u0130kitelli\u2019de felakete neden oldu. Selde 20 ki\u015finin cesedine ula\u015f\u0131ld\u0131. Y\u00fczlerce ara\u00e7 sel sular\u0131nda s\u00fcr\u00fcklendi, insanlar saatlerce suda mahsur kald\u0131.<\/p>\n<p style=\"text-align: justify;\">\u0130STANBUL &#8211; Sa\u011fanak ya\u011f\u0131\u015f Marmara B\u00f6lgesi&#8217;ni vurmaya devam ediyor. D\u00fcn Tekirda\u011f&#8217;\u0131n Saray il\u00e7esi ile Silivri ve Selimpa\u015fa&#8217;daki sel felaketinin ard\u0131ndan d\u00fcn gece ya\u011fan yo\u011fun ya\u011fmur nedeniyle \u0130stanbul&#8217;da \u0130kitelli Bas\u0131n Ekspres Yolu tamamen sular alt\u0131nda kald\u0131 ve trafi\u011fe kapand\u0131.<\/p>\n<p style=\"text-align: justify;\">Aralar\u0131nda TIR&#8217;lar\u0131n da bulundu\u011fu y\u00fczlerce ara\u00e7, sel sular\u0131yla s\u00fcr\u00fcklendi. <!--more--><\/p>\n<p style=\"text-align: justify;\">Yolda \u00e7ok say\u0131da ara\u00e7 suda mahsur kal\u0131nca b\u00f6lgede adeta can pazar\u0131 ya\u015fand\u0131. Baz\u0131 ara\u00e7lar\u0131n i\u00e7indekileriyle birlikte s\u00fcr\u00fcklendi\u011fi g\u00f6r\u00fcld\u00fc. S\u00fcr\u00fcc\u00fcler ve yolcular ara\u00e7lar\u0131n\u0131n \u00fczerine \u00e7\u0131karak kurtar\u0131lmay\u0131 bekledi.<\/p>\n<p style=\"text-align: justify;\">G\u00f6rg\u00fc tan\u0131klar\u0131, ekiplerin kurtarma \u00e7al\u0131\u015fmalar\u0131nda yetersiz kald\u0131\u011f\u0131n\u0131 s\u00f6yledi.<\/p>\n<p style=\"text-align: justify;\"><strong><em>TIR GARAJI ARABA MEZARLI\u011eINA D\u00d6ND\u00dc<\/em><\/strong><\/p>\n<p style=\"text-align: justify;\">Ba\u015fak\u015fehir giri\u015findeki bir TIR garaj\u0131ndaki ara\u00e7lar, suya kap\u0131larak havaliman\u0131na gidi\u015f yolunu kapad\u0131.<\/p>\n<p style=\"text-align: justify;\">\u0130STO\u00c7 yanyolda bulunan bir TIR garaj\u0131ndaki ara\u00e7lar, sele kap\u0131larak havaliman\u0131na gidi\u015f yolunu tamamen kapad\u0131. G\u00f6l haline gelen yolda, baz\u0131 hususi ara\u00e7lar da sele kap\u0131ld\u0131.<\/p>\n<p style=\"text-align: justify;\">TIR garaj\u0131nda bulunan s\u00fcr\u00fcc\u00fc ve \u00e7al\u0131\u015fanlar da suya kap\u0131larak kayboldu. TIR&#8217;lar i\u00e7inde mahsur kalanlar var.<\/p>\n<p style=\"text-align: justify;\"><strong><em>LOJMANLARDA MUHSUR KALDILAR<\/em><\/strong><\/p>\n<p style=\"text-align: justify;\">\u00c7evre ve Orman Bakanl\u0131\u011f\u0131 \u00c7oban\u00e7e\u015fme fidanl\u0131\u011f\u0131 sabah saatlerinde sel sular\u0131yla doldu. Yakla\u015f\u0131k 2 metre derinlikteki sel sular\u0131n\u0131n \u00e7evresini sard\u0131\u011f\u0131 lojmanlarda 11 ki\u015fi mahsur kald\u0131.<\/p>\n<p style=\"text-align: justify;\">Olay yerine gelen \u0130stanbul B\u00fcy\u00fck\u015fehir Belediyesi itfaiye ve sivil savunma ekipleri lojmanda bulunanlar\u0131 kurtarmak i\u00e7in \u00e7al\u0131\u015fma ba\u015flatt\u0131.<\/p>\n<p style=\"text-align: justify;\"><span style=\"color: #888888;\">NTVMSNBC<\/span><\/p>\n","protected":false},"excerpt":{"rendered":"<p style=\"text-align: center;\">\n<p style=\"text-align: justify;\">\u0130stanbul\u2019daki sa\u011fanak ya\u011f\u0131\u015f, \u0130kitelli\u2019de felakete neden oldu. Selde 20 ki\u015finin cesedine ula\u015f\u0131ld\u0131. Y\u00fczlerce ara\u00e7 sel sular\u0131nda s\u00fcr\u00fcklendi, insanlar saatlerce suda mahsur kald\u0131.<\/p>\n<p style=\"text-align: justify;\">\u0130STANBUL &#8211; Sa\u011fanak ya\u011f\u0131\u015f Marmara B\u00f6lgesi&#8217;ni vurmaya devam ediyor. D\u00fcn Tekirda\u011f&#8217;\u0131n Saray il\u00e7esi ile Silivri ve Selimpa\u015fa&#8217;daki sel felaketinin ard\u0131ndan d\u00fcn gece ya\u011fan yo\u011fun ya\u011fmur nedeniyle <\/p>\n","protected":false},"author":1,"featured_media":0,"comment_status":"open","ping_status":"closed","sticky":false,"template":"","format":"standard","meta":{"footnotes":""},"categories":[105],"tags":[],"class_list":["post-14466","post","type-post","status-publish","format-standard","hentry","category-gundem","odd"],"_links":{"self":[{"href":"http:\/\/www.korhanyilmaz.com\/index.php?rest_route=\/wp\/v2\/posts\/14466","targetHints":{"allow":["GET"]}}],"collection":[{"href":"http:\/\/www.korhanyilmaz.com\/index.php?rest_route=\/wp\/v2\/posts"}],"about":[{"href":"http:\/\/www.korhanyilmaz.com\/index.php?rest_route=\/wp\/v2\/types\/post"}],"author":[{"embeddable":true,"href":"http:\/\/www.korhanyilmaz.com\/index.php?rest_route=\/wp\/v2\/users\/1"}],"replies":[{"embeddable":true,"href":"http:\/\/www.korhanyilmaz.com\/index.php?rest_route=%2Fwp%2Fv2%2Fcomments&post=14466"}],"version-history":[{"count":0,"href":"http:\/\/www.korhanyilmaz.com\/index.php?rest_route=\/wp\/v2\/posts\/14466\/revisions"}],"wp:attachment":[{"href":"http:\/\/www.korhanyilmaz.com\/index.php?rest_route=%2Fwp%2Fv2%2Fmedia&parent=14466"}],"wp:term":[{"taxonomy":"category","embeddable":true,"href":"http:\/\/www.korhanyilmaz.com\/index.php?rest_route=%2Fwp%2Fv2%2Fcategories&post=14466"},{"taxonomy":"post_tag","embeddable":true,"href":"http:\/\/www.korhanyilmaz.com\/index.php?rest_route=%2Fwp%2Fv2%2Ftags&post=14466"}],"curies":[{"name":"wp","href":"https:\/\/api.w.org\/{rel}","templated":true}]}}