{"id":14461,"date":"2009-09-09T13:28:28","date_gmt":"2009-09-09T10:28:28","guid":{"rendered":"http:\/\/www.korhanyilmaz.com\/?p=14461"},"modified":"2009-09-09T13:28:28","modified_gmt":"2009-09-09T10:28:28","slug":"emekliye-bayram-mujdesi","status":"publish","type":"post","link":"http:\/\/www.korhanyilmaz.com\/?p=14461","title":{"rendered":"Emekliye Bayram m\u00fcjdesi"},"content":{"rendered":"<p style=\"text-align: justify;\"><a href=\"http:\/\/www.korhanyilmaz.com\/wp-content\/uploads\/2009\/09\/emekli.jpg\"  class=\"lightview\"><img loading=\"lazy\" decoding=\"async\" class=\"aligncenter size-full wp-image-14462\" src=\"http:\/\/www.korhanyilmaz.com\/wp-content\/uploads\/2009\/09\/emekli.jpg\" alt=\"\" width=\"320\" height=\"100\" \/><\/a><strong><em>Emeklilere bayram m\u00fcjdesi!<\/em><\/strong><\/p>\n<p style=\"text-align: justify;\">\u00c7al\u0131\u015fma ve Sosyal G\u00fcvenlik Bakan\u0131 \u00d6mer Din\u00e7er, emekli, dul ve yetimlerin ayl\u0131klar\u0131n\u0131n Ramazan Bayram\u0131\u2019ndan \u00f6nce \u00f6denece\u011fini bildirdi.<\/p>\n<p style=\"text-align: justify;\">Din\u00e7er, AA muhabirine yapt\u0131\u011f\u0131 a\u00e7\u0131klamada, emekli, dul ve yetimlerin ayl\u0131klar\u0131n\u0131n Ramazan Bayram\u0131\u2019ndan \u00f6nce \u00f6denmesine ili\u015fkin haz\u0131rl\u0131klar\u0131n\u0131 tamamlad\u0131klar\u0131n\u0131 s\u00f6yledi.<\/p>\n<p style=\"text-align: justify;\">Bayram \u00f6ncesinde 16-18 Eyl\u00fcl aras\u0131nda emeklilerin ayl\u0131klar\u0131n \u00f6denebilmesi i\u00e7in \u00e7al\u0131\u015fma yapt\u0131klar\u0131n\u0131 belirten Din\u00e7er, buna g\u00f6re, SSK ve Ba\u011f-Kur kapsam\u0131ndaki emeklilerin ayl\u0131klar\u0131n\u0131 bayram \u00f6ncesinde alabileceklerinin dile getirdi.<!--more--><\/p>\n<p style=\"text-align: justify;\">Her ay\u0131n 17-26\u2019s\u0131 aras\u0131nda \u00f6denen ayl\u0131klar\u0131n 16-18 Eyl\u00fcl aras\u0131nda \u00f6denecek olmas\u0131n\u0131n bankalarda nispi bir y\u0131\u011f\u0131lmaya neden olabilece\u011fine dikkati \u00e7eken Din\u00e7er, &#8220;Bu tabii bir durum. Bu y\u0131\u011f\u0131lmalar\u0131n herhangi bir \u015fikayete sebebiyet vermeyece\u011fini ve emeklilerimizin bizi anlay\u0131\u015fla kar\u015f\u0131layaca\u011f\u0131n\u0131 zannediyorum. Biz yine de elimizden gelen her t\u00fcrl\u00fc tedbiri almaya \u00e7al\u0131\u015f\u0131yoruz.<\/p>\n<p style=\"text-align: justify;\">Bankalarla g\u00f6r\u00fc\u015f\u00fcp konuyla ilgili her t\u00fcrl\u00fc kolayl\u0131\u011f\u0131 sa\u011flayacak tedbirler i\u00e7in \u00e7aba sarf ediyoruz&#8221; dedi.<\/p>\n<p style=\"text-align: justify;\">\u00d6mer Din\u00e7er, emeklilerin bayram\u0131n\u0131 da kutlayarak, &#8220;T\u00fcm emeklilerimizin bayramlar\u0131n\u0131 tebrik ediyorum. Bayramda huzurlu, mutlu bir s\u00fcre\u00e7 ya\u015famalar\u0131n\u0131 diliyorum. Daha nice bayramlara hep beraber mutlulukla ula\u015fal\u0131m istiyorum&#8221; dileklerinde bulundu.<\/p>\n<p style=\"text-align: justify;\">\u00c7al\u0131\u015fma ve Sosyal G\u00fcvenlik Bakanl\u0131\u011f\u0131n\u0131n yapt\u0131\u011f\u0131 \u00e7al\u0131\u015fmaya g\u00f6re, tahsis numaralar\u0131n\u0131n son rakam\u0131 3, 5, 7, 9 olanlar ayl\u0131klar\u0131n\u0131 16 Eyl\u00fclde, 1, 6, 8, olanlar 17 Eyl\u00fclde, 0, 2, 4 olanlar da 18 Eyl\u00fclde alabilecek.<\/p>\n<p style=\"text-align: justify;\">B\u00f6ylece 7 milyon 288 bin emekli, dul ve yetime, bayram \u00f6ncesinde toplam 4 milyar 352 milyon lira gelir ve ayl\u0131k \u00f6demesi yap\u0131lacak.<\/p>\n<p style=\"text-align: justify;\">T\u00fcrkiye \u0130\u015f\u00e7i Emeklileri Derne\u011fi, emekli ayl\u0131klar\u0131n\u0131n Ramazan Bayram\u0131 \u00f6ncesinde \u00f6denmesi i\u00e7in Ba\u015fbakan Recep Tayyip Erdo\u011fan ile \u00c7al\u0131\u015fma ve Sosyal G\u00fcvenlik Bakan\u0131 \u00d6mer Din\u00e7er\u2019e birer mektup g\u00f6ndermi\u015fti.<\/p>\n<p style=\"text-align: justify;\"><span style=\"color: #888888;\">Kaynak : Vatan<\/span><\/p>\n","protected":false},"excerpt":{"rendered":"<p style=\"text-align: justify;\">Emeklilere bayram m\u00fcjdesi!<\/p>\n<p style=\"text-align: justify;\">\u00c7al\u0131\u015fma ve Sosyal G\u00fcvenlik Bakan\u0131 \u00d6mer Din\u00e7er, emekli, dul ve yetimlerin ayl\u0131klar\u0131n\u0131n Ramazan Bayram\u0131\u2019ndan \u00f6nce \u00f6denece\u011fini bildirdi.<\/p>\n<p style=\"text-align: justify;\">Din\u00e7er, AA muhabirine yapt\u0131\u011f\u0131 a\u00e7\u0131klamada, emekli, dul ve yetimlerin ayl\u0131klar\u0131n\u0131n Ramazan Bayram\u0131\u2019ndan \u00f6nce \u00f6denmesine ili\u015fkin haz\u0131rl\u0131klar\u0131n\u0131 tamamlad\u0131klar\u0131n\u0131 s\u00f6yledi.<\/p>\n<p style=\"text-align: justify;\">Bayram \u00f6ncesinde 16-18 Eyl\u00fcl aras\u0131nda emeklilerin ayl\u0131klar\u0131n \u00f6denebilmesi i\u00e7in <\/p>\n","protected":false},"author":1,"featured_media":0,"comment_status":"open","ping_status":"closed","sticky":false,"template":"","format":"standard","meta":{"footnotes":""},"categories":[7],"tags":[],"class_list":["post-14461","post","type-post","status-publish","format-standard","hentry","category-ekonomi","odd"],"_links":{"self":[{"href":"http:\/\/www.korhanyilmaz.com\/index.php?rest_route=\/wp\/v2\/posts\/14461","targetHints":{"allow":["GET"]}}],"collection":[{"href":"http:\/\/www.korhanyilmaz.com\/index.php?rest_route=\/wp\/v2\/posts"}],"about":[{"href":"http:\/\/www.korhanyilmaz.com\/index.php?rest_route=\/wp\/v2\/types\/post"}],"author":[{"embeddable":true,"href":"http:\/\/www.korhanyilmaz.com\/index.php?rest_route=\/wp\/v2\/users\/1"}],"replies":[{"embeddable":true,"href":"http:\/\/www.korhanyilmaz.com\/index.php?rest_route=%2Fwp%2Fv2%2Fcomments&post=14461"}],"version-history":[{"count":0,"href":"http:\/\/www.korhanyilmaz.com\/index.php?rest_route=\/wp\/v2\/posts\/14461\/revisions"}],"wp:attachment":[{"href":"http:\/\/www.korhanyilmaz.com\/index.php?rest_route=%2Fwp%2Fv2%2Fmedia&parent=14461"}],"wp:term":[{"taxonomy":"category","embeddable":true,"href":"http:\/\/www.korhanyilmaz.com\/index.php?rest_route=%2Fwp%2Fv2%2Fcategories&post=14461"},{"taxonomy":"post_tag","embeddable":true,"href":"http:\/\/www.korhanyilmaz.com\/index.php?rest_route=%2Fwp%2Fv2%2Ftags&post=14461"}],"curies":[{"name":"wp","href":"https:\/\/api.w.org\/{rel}","templated":true}]}}