{"id":14449,"date":"2009-09-09T08:59:28","date_gmt":"2009-09-09T05:59:28","guid":{"rendered":"http:\/\/www.korhanyilmaz.com\/?p=14449"},"modified":"2009-09-09T08:59:28","modified_gmt":"2009-09-09T05:59:28","slug":"turkiyeyi-istemeyen-8-ulke","status":"publish","type":"post","link":"http:\/\/www.korhanyilmaz.com\/?p=14449","title":{"rendered":"T\u00fcrkiye&#8217;yi istemeyen 8 \u00fclke"},"content":{"rendered":"<p style=\"text-align: center;\"><a href=\"http:\/\/www.korhanyilmaz.com\/wp-content\/uploads\/2009\/09\/ab.jpg\"  class=\"lightview\"><img loading=\"lazy\" decoding=\"async\" class=\"aligncenter size-full wp-image-14450\" src=\"http:\/\/www.korhanyilmaz.com\/wp-content\/uploads\/2009\/09\/ab.jpg\" alt=\"\" width=\"329\" height=\"210\" \/><\/a><\/p>\n<p style=\"text-align: justify;\">T\u00fcrkiye\u2019nin \u00fcyeli\u011fine so\u011fuk bakan sekiz AB \u00fclkesinin bulundu\u011fu bildirildi.<\/p>\n<p style=\"text-align: justify;\">T\u00fcrkiye&#8217;nin AB \u00fcyeli\u011fine kar\u015f\u0131 olan \u00fclkeler, Almanya, Fransa, Danimarka, Avusturya, Yunanistan, K\u0131br\u0131s Rum Kesimi, L\u00fcksemburg ve Hollanda olarak s\u0131ralan\u0131yor.<\/p>\n<p style=\"text-align: justify;\">ABHaber\u2019e g\u00f6re, Fransa D\u0131\u015fi\u015fleri Bakan\u0131 Bernard Kouchner&#8217;in ge\u00e7ti\u011fimiz hafta sonu AB D\u0131\u015fi\u015fleri Bakanlar\u0131 gayri resmi toplant\u0131s\u0131n\u0131n d\u00fczenlendi\u011fi, Stockholm&#8217;da&#8221;T\u00fcrkiye&#8217;nin AB \u00fcyeli\u011fine ba\u015fka \u00fclkeler de kar\u015f\u0131&#8221; \u015feklindeki a\u00e7\u0131klamas\u0131 son g\u00fcnlerde Frans\u0131z yetkililer taraf\u0131ndan s\u0131k\u00e7a dile getiriliyor. <!--more--><\/p>\n<p style=\"text-align: justify;\">Fransa\u2019n\u0131n Avrupa \u0130\u015fleri Bakan\u0131 Pierre Lelouche de, ayn\u0131 y\u00f6ndeki bir a\u00e7\u0131klamay\u0131 ge\u00e7ti\u011fimiz g\u00fcnlerde Fransa&#8217;daki bas\u0131n yay\u0131n organlar\u0131na yapm\u0131\u015ft\u0131. ABHaber, Frans\u0131z yetkililerinin, adlar\u0131n\u0131 vermekten ka\u00e7\u0131nd\u0131\u011f\u0131 T\u00fcrkiye&#8217;nin AB \u00fcyeli\u011fine kar\u015f\u0131 olan birlik \u00fclkelerinin hangileri oldu\u011funu AB koridorlar\u0131nda ara\u015ft\u0131rd\u0131.<\/p>\n<p style=\"text-align: justify;\">ABHaber haberinde T\u00fcrkiye&#8217;nin AB \u00fcyeli\u011fine kar\u015f\u0131 olan \u00fclkeler, Almanya, Fransa, Danimarka, Avusturya, Yunanistan, K\u0131br\u0131s Rum Kesimi, L\u00fcksemburg ve Hollanda olarak s\u0131raland\u0131.<\/p>\n<p style=\"text-align: justify;\">Sosyal Demokratlar\u0131n, T\u00fcrkiye&#8217;nin AB \u00fcyeli\u011fini desteklese de fazla sesleri \u00e7\u0131kmad\u0131\u011f\u0131 Almanya&#8217;n\u0131n T\u00fcrkiye politikas\u0131nda belirleyici olan\u0131n, T\u00fcrkiye i\u00e7in \u201cimtiyazl\u0131 ortakl\u0131k\u201dtan yana olan Ba\u015fbakan Angela Merkel\u2019in anlay\u0131\u015f\u0131 oldu\u011fu g\u00f6zleniyor.<\/p>\n<p style=\"text-align: justify;\">Hollanda\u2019n\u0131n da \u00f6nceki y\u0131llarda T\u00fcrkiye&#8217;nin AB \u00fcyeli\u011fine s\u0131cak yakla\u015f\u0131rken son birka\u00e7 y\u0131ld\u0131r T\u00fcrkiye&#8217;nin AB \u00fcyeli\u011fine sessiz (kapal\u0131 kap\u0131lar ard\u0131nda) muhalefet etti\u011fi ancak Hollanda ve L\u00fcksemburg\u2019un, seslerini di\u011fer \u00fclkeler gibi \u00e7\u0131kartmad\u0131\u011f\u0131na dikkat \u00e7ekiliyor.<\/p>\n<p style=\"text-align: justify;\"><strong>-\u201cYUNAN\u0130STAN VE RUM KES\u0130M\u0130 A\u00c7IK\u00c7A YALAN S\u00d6YL\u00dcYOR\u201d <\/strong><\/p>\n<p style=\"text-align: justify;\">ABHaber, T\u00fcrkiye&#8217;nin AB \u00fcyeli\u011fine kar\u015f\u0131 \u00e7\u0131kan Yunanistan ve K\u0131br\u0131s Rum Kesimi ise s\u00fcrekli \u201cT\u00fcrkiye&#8217;nin AB \u00fcyeli\u011fini destekliyoruz\u201d diye kamuoyu \u00f6n\u00fcnde a\u00e7\u0131k\u00e7a \u201cyalan\u201d s\u00f6ylediklerini belirterek \u201cBu iki \u00fclke T\u00fcrkiye&#8217;nin AB yolunu t\u0131kamak isteyen birlik i\u00e7indeki t\u00fcm \u00fclke ve \u00e7evrelerle i\u015fbirli\u011fi yap\u0131yorlar. Do\u011frudan T\u00fcrkiye&#8217;yi hedef almad\u0131klar\u0131n\u0131 g\u00f6stermek i\u00e7in de \u2018T\u00fcrkiye&#8217;nin AB \u00fcyeli\u011fini destekliyoruz\u2019 diye Ankara&#8217;ya mesaj g\u00f6nderiyorlar.\u201d<\/p>\n<p style=\"text-align: justify;\">Bu arada, ABHaber&#8217;e konu\u015fan bir AB g\u00f6zlemcisi, \u015fu de\u011ferlendirmesini yapt\u0131:<\/p>\n<p style=\"text-align: justify;\">&#8220;Yunanistan T\u00fcrkiye&#8217;nin AB \u00fcyeli\u011fi yolunu, 1980 y\u0131llar\u0131n\u0131n ba\u015f\u0131nda birli\u011fe \u00fcye olmas\u0131 sonras\u0131 2000 y\u0131llara kadar t\u0131kad\u0131, bir anlamda misyonunu tamamlad\u0131. \u015eimdi o misyonu K\u0131br\u0131s Rum Y\u00f6netimi ve (Fransa Cumhurba\u015fkan\u0131) Sarkozy gibi y\u00f6neticiler devralm\u0131\u015f durumda. Ama\u00e7 T\u00fcrkiye&#8217;yi AB d\u0131\u015f\u0131nda tutmak. Yunanistan ve Rumlar devlet politikas\u0131 olarak \u2018T\u00fcrkiye&#8217;nin AB \u00fcyeli\u011fini destekliyoruz\u2019 a\u00e7\u0131klamalar\u0131, AB&#8217;de kapal\u0131 kap\u0131lar ard\u0131nda T\u00fcrkiye konusunda izledikleri politikalar tamamen z\u0131t.\u201d<\/p>\n<p style=\"text-align: justify;\"><span style=\"color: #888888;\">Kaynak : Vatan<\/span><\/p>\n","protected":false},"excerpt":{"rendered":"<p style=\"text-align: center;\">\n<p style=\"text-align: justify;\">T\u00fcrkiye\u2019nin \u00fcyeli\u011fine so\u011fuk bakan sekiz AB \u00fclkesinin bulundu\u011fu bildirildi.<\/p>\n<p style=\"text-align: justify;\">T\u00fcrkiye&#8217;nin AB \u00fcyeli\u011fine kar\u015f\u0131 olan \u00fclkeler, Almanya, Fransa, Danimarka, Avusturya, Yunanistan, K\u0131br\u0131s Rum Kesimi, L\u00fcksemburg ve Hollanda olarak s\u0131ralan\u0131yor.<\/p>\n<p style=\"text-align: justify;\">ABHaber\u2019e g\u00f6re, Fransa D\u0131\u015fi\u015fleri Bakan\u0131 Bernard Kouchner&#8217;in ge\u00e7ti\u011fimiz hafta sonu AB D\u0131\u015fi\u015fleri Bakanlar\u0131 gayri resmi toplant\u0131s\u0131n\u0131n d\u00fczenlendi\u011fi, Stockholm&#8217;da&#8221;T\u00fcrkiye&#8217;nin <\/p>\n","protected":false},"author":1,"featured_media":0,"comment_status":"open","ping_status":"closed","sticky":false,"template":"","format":"standard","meta":{"footnotes":""},"categories":[3],"tags":[],"class_list":["post-14449","post","type-post","status-publish","format-standard","hentry","category-dunya","odd"],"_links":{"self":[{"href":"http:\/\/www.korhanyilmaz.com\/index.php?rest_route=\/wp\/v2\/posts\/14449","targetHints":{"allow":["GET"]}}],"collection":[{"href":"http:\/\/www.korhanyilmaz.com\/index.php?rest_route=\/wp\/v2\/posts"}],"about":[{"href":"http:\/\/www.korhanyilmaz.com\/index.php?rest_route=\/wp\/v2\/types\/post"}],"author":[{"embeddable":true,"href":"http:\/\/www.korhanyilmaz.com\/index.php?rest_route=\/wp\/v2\/users\/1"}],"replies":[{"embeddable":true,"href":"http:\/\/www.korhanyilmaz.com\/index.php?rest_route=%2Fwp%2Fv2%2Fcomments&post=14449"}],"version-history":[{"count":0,"href":"http:\/\/www.korhanyilmaz.com\/index.php?rest_route=\/wp\/v2\/posts\/14449\/revisions"}],"wp:attachment":[{"href":"http:\/\/www.korhanyilmaz.com\/index.php?rest_route=%2Fwp%2Fv2%2Fmedia&parent=14449"}],"wp:term":[{"taxonomy":"category","embeddable":true,"href":"http:\/\/www.korhanyilmaz.com\/index.php?rest_route=%2Fwp%2Fv2%2Fcategories&post=14449"},{"taxonomy":"post_tag","embeddable":true,"href":"http:\/\/www.korhanyilmaz.com\/index.php?rest_route=%2Fwp%2Fv2%2Ftags&post=14449"}],"curies":[{"name":"wp","href":"https:\/\/api.w.org\/{rel}","templated":true}]}}