{"id":14444,"date":"2009-09-09T09:02:29","date_gmt":"2009-09-09T06:02:29","guid":{"rendered":"http:\/\/www.korhanyilmaz.com\/?p=14444"},"modified":"2009-09-09T09:02:29","modified_gmt":"2009-09-09T06:02:29","slug":"gorulmemis-felaket","status":"publish","type":"post","link":"http:\/\/www.korhanyilmaz.com\/?p=14444","title":{"rendered":"G\u00f6r\u00fclmemi\u015f felaket"},"content":{"rendered":"<p style=\"text-align: center;\"><a href=\"http:\/\/www.korhanyilmaz.com\/wp-content\/uploads\/2009\/09\/felaket2.jpg\"  class=\"lightview\"><img loading=\"lazy\" decoding=\"async\" class=\"aligncenter size-full wp-image-14445\" src=\"http:\/\/www.korhanyilmaz.com\/wp-content\/uploads\/2009\/09\/felaket2.jpg\" alt=\"\" width=\"329\" height=\"210\" \/><\/a><a class=\"lightview\" title=\"\u0130kitelli Sular Alt\u0131nda.. ::  :: width: 500, height: 395\" rel=\"iframe\" href=\"http:\/\/www.korhanyilmaz.com\/swf\/flvplayer.swf?file=http:\/\/data.gazetevatan.com\/video\/file\/090920090934200369129.flv\"><img loading=\"lazy\" decoding=\"async\" class=\"aligncenter\" src=\"wp-data\/images\/video_izle_tikla.png\" alt=\"\" width=\"30\" height=\"30\" \/ class=\"lightview\"><\/a><\/p>\n<p style=\"text-align: justify;\"><strong><em>Sa\u011fnak ya\u011f\u0131\u015f \u0130stabul&#8217;u etkisi alt\u0131na ald\u0131. <\/em><\/strong><\/p>\n<p style=\"text-align: justify;\">TEK\u0130RDA\u011e, Silivri ve \u00c7atalca&#8217;da sel felaketine neden olan sa\u011fanak ya\u011f\u0131\u015f gece boyunca aral\u0131klala devam etti. Sabah saatlerinde etkisini iyice artt\u0131ran ya\u011fmur, \u0130stanbul&#8217;da sel bask\u0131nlar\u0131na neden oldu. Bas\u0131n Ekspers Yolu sel nedeniyle trafi\u011fe kapand\u0131.<\/p>\n<p style=\"text-align: justify;\">Ya\u011f\u0131\u015f \u00f6zellikle Had\u0131mk\u00f6y, \u0130kitelli, Sultangazi, Avc\u0131lar ve \u00e7evre il\u00e7elerde etkili oldu. Yollarda bir\u00e7ok ara\u00e7 mahsur kald\u0131. \u00c7ok say\u0131da ev ve i\u015fyeri sular alt\u0131nda kald\u0131. \u0130kitelli Bas\u0131n Ekspers Yolu Halkal\u0131 d\u00f6n\u00fc\u015f\u00fcnde biriken sular sele d\u00f6n\u00fc\u015ft\u00fc. Yol \u00e7ift y\u00f6nl\u00fc trafi\u011fe kilitlenirken, onlarca ara\u00e7 sel sular\u0131nda mahsur kald\u0131. Ara\u00e7lardakiler itfaiye ekiplerince kurtar\u0131ld\u0131. \u0130tfaiyeye \u00f6zellikle saat 06.30&#8217;dan sonra y\u00fczlerce bask\u0131n ihbar\u0131 geldi.<\/p>\n<p style=\"text-align: justify;\">Selimpa\u015fa Celali&#8217;de de yo\u011fun \u015fekilde su bask\u0131nlar\u0131 meydana geldi. Evlerin alt katlar\u0131n\u0131 sulan bas\u0131nca, evdekiler \u00fcst katlara s\u0131\u011f\u0131nd\u0131. \u00c7ok say\u0131da ki\u015finin yard\u0131m bekledi\u011fi belirtildi.<!--more--><\/p>\n<p style=\"text-align: justify;\"><strong><em>\u00c7OK SAYIDA KAZA<\/em><\/strong><\/p>\n<p style=\"text-align: justify;\">Sa\u011fanak ya\u011f\u0131\u015flar nedeniyle \u0130stanbul genelinde \u00e7ok say\u0131da kaza meydana geldi. TEM Otoyolu Gazi Sapa\u011f\u0131&#8217;nda Mehmet \u00d6z y\u00f6netimindeki 34 TTE 32 plakal\u0131 ticari taksi ar\u0131za yap\u0131nca s\u00fcr\u00fcc\u00fcs\u00fc yol kenar\u0131na \u00e7ekti. Ara\u00e7tan inen s\u00fcr\u00fcc\u00fc Mehmet \u00d6z&#8217;e bu s\u0131rada hen\u00fcz s\u00fcr\u00fcc\u00fcs\u00fc ve plakas\u0131 \u00f6\u011frenilemeyen kamyon \u00e7arpt\u0131. Kazada, Mehmet \u00d6z olay yerinde ya\u015fam\u0131n\u0131 yitirdi.<\/p>\n<p style=\"text-align: justify;\"><strong><em>DERELER TA\u015eTI, \u0130STANBUL SULAR ALTINDA KALDI<\/em><\/strong><\/p>\n<p style=\"text-align: justify;\">\u0130kitelli Bas\u0131n Ekspres Yolu&#8217;ndaki dere ve Ba\u011fc\u0131lar&#8217;daki Tavuk\u00e7u Deresi ta\u015ft\u0131. Sular \u00e7ok say\u0131da ev ve i\u015fyerine doldu. Y\u00fczlerce ara\u00e7 sel sular\u0131nda s\u00fcr\u00fcklendi. Karayolunda yer yer 2 metreyi bulan sel sular\u0131nda mahsur kalanlar, ara\u00e7lar\u0131n \u00fczerine \u00e7\u0131karak yard\u0131m beklemeye ba\u015flad\u0131. Belediye, Sivil Savunma ve itfaiye ekipleri mahsur kalan ki\u015fileri kurtarmak i\u00e7in \u00e7al\u0131\u015fmalar\u0131n\u0131 s\u00fcrd\u00fcr\u00fcyor.<\/p>\n<p style=\"text-align: justify;\">Meteoroloji yetkililerinin t\u00fcm uyar\u0131lar\u0131na kar\u015f\u0131n \u00f6nlemlerin yetersiz kalmas\u0131 ma\u011fduriyeti artt\u0131rd\u0131.<\/p>\n<p style=\"text-align: justify;\"><strong><em>VAL\u0130 G\u00dcLER: SON YILLARIN EN B\u00dcY\u00dcK FELAKET\u0130<\/em><\/strong><\/p>\n<p style=\"text-align: justify;\">\u0130stanbul Valisi Muammer G\u00fcler, \u0130stanbul&#8217;u fel\u00e7 eden ya\u011f\u0131\u015f ile ilgili olarak bas\u0131na bilgi verdi. \u0130stanbul&#8217;da son y\u0131llarda hi\u00e7 ya\u015fanmayan bir do\u011fal afet ya\u015fand\u0131\u011f\u0131n\u0131 s\u00f6yleyen G\u00fcler, etkili ya\u011f\u0131\u015f\u0131n yar\u0131n da \u0130stanbul&#8217;da s\u00fcrmesinin beklendi\u011fini s\u00f6yledi.<\/p>\n<p style=\"text-align: justify;\">G\u00fcler, ya\u011f\u0131\u015f\u0131n can ve mal kayb\u0131na neden oldu\u011funu s\u00f6yleyerek, &#8220;\u0130stanbul&#8217;da son y\u0131llarda hi\u00e7 ya\u015famad\u0131\u011f\u0131m\u0131z bir do\u011fal afet ya\u015fand\u0131. Ge\u00e7en y\u0131l Eyl\u00fcl ay\u0131n\u0131n tamam\u0131nda 44 kilogram ya\u011fmur ya\u011fm\u0131\u015fken, uzun y\u0131llar\u0131n Eyl\u00fcl ay\u0131n\u0131n ortalamas\u0131 35 kilogram iken, sadece d\u00fcn ve bug\u00fcn 220 kilogram ya\u011fmur ya\u011fd\u0131&#8221; dedi.<\/p>\n<p style=\"text-align: justify;\">Olay\u0131n ba\u015f\u0131ndan itibaren uyar\u0131 ve kurtarma \u00e7al\u0131\u015fmalar\u0131nda zaman\u0131nda ve etkin m\u00fcdahale edildi\u011fini s\u00f6ylene G\u00fcler, kurumlar aras\u0131nda \u00f6rnek bir i\u015fbirli\u011fi ve koordinasyonun sa\u011fland\u0131\u011f\u0131n\u0131 s\u00f6yleyerek, &#8220;10 helikopterle havadan m\u00fcdahale yap\u0131ld\u0131. Bu helikopterler arama kurtarma, ambulans ve ke\u015fif helikopterleriydi. Hem \u00c7atalca, hem Silivri, hem de k\u0131rsal alanlarda mahsur kalan vatanda\u015flara \u00f6ncelikle botlarla m\u00fcdahale edildi. Selimpa\u015fa&#8217;da sahildeki sitelerin bulundu\u011fu b\u00f6l\u00fcmde 3 binan\u0131n y\u0131k\u0131ld\u0131, 800 konutun su alt\u0131nda kald\u0131, Silivri&#8217;de de 900 ev su bask\u0131n\u0131na maruz kald\u0131. Yine Silivri&#8217;de 8 okul, devlet hastanesi, sa\u011fl\u0131k oca\u011f\u0131 ve spor tesisleri de sudan etkilendi, 8 ara\u00e7 sele kap\u0131ld\u0131, 20 sandal da batt\u0131&#8221; diye konu\u015ftu.<\/p>\n<p style=\"text-align: justify;\"><span style=\"color: #888888;\">S\u00fcleyman KAYA\/\u0130STANBUL, (DHA)<\/span><\/p>\n","protected":false},"excerpt":{"rendered":"<p style=\"text-align: center;\">\n<p style=\"text-align: justify;\">Sa\u011fnak ya\u011f\u0131\u015f \u0130stabul&#8217;u etkisi alt\u0131na ald\u0131. <\/p>\n<p style=\"text-align: justify;\">TEK\u0130RDA\u011e, Silivri ve \u00c7atalca&#8217;da sel felaketine neden olan sa\u011fanak ya\u011f\u0131\u015f gece boyunca aral\u0131klala devam etti. Sabah saatlerinde etkisini iyice artt\u0131ran ya\u011fmur, \u0130stanbul&#8217;da sel bask\u0131nlar\u0131na neden oldu. Bas\u0131n Ekspers Yolu sel nedeniyle trafi\u011fe kapand\u0131.<\/p>\n<p style=\"text-align: justify;\">Ya\u011f\u0131\u015f \u00f6zellikle Had\u0131mk\u00f6y, \u0130kitelli, Sultangazi, Avc\u0131lar <\/p>\n","protected":false},"author":1,"featured_media":0,"comment_status":"open","ping_status":"closed","sticky":false,"template":"","format":"standard","meta":{"footnotes":""},"categories":[105],"tags":[],"class_list":["post-14444","post","type-post","status-publish","format-standard","hentry","category-gundem","odd"],"_links":{"self":[{"href":"http:\/\/www.korhanyilmaz.com\/index.php?rest_route=\/wp\/v2\/posts\/14444","targetHints":{"allow":["GET"]}}],"collection":[{"href":"http:\/\/www.korhanyilmaz.com\/index.php?rest_route=\/wp\/v2\/posts"}],"about":[{"href":"http:\/\/www.korhanyilmaz.com\/index.php?rest_route=\/wp\/v2\/types\/post"}],"author":[{"embeddable":true,"href":"http:\/\/www.korhanyilmaz.com\/index.php?rest_route=\/wp\/v2\/users\/1"}],"replies":[{"embeddable":true,"href":"http:\/\/www.korhanyilmaz.com\/index.php?rest_route=%2Fwp%2Fv2%2Fcomments&post=14444"}],"version-history":[{"count":0,"href":"http:\/\/www.korhanyilmaz.com\/index.php?rest_route=\/wp\/v2\/posts\/14444\/revisions"}],"wp:attachment":[{"href":"http:\/\/www.korhanyilmaz.com\/index.php?rest_route=%2Fwp%2Fv2%2Fmedia&parent=14444"}],"wp:term":[{"taxonomy":"category","embeddable":true,"href":"http:\/\/www.korhanyilmaz.com\/index.php?rest_route=%2Fwp%2Fv2%2Fcategories&post=14444"},{"taxonomy":"post_tag","embeddable":true,"href":"http:\/\/www.korhanyilmaz.com\/index.php?rest_route=%2Fwp%2Fv2%2Ftags&post=14444"}],"curies":[{"name":"wp","href":"https:\/\/api.w.org\/{rel}","templated":true}]}}