{"id":14440,"date":"2009-09-08T10:21:06","date_gmt":"2009-09-08T07:21:06","guid":{"rendered":"http:\/\/www.korhanyilmaz.com\/?p=14440"},"modified":"2009-09-08T10:21:06","modified_gmt":"2009-09-08T07:21:06","slug":"azerbaycandan-ermenistana-cagriisgale-son-verin","status":"publish","type":"post","link":"http:\/\/www.korhanyilmaz.com\/?p=14440","title":{"rendered":"Azerbaycan&#039;dan Ermenistan&#039;a \u00e7a\u011fr\u0131:\u0130\u015fgale son verin"},"content":{"rendered":"<p style=\"text-align: center;\"><a href=\"http:\/\/www.korhanyilmaz.com\/wp-content\/uploads\/2009\/09\/azerbeycan.jpg\"  class=\"lightview\"><img loading=\"lazy\" decoding=\"async\" class=\"aligncenter size-full wp-image-14441\" src=\"http:\/\/www.korhanyilmaz.com\/wp-content\/uploads\/2009\/09\/azerbeycan.jpg\" alt=\"\" width=\"450\" height=\"225\" \/><\/a><\/p>\n<p style=\"text-align: justify;\"><strong><em>Azerbaycan: \u0130\u015fgal biterse t\u00fcm yollar Ermenilere a\u00e7\u0131l\u0131r.<\/em><\/strong><\/p>\n<p style=\"text-align: justify;\">Azerbaycan D\u0131\u015fi\u015fleri Bakanl\u0131\u011f\u0131, i\u015fgal edilen Da\u011fl\u0131k Karaba\u011f d\u0131\u015f\u0131ndaki b\u00f6lgelerin kontrollerine  verilmesi kar\u015f\u0131l\u0131\u011f\u0131nda, Ermenistan\u2019la kapal\u0131 olan t\u00fcm ula\u015f\u0131m yollar\u0131n\u0131n a\u00e7\u0131labilece\u011fini a\u00e7\u0131klad\u0131<\/p>\n<p style=\"text-align: justify;\">Rusya bas\u0131n\u0131na konu\u015fan Azerbaycan D\u0131\u015fi\u015fleri Bakanl\u0131\u011f\u0131 S\u00f6zc\u00fcs\u00fc Elhan Poluhov, Ermenistan birliklerince i\u015fgal edilen Da\u011fl\u0131k Karaba\u011f d\u0131\u015f\u0131daki b\u00f6lgelerin Azerbaycan kontrol\u00fcne verilmesi kar\u015f\u0131l\u0131\u011f\u0131nda Bak\u00fc y\u00f6netiminin Ermenistan\u2019la kapal\u0131 olan t\u00fcm ula\u015f\u0131m yollar\u0131n\u0131 a\u00e7aca\u011f\u0131n\u0131 s\u00f6yedi. \u2019\u0130lk a\u015famada Karaba\u011f d\u0131\u015f\u0131ndaki 7 b\u00f6lgeden 5\u2019nin (A\u011fdam, Fuzuli, Zengilan, Cebrail ve Gubadl\u0131) kontol\u00fc Azerbaycan\u2019a ge\u00e7meli. Art\u0131 La\u00e7in ve Kelbecer b\u00f6lgelerinin i\u015fgalinin sona erece\u011fi tarih de net olarak belirlenmeli. Bunun kar\u015f\u0131l\u0131\u011f\u0131nda bizler y\u0131llardan beri kapal\u0131 olan demiryolu a\u011f\u0131 ile otoyollar\u0131 tekrar kullan\u0131ma a\u00e7aca\u011f\u0131z\u2019diyen Poluhov, iki halk aras\u0131ndaki g\u00fcven sorunun ortadan kald\u0131r\u0131lmas\u0131 y\u00f6n\u00fcnde de ciddi \u00e7al\u0131\u015fmalar yap\u0131laca\u011f\u0131n\u0131 vurgulad\u0131. <!--more--><\/p>\n<p style=\"text-align: justify;\"><strong><em>Uzamas\u0131na izin vermeyiz<\/em><\/strong><\/p>\n<p style=\"text-align: justify;\">Azeri diplomata g\u00f6re, Ermenistan taraf\u0131ndan i\u015fgal edilen b\u00f6lgelere Azeri n\u00fcfus d\u00f6nd\u00fckten sonra b\u00f6lge halk\u0131n\u0131n g\u00fcvenli\u011fini garanti alt\u0131na alacak uluslararas\u0131 mekanizma da uygulamaya sokulabilir. Bunun yan\u0131s\u0131ra Da\u011fl\u0131k Karaba\u011f Ermenileri ile Ermenistan aras\u0131nda \u2019g\u00fcvenli ve kesintisiz ula\u015f\u0131m a\u011f\u0131 mekanizmas\u0131\u2019da g\u00f6r\u00fc\u015f\u00fclebilir. Nihayi a\u015famada ise \u201cAzerbaycan\u2019a ba\u011fl\u0131 kalacak \u015fekilde bir Da\u011fl\u0131k Karaba\u011f\u2019\u0131n status\u00fc g\u00fcndeme gelecek  Da\u011fl\u0131k Karaba\u011f\u2019da olu\u015fturulan kukla y\u00f6netimin ba\u011f\u0131ms\u0131zl\u0131\u011f\u0131n\u0131n Erivan taraf\u0131ndan tan\u0131nmas\u0131 halinde Bar\u0131\u015f s\u00fcrecinin durdurulaca\u011f\u0131n\u0131 vurgulayan Poluhov, \u2019Ermenistan bu ad\u0131ma imza atarsa t\u00fcm sonu\u00e7lardan sorumlu olacak. Azerbaycan Karaba\u011f bar\u0131\u015f s\u00fcrecinin olduk olmad\u0131k bahanelerle daha 15-20 sene uzamas\u0131na izin veremez. Erivan y\u00f6netimi bar\u0131\u015f s\u00fcrecini tehlikeli \u00e7izgiye getirmemeli\u201d dedi.  1985-1991 d\u00f6neminde Ermenistan\u2019dan s\u00fcr\u00fclen y\u00fczbinlerce Azeri ile Azerbaycan\u2019\u0131 terk eden on binlerce Ermeni\u2019nin d\u00f6nmesi konusunun bar\u0131\u015f s\u00fcreci kapsam\u0131nda g\u00f6r\u00fc\u015f\u00fclmedi\u011fini kaydeden Poluhov, \u201cBu insanlar daha SSCB da\u011f\u0131lmadan g\u00f6\u00e7 ettikleri i\u00e7in \u015fu an bulunduklar\u0131 \u00fclkelerin vatanda\u015fl\u0131klar\u0131na sahipler. Dolay\u0131s\u0131yla uluslararas\u0131 hukuka g\u00f6re m\u00fclteci de\u011filler.  Ger\u00e7i bu konu da Da\u011fl\u0131k Karaba\u011f sorunu \u00e7\u00f6z\u00fcld\u00fckten sonra \u00e7\u00f6z\u00fclebilir\u201d dedi.<\/p>\n<p style=\"text-align: justify;\"><strong><em>Soyda\u015flar g\u00f6steriye haz\u0131rlan\u0131yor: One minute<\/em><\/strong><\/p>\n<p style=\"text-align: justify;\">Cumhurba\u015fkan\u0131 \u0130lham Aliyev\u2019in b\u00fcy\u00fck farkla kazand\u0131\u011f\u0131, muhalefet partilerinin ise boykot etti\u011fi se\u00e7imlere kat\u0131lan 6 y\u00f6netim yanl\u0131s\u0131 politikac\u0131, AKP h\u00fckumetinin son Ermenistan a\u00e7\u0131l\u0131mlar\u0131na tepki olarak ortak g\u00f6steri i\u00e7in g\u00f6r\u00fc\u015fmelere ba\u015flad\u0131. G\u00f6steri \u00f6nerisini g\u00fcndeme getiren \u2019Modern Musavat\u2019Partisi lideri Hafiz Haciyev, adaylardan baz\u0131lar\u0131 ile art\u0131k g\u00f6r\u00fc\u015ft\u00fc\u011f\u00fcn\u00fc a\u00e7\u0131klad\u0131. S\u00f6zkonusu diyalog olumlu sonu\u00e7lan\u0131rsa \u00f6n\u00fcm\u00fczdeki g\u00fcnlerde Bak\u00fc T\u00fcrkiye h\u00fck\u00fcmeti kar\u015f\u0131t\u0131 mitinglere sahne olacak. Bu arada, \u2019Tek Azerbaycan Halk Cephesi\u2019Partisi art\u0131k bu konudaki net tavr\u0131n\u0131 ortaya koydu. Parti temsilcileri T\u00fcrkiye\u2019nin Bak\u00fc b\u00fcy\u00fckel\u00e7ili\u011fi \u00f6n\u00fcnde 15 Eyl\u00fcl\u2019de \u2019One minute \u2018Davos Fatihi\u2019, biz de m\u00fcsl\u00fcman\u0131z\u2019 sloganl\u0131 g\u00f6steri d\u00fczenleyeceklerini duyurdu.<\/p>\n<p style=\"text-align: justify;\"><span style=\"color: #888888;\">Kaynak : <a href=\"http:\/\/www.yenicaggazetesi.com.tr\/haberdetay.php?hit=22751\" target=\"_blank\">yenicaggazetesi.com.tr<\/a><\/span><\/p>\n","protected":false},"excerpt":{"rendered":"<p style=\"text-align: center;\">\n<p style=\"text-align: justify;\">Azerbaycan: \u0130\u015fgal biterse t\u00fcm yollar Ermenilere a\u00e7\u0131l\u0131r.<\/p>\n<p style=\"text-align: justify;\">Azerbaycan D\u0131\u015fi\u015fleri Bakanl\u0131\u011f\u0131, i\u015fgal edilen Da\u011fl\u0131k Karaba\u011f d\u0131\u015f\u0131ndaki b\u00f6lgelerin kontrollerine verilmesi kar\u015f\u0131l\u0131\u011f\u0131nda, Ermenistan\u2019la kapal\u0131 olan t\u00fcm ula\u015f\u0131m yollar\u0131n\u0131n a\u00e7\u0131labilece\u011fini a\u00e7\u0131klad\u0131<\/p>\n<p style=\"text-align: justify;\">Rusya bas\u0131n\u0131na konu\u015fan Azerbaycan D\u0131\u015fi\u015fleri Bakanl\u0131\u011f\u0131 S\u00f6zc\u00fcs\u00fc Elhan Poluhov, Ermenistan birliklerince i\u015fgal edilen Da\u011fl\u0131k Karaba\u011f d\u0131\u015f\u0131daki b\u00f6lgelerin Azerbaycan kontrol\u00fcne <\/p>\n","protected":false},"author":1,"featured_media":0,"comment_status":"open","ping_status":"closed","sticky":false,"template":"","format":"standard","meta":{"footnotes":""},"categories":[105],"tags":[],"class_list":["post-14440","post","type-post","status-publish","format-standard","hentry","category-gundem","odd"],"_links":{"self":[{"href":"http:\/\/www.korhanyilmaz.com\/index.php?rest_route=\/wp\/v2\/posts\/14440","targetHints":{"allow":["GET"]}}],"collection":[{"href":"http:\/\/www.korhanyilmaz.com\/index.php?rest_route=\/wp\/v2\/posts"}],"about":[{"href":"http:\/\/www.korhanyilmaz.com\/index.php?rest_route=\/wp\/v2\/types\/post"}],"author":[{"embeddable":true,"href":"http:\/\/www.korhanyilmaz.com\/index.php?rest_route=\/wp\/v2\/users\/1"}],"replies":[{"embeddable":true,"href":"http:\/\/www.korhanyilmaz.com\/index.php?rest_route=%2Fwp%2Fv2%2Fcomments&post=14440"}],"version-history":[{"count":0,"href":"http:\/\/www.korhanyilmaz.com\/index.php?rest_route=\/wp\/v2\/posts\/14440\/revisions"}],"wp:attachment":[{"href":"http:\/\/www.korhanyilmaz.com\/index.php?rest_route=%2Fwp%2Fv2%2Fmedia&parent=14440"}],"wp:term":[{"taxonomy":"category","embeddable":true,"href":"http:\/\/www.korhanyilmaz.com\/index.php?rest_route=%2Fwp%2Fv2%2Fcategories&post=14440"},{"taxonomy":"post_tag","embeddable":true,"href":"http:\/\/www.korhanyilmaz.com\/index.php?rest_route=%2Fwp%2Fv2%2Ftags&post=14440"}],"curies":[{"name":"wp","href":"https:\/\/api.w.org\/{rel}","templated":true}]}}