{"id":14436,"date":"2009-09-08T21:03:56","date_gmt":"2009-09-08T18:03:56","guid":{"rendered":"http:\/\/www.korhanyilmaz.com\/?p=14436"},"modified":"2009-09-08T21:03:56","modified_gmt":"2009-09-08T18:03:56","slug":"milletten-neyi-sakliyorsunuz","status":"publish","type":"post","link":"http:\/\/www.korhanyilmaz.com\/?p=14436","title":{"rendered":"Milletten neyi sakl\u0131yorsunuz"},"content":{"rendered":"<p style=\"text-align: center;\"><a href=\"http:\/\/www.korhanyilmaz.com\/wp-content\/uploads\/2009\/09\/1252433027.jpg\"  class=\"lightview\"><img loading=\"lazy\" decoding=\"async\" class=\"aligncenter size-full wp-image-14437\" src=\"http:\/\/www.korhanyilmaz.com\/wp-content\/uploads\/2009\/09\/1252433027.jpg\" alt=\"\" width=\"450\" height=\"225\" \/><\/a><\/p>\n<p style=\"text-align: justify;\"><strong><em>Bah\u00e7eli, \u00e7ok a\u011f\u0131r konu\u015ftu!<\/em><\/strong><\/p>\n<p style=\"text-align: justify;\">MHP Genel Ba\u015fkan\u0131 Devlet Bah\u00e7eli, Ba\u015fbakan Erdo\u011fan\u2019\u0131 topa tuttu: B\u00f6l\u00fcc\u00fc dayatmalar kar\u015f\u0131s\u0131nda haz\u0131rola ge\u00e7enlerin sinsi emel ve niyetleri \u00e7ok iyi anla\u015f\u0131lmal\u0131. Ba\u015fbakan gizli oturum isteyerek T\u00fcrk milletinden neyi saklamaya \u00e7al\u0131\u015f\u0131yor, neden korkuyor ve utan\u0131yor? Siyasi b\u00f6l\u00fcc\u00fcba\u015f\u0131 olarak tarihe ge\u00e7ecek. Kendisini namuslu ve d\u00fcr\u00fcst olmaya davet ediyoruz.<\/p>\n<p style=\"text-align: justify;\"><strong><em>\u201cGizli oturumda art niyet var\u201d<\/em><\/strong><\/p>\n<p style=\"text-align: justify;\">G\u0130ZL\u0130 oturum karar\u0131na CHP de sert tepki verdi. Grup Ba\u015fkanvekili Hakk\u0131 S\u00fcha Okay, \u015fu de\u011ferlendirmeyi yapt\u0131: Hem \u2018Projenin muhatab\u0131 millet\u2019 diyeceksin, hem de millete de\u011fil gizlice vekiline anlat\u0131p 10 y\u0131l boyunca kamuoyundan saklayacaks\u0131n. O zaman burada bir art niyet var. S\u00fcrece bak\u0131ld\u0131\u011f\u0131nda as\u0131l projenin \u0130mral\u0131\u2019y\u0131 kurtarma plan\u0131 oldu\u011fu g\u00f6r\u00fcl\u00fcyor! <!--more--><\/p>\n<p style=\"text-align: justify;\"><strong><em>AKP gizli oturum istedi muhalefet rest \u00e7ekti!<\/em><\/strong><\/p>\n<p style=\"text-align: justify;\">H\u00fck\u00fcmetin, s\u00f6zde demokratik a\u00e7\u0131l\u0131m projesi ad\u0131 alt\u0131nda TBMM\u2019de kapal\u0131 oturum d\u00fczenleme gayreti muhalefeti aya\u011fa kald\u0131rd\u0131. CHP\u2019li Hakk\u0131 S\u00fcha Okay, \u201cBurada bir art niyet var\u201d dedi.<\/p>\n<p style=\"text-align: justify;\">S\u00f6zde demokratik a\u00e7\u0131l\u0131m projesini Meclis\u2019in kapal\u0131 oturumunda g\u00f6r\u00fc\u015fmeyi planlayan iktidar, muhalefetin sert tepkisiyle kar\u015f\u0131la\u015ft\u0131. AKP\u2019nin a\u00e7\u0131l\u0131m\u0131, Ankara\u2019n\u0131n yine a\u011f\u0131rl\u0131kl\u0131 g\u00fcndem maddesi olmay\u0131 s\u00fcrd\u00fcr\u00fcyor. Uzun bir aradan sonra toplanan AKP MYK toplant\u0131s\u0131nda bu konu tart\u0131\u015f\u0131ld\u0131. Edinilen bilgilere g\u00f6re Ekim ay\u0131nda parlamento a\u00e7\u0131ld\u0131ktan sonraki ilk hafta h\u00fck\u00fcmet kapal\u0131 bir oturumla muhalefete bilgi vermeyi hedefliyor. Gizli oturumda, iktidar\u0131n bir yol haritas\u0131 da sunmas\u0131 bekleniyor. Bu arada, Ba\u015fbakan Recep Tayyip Erdo\u011fan\u2019\u0131n muhalefet liderleriyle yapaca\u011f\u0131 g\u00f6r\u00fc\u015fmeler de g\u00fcndemdeki yerini koruyor.<\/p>\n<p style=\"text-align: justify;\"><strong><em>Neyi ka\u00e7\u0131r\u0131yorsunuz?<\/em><\/strong><\/p>\n<p style=\"text-align: justify;\">CHP Grup Ba\u015fkanvekili Hakk\u0131 S\u00fcha Okay, h\u00fck\u00fcmetin demokratik a\u00e7\u0131l\u0131m projesinin TBMM\u2019de kapal\u0131 oturumda ele al\u0131nmas\u0131na ili\u015fkin karar\u0131n\u0131 ele\u015ftirdirdi. Okay, Meclis\u2019te gazetecilerle yapt\u0131\u011f\u0131 sohbet toplant\u0131s\u0131nda, gizli oturum \u00e7abalar\u0131na ili\u015fkin, \u015funlar\u0131 s\u00f6yledi: \u201cBu projenin muhatab\u0131 millettir diyorlar. O zaman Meclis\u2019te kapal\u0131 oturum yaparak milletten neyi ka\u00e7\u0131r\u0131yorsunuz? Milletin neyi bilmesini istemiyorsunuz, Millete sunaca\u011f\u0131n\u0131z proje yoksa milletin benimsemeyece\u011fi projeler mi, onlar\u0131n bilinmesini mi istemiyorsunuz. \u00c7\u00fcnk\u00fc anayasa gere\u011fi bu kapal\u0131 oturum 10 y\u0131l a\u00e7\u0131klanmayacak. Kapal\u0131 kap\u0131lar ard\u0131nda milletten bir \u015feyler saklay\u0131p, ama milletin vekiline anlatacaks\u0131n\u0131z ve 10 y\u0131l milletten saklayacaks\u0131n\u0131z. O zaman bir art niyet d\u00fc\u015f\u00fcnmek laz\u0131m.\u201d<\/p>\n<p style=\"text-align: justify;\"><strong><em>\u0130mral\u0131\u2019y\u0131 kurtarma plan\u0131<\/em><\/strong><\/p>\n<p style=\"text-align: justify;\">Okay, \u201cDemokratik A\u00e7\u0131l\u0131m s\u00fcrecine bak\u0131ld\u0131\u011f\u0131nda as\u0131l projenin \u0130mral\u0131\u2019y\u0131 kurtarma plan\u0131 oldu\u011funu g\u00f6r\u00fcyoruz. E\u011fer siyasal iktidar bu projenin bir par\u00e7as\u0131 olmad\u0131\u011f\u0131n\u0131, a\u00e7\u0131l\u0131m ile ilgili bir proje oldu\u011funu bize sunarsa belki bu g\u00f6r\u00fc\u015fme olabilir. Bu ko\u015fullarda bir g\u00f6r\u00fc\u015fmenin olmas\u0131 s\u00f6z konusu olamaz\u201d diye konu\u015ftu. CHP\u2019li Okay, Ba\u015fbakan Erdo\u011fan\u2019\u0131n Ramazan Bayram\u0131ndan sonra CHP ve MHP\u2019yle g\u00f6r\u00fc\u015fme taleplerini yineleyeceklerine ili\u015fkin haberlere, CHP\u2019nin daha \u00f6nce g\u00f6r\u00fc\u015fme taleplerine verdi\u011fi yan\u0131t\u0131n de\u011fi\u015fmedi\u011fini vurgulad\u0131.<\/p>\n<p style=\"text-align: justify;\"><strong><em>G\u00fcndemi sapt\u0131r\u0131yorlar<\/em><\/strong><\/p>\n<p style=\"text-align: justify;\">Okay, H\u00fck\u00fcmeti T\u00fcrkiye\u2019nin ger\u00e7ek g\u00fcndemini sapt\u0131rmak i\u00e7in zaman zaman muhtelif a\u00e7\u0131l\u0131mlarda bulunarak, siyasi partileri ve medyay\u0131 me\u015fgul etmekle su\u00e7lad\u0131. Okay, May\u0131s aylar\u0131nda T\u00fcrkiye sahte darbe belgeleriyle bir s\u00fcre me\u015fgul oldu. \u015eimdi de de\u011fi\u015fik a\u00e7\u0131l\u0131mlarla devam ediliyor \u201c dedi. Okay, Ba\u015fbakan Erdo\u011fan\u2019\u0131n, ba\u015flang\u0131\u00e7ta \u201d K\u00fcrt a\u00e7\u0131l\u0131mla \u201c ba\u015flad\u0131\u011f\u0131n\u0131, ard\u0131ndan bu a\u00e7\u0131l\u0131m\u0131n \u201d Demokratik A\u00e7\u0131l\u0131m \u201c olarak isim de\u011fi\u015ftirdi\u011fini en son da \u201d Milli Birlik Beraberlik A\u00e7\u0131l\u0131m \u201c olarak devam etti\u011fini de s\u00f6zlerine ekledi.<\/p>\n<p style=\"text-align: justify;\"><strong><em>H\u00fck\u00fcmet ikiy\u00fczl\u00fc<\/em><\/strong><\/p>\n<p style=\"text-align: justify;\">CHP Grup Ba\u015fkanvekili Kemal K\u0131l\u0131\u00e7daro\u011flu, AKP\u2019nin demokratik a\u00e7\u0131l\u0131m i\u00e7in TBMM\u2019de gizli oturum istemesinin \u00e7eli\u015fki ve iki y\u00fczl\u00fcl\u00fck oldu\u011funu \u00f6ne s\u00fcrd\u00fc.  K\u0131l\u0131\u00e7daro\u011flu, \u201cSiz demokratik a\u00e7\u0131l\u0131mdan s\u00f6z ediyorsunuz hak ve \u00f6zg\u00fcrl\u00fcklerin geni\u015fletilmesini istiyorsunuz ama \u2019bunlar\u0131n g\u00f6r\u00fc\u015f\u00fclmesinin yeri meclistir\u2019 mecliste gizli oturumda g\u00f6r\u00fc\u015fece\u011fiz\u2019 diyorsunuz. Tam bir \u00e7eli\u015fki. Demokratik a\u00e7\u0131dan \u00e7eli\u015fki. H\u00fck\u00fcmetin iki y\u00fczl\u00fcl\u00fc\u011f\u00fcn\u00fc bundan daha iyi sergileyen ba\u015fka bir olay olamaz\u201d dedi.<\/p>\n<p style=\"text-align: justify;\"><strong><em>Mant\u0131kla ba\u011fda\u015fm\u0131yor<\/em><\/strong><\/p>\n<p style=\"text-align: justify;\">A\u00e7\u0131l\u0131mla ilgili AKP\u2019den bir tek \u00f6nerinin gelmedi\u011fini ifade eden K\u0131l\u0131\u00e7daro\u011flu, \u201cHi\u00e7 \u00f6neri yok. \u00d6yle anla\u015f\u0131l\u0131yor ki \u00f6nerilerini parlamentoda gizli oylamayla ve halktan gizli yapacaklar. Bunu ak\u0131lla mant\u0131kla ba\u011fda\u015ft\u0131rmak m\u00fcmk\u00fcn de\u011fil. Siz bireysel \u00f6zg\u00fcrl\u00fckleri geni\u015fletecekseniz, halka \u00f6zg\u00fcrl\u00fck getirecekseniz, demokrasinin geli\u015fimiyle ter\u00f6r\u00fc sonland\u0131racaksan\u0131z o zaman parlamentoda neden gizli oturum yap\u0131yorsunuz. \u00c7\u0131k\u0131n yurtta\u015f\u0131n kar\u015f\u0131s\u0131na \u2019\u015fu \u00f6nlemleri getirece\u011fiz\u2019 deyin bitsin. Ama maalesef AKP\u2019nin demokrasi anlay\u0131\u015f\u0131 bu. AKP kendi tutars\u0131zl\u0131\u011f\u0131n\u0131 s\u00fcrd\u00fcr\u00fcyor\u201d diye konu\u015ftu.<\/p>\n<p style=\"text-align: justify;\"><em><strong>Kapal\u0131 kap\u0131lar ard\u0131nda g\u00f6r\u00fc\u015fmeyiz<\/strong><\/em><\/p>\n<p style=\"text-align: justify;\">MHP Genel Sekreteri Cihan Pa\u00e7ac\u0131, K\u00fcrt a\u00e7\u0131l\u0131m\u0131yla ilgili Ba\u015fbakan Erdo\u011fan\u2019\u0131n siyasi parti liderleriyle g\u00f6r\u00fc\u015fme ve Meclis\u2019te gizli oturum plan\u0131na \u201dT\u00fcrkiye\u2019yi b\u00f6l\u00fcnmeye g\u00f6t\u00fcrecek bir s\u00fcreci kapal\u0131 kap\u0131lar ard\u0131nda kimseyle g\u00f6r\u00fc\u015fmeyiz\u201c yan\u0131t\u0131n\u0131 verdi. Pa\u00e7ac\u0131 Meclis\u2019te gazetecilerin sorular\u0131 \u00fczerine AKP MYK\u2019s\u0131nda al\u0131nan K\u00fcrt a\u00e7\u0131l\u0131m\u0131yla ilgili karar\u0131 de\u011ferlendirdi. Meclis\u2019te kapal\u0131 oturum d\u00fczenlenmesinin son derece yanl\u0131\u015f bir yakla\u015f\u0131m oldu\u011funu ifade eden Pa\u00e7ac\u0131, g\u00f6r\u00fc\u015f\u00fclen konular\u0131n i\u00e7t\u00fcz\u00fc\u011fe g\u00f6re 10 y\u0131l boyunca a\u00e7\u0131klanamayaca\u011f\u0131n\u0131 hat\u0131rlatt\u0131. Pa\u00e7ac\u0131 \u201c\u015eimdi hangi konu\u015fmay\u0131, hangi g\u00f6r\u00fc\u015fmeyi milletten sakl\u0131yorsunuz. Bu sorunun cevab\u0131n\u0131 vermek laz\u0131m. PKK ter\u00f6r \u00f6rg\u00fct\u00fcn\u00fcn bildi\u011fini milletten gizlemek do\u011fru mu? Bu son derece yanl\u0131\u015f bir yakla\u015f\u0131md\u0131r. Ne s\u00f6ylenecekse a\u00e7\u0131k ve net olarak milletin huzurunda s\u00f6ylenmesi gerekir.\u201d diye konu\u015ftu.<\/p>\n<p style=\"text-align: justify;\"><strong><em>MHP tutars\u0131z de\u011fil<\/em><\/strong><\/p>\n<p style=\"text-align: justify;\">MHP olarak Meclis \u00e7al\u0131\u015fmalar\u0131na genellikle kat\u0131ld\u0131klar\u0131n\u0131 ve T\u00fcrkiye\u2019nin meselelerinin Meclis \u00e7at\u0131s\u0131 alt\u0131nda g\u00f6r\u00fc\u015f\u00fclmesi gerekti\u011fini s\u00f6ylediklerini kaydeden Pa\u00e7ac\u0131, \u015funlar\u0131 kaydetti: \u201cD\u00fcn ne s\u00f6yl\u00fcyorsak bug\u00fcn de ayn\u0131 \u015feyleri s\u00f6yl\u00fcyoruz. DTP\u2019ye d\u00fcn PKK ter\u00f6r \u00f6rg\u00fct\u00fcd\u00fcr demedi diye g\u00f6r\u00fc\u015fmeyen Ba\u015fbakan bu d\u00f6nemde \u00e7ok rahat bir \u015fekilde g\u00f6r\u00fc\u015fm\u00fc\u015ft\u00fcr. MHP bu t\u00fcr tutars\u0131zl\u0131klar i\u00e7inde de\u011fildir.\u201d \u015feklinde konu\u015ftu. (ANKA)<\/p>\n<p style=\"text-align: justify;\">H\u00fck\u00fcmet, Ekim ay\u0131n\u0131n ilk haftas\u0131nda Meclis Genel Kurulu\u2019nda kapal\u0131 bir oturum d\u00fczenleyerek, s\u00f6zde K\u00fcrt a\u00e7\u0131l\u0131m\u0131yla ilgili muhalefeti bilgilendirmeyi ama\u00e7l\u0131yor. Ancak muhalefet, gizli oturuma kar\u015f\u0131 \u00e7\u0131k\u0131yor.<\/p>\n<p style=\"text-align: justify;\"><strong><em>Bah\u00e7eli: T\u00fcrk milletinden neyi saklamaya \u00e7al\u0131\u015f\u0131yorsun<\/em><\/strong><\/p>\n<p style=\"text-align: justify;\">MHP Genel Ba\u015fkan\u0131, \u201cBa\u015fbakan gizli oturum isteyerek T\u00fcrk milletinden neyi saklamaya \u00e7al\u0131\u015f\u0131yor, neden korkuyor ve utan\u0131yor?\u201d diye sordu.<\/p>\n<p style=\"text-align: justify;\">MHP Genel Ba\u015fkan\u0131 Devlet Bah\u00e7eli, Meclis\u2019te gizli bir oturumda s\u00f6zde a\u00e7\u0131l\u0131m\u0131 tart\u0131\u015fmak isteyen Ba\u015fbakan Recep Tayyip Erdo\u011fan\u2019\u0131 a\u011f\u0131r bir dille ele\u015ftirdi. Bah\u00e7eli, yapt\u0131\u011f\u0131 yaz\u0131l\u0131 a\u00e7\u0131klamada, \u201cya\u015fanan geli\u015fmelerin T\u00fcrkiye\u2019yi ciddi risk ve tehlikelerle dolu bir s\u00fcrece getirdi\u011fini\u201d savundu. Bah\u00e7eli, \u015funlar\u0131 kaydetti: \u201cTBMM\u2019nin kapal\u0131 oturumunda PKK\u2019n\u0131n siyasi temsilcileri haz\u0131r bulunacak, bu yolla PKK, \u0130mral\u0131 ve Kandil ne konu\u015fuldu\u011fundan haberdar olacak, buna kar\u015f\u0131l\u0131k yegane muhatap oldu\u011fu iddia edilen T\u00fcrk milleti karanl\u0131kta b\u0131rak\u0131lacakt\u0131r. Bunun anla\u015f\u0131labilir ve savunulabilir bir y\u00f6n\u00fc olmad\u0131\u011f\u0131n\u0131 ak\u0131l ve izan sahibi herkes kabul edecektir. Bu bak\u0131mdan, T\u00fcrk milletinden ka\u00e7arak kapal\u0131 kap\u0131lar arkas\u0131nda b\u00f6l\u00fcc\u00fcl\u00fck g\u00fcndemine hayata ge\u00e7irmeyi hesaplayan Ba\u015fbakan\u2019\u0131 d\u00fcr\u00fcst ve namuslu olmaya davet etmek isteriz. Bu ayr\u0131\u015fma, b\u00f6l\u00fcnme ve \u00e7at\u0131\u015fma projesini halk\u0131n g\u00f6rmesini \u00f6nlemeye hi\u00e7 kimsenin g\u00fcc\u00fc yetmeyecektir.\u201d<\/p>\n<p style=\"text-align: justify;\"><strong><em>Aklanamayacaklar<\/em><\/strong><\/p>\n<p style=\"text-align: justify;\">\u0130ktidar\u0131n TBMM\u2019de \u2018Gizli oturum yapal\u0131m\u2019 \u00e7a\u011fr\u0131s\u0131n\u0131 ahlaki bulmad\u0131\u011f\u0131n\u0131 s\u00f6yleyen Bah\u00e7eli, \u2018Ba\u015fbakan bu projenin milli birlik ve b\u00fct\u00fcnl\u00fck bar\u0131\u015f ve karde\u015flik projesi oldu\u011funu iddia etmekte ve bunun muhatab\u0131n\u0131n T\u00fcrk milleti oldu\u011funu s\u00f6ylemektedir. Bu durumda Ba\u015fbakan konunun gizli oturumda, kapal\u0131 kap\u0131lar arkas\u0131nda ele al\u0131nmas\u0131n\u0131 isteyerek T\u00fcrk milletinden neyi saklamaya \u00e7al\u0131\u015fmakta, neden korkmakta ve utanmaktad\u0131r. Bunun anla\u015f\u0131l\u0131r ve savunulabilir \u201d dedi.<\/p>\n<p style=\"text-align: justify;\"><strong><em>Hain bir suikast<\/em><\/strong><\/p>\n<p style=\"text-align: justify;\">\u201cAKP\u2019nin bundan ka\u00e7ma giri\u015fimleri, asl\u0131nda \u00e7\u0131kt\u0131klar\u0131 d\u00f6n\u00fc\u015f\u00fc olmayan yolculu\u011fun bir ihanet yolculu\u011fu oldu\u011funun kabul\u00fc ve itiraf\u0131d\u0131r\u201d diyen Bah\u00e7eli, \u015f\u00f6yle devam etti: \u201cMHP, TBMM Genel Kurulu\u2019nun a\u00e7\u0131k oturumunda bu hain oyunu te\u015fhir etmeye haz\u0131rd\u0131r. Milliyet\u00e7i hareket, bunun d\u0131\u015f\u0131nda Ba\u015fbakan\u0131n y\u00f6nlendirdi\u011fi K\u00fcrt a\u00e7\u0131l\u0131m\u0131 s\u00fcrecinin hi\u00e7bir a\u015famas\u0131nda bulunmayacak, bu konuyu hi\u00e7 kimseyle g\u00f6r\u00fc\u015fmeyecektir.\u201d<\/p>\n<p style=\"text-align: justify;\">Bah\u00e7eli, Meclis\u2019te kapal\u0131 oturum hedefleyen h\u00fck\u00fcmeti sert bir dille ele\u015ftirdi.<\/p>\n<p style=\"text-align: justify;\"><strong>\u0130ftarlar\u0131 kongreye \u00e7evirdi<\/strong><\/p>\n<p style=\"text-align: justify;\">MHP Genel Ba\u015fkan\u0131 Devlet Bah\u00e7eli, AKP s\u00f6zc\u00fclerinin m\u00fcbarek Ramazan ay\u0131n\u0131 b\u00f6l\u00fcnme modellerini pazarlamak i\u00e7in kullanmalar\u0131, iftar yemeklerinde bu y\u0131k\u0131m projesinin tan\u0131t\u0131m\u0131n\u0131 ve reklam\u0131n\u0131 yapmalar\u0131n\u0131 ibret ve esef verici bir durum olarak nitelendirdi. Bah\u00e7eli, \u015funlar\u0131 kaydetti: \u201c\u2019Ba\u015fbakan\u2019\u0131n devletin ter\u00f6rle m\u00fccadele etmekle g\u00f6revli kurumlar\u0131nda tertiplenen iftar yemeklerini parti kongresine \u00e7evirmesi ve ba\u015flatt\u0131\u011f\u0131 b\u00f6l\u00fcnme s\u00fcreci hakk\u0131nda ulu orta siyasi konu\u015fmalar yapmas\u0131 ise \u00e7ok vahim bir siyasi sorumsuzluk ve hezeyan \u00f6rne\u011fidir. Bunun arkas\u0131ndaki sinsi niyet ve emeller \u00e7ok iyi anla\u015f\u0131lmal\u0131d\u0131r. \u2019Su\u00e7luluk tela\u015f\u0131 i\u00e7inde k\u0131vranan Ba\u015fbakan ve yanda\u015flar\u0131n\u0131n bu b\u00f6l\u00fcnme projesini i\u015fportaya \u00e7\u0131karmalar\u0131 ve toplumsal destek bulabilmek i\u00e7in siyasi ve ahlaki b\u00fct\u00fcn \u00f6l\u00e7\u00fcleri kaybederek her yola ba\u015fvurmalar\u0131 kendileri bak\u0131m\u0131ndan hazin bir tecellidir.\u201d<\/p>\n<p style=\"text-align: justify;\"><span style=\"color: #888888;\">Haber: Fatih Erboz &#8211; <a href=\"http:\/\/www.yenicaggazetesi.com.tr\/haberdetay.php?hit=22783\" target=\"_blank\">yenicaggazetesi.com.tr<\/a><\/span><\/p>\n","protected":false},"excerpt":{"rendered":"<p style=\"text-align: center;\">\n<p style=\"text-align: justify;\">Bah\u00e7eli, \u00e7ok a\u011f\u0131r konu\u015ftu!<\/p>\n<p style=\"text-align: justify;\">MHP Genel Ba\u015fkan\u0131 Devlet Bah\u00e7eli, Ba\u015fbakan Erdo\u011fan\u2019\u0131 topa tuttu: B\u00f6l\u00fcc\u00fc dayatmalar kar\u015f\u0131s\u0131nda haz\u0131rola ge\u00e7enlerin sinsi emel ve niyetleri \u00e7ok iyi anla\u015f\u0131lmal\u0131. Ba\u015fbakan gizli oturum isteyerek T\u00fcrk milletinden neyi saklamaya \u00e7al\u0131\u015f\u0131yor, neden korkuyor ve utan\u0131yor? Siyasi b\u00f6l\u00fcc\u00fcba\u015f\u0131 olarak tarihe ge\u00e7ecek. Kendisini namuslu ve d\u00fcr\u00fcst olmaya <\/p>\n","protected":false},"author":1,"featured_media":0,"comment_status":"open","ping_status":"closed","sticky":false,"template":"","format":"standard","meta":{"footnotes":""},"categories":[105],"tags":[],"class_list":["post-14436","post","type-post","status-publish","format-standard","hentry","category-gundem","odd"],"_links":{"self":[{"href":"http:\/\/www.korhanyilmaz.com\/index.php?rest_route=\/wp\/v2\/posts\/14436","targetHints":{"allow":["GET"]}}],"collection":[{"href":"http:\/\/www.korhanyilmaz.com\/index.php?rest_route=\/wp\/v2\/posts"}],"about":[{"href":"http:\/\/www.korhanyilmaz.com\/index.php?rest_route=\/wp\/v2\/types\/post"}],"author":[{"embeddable":true,"href":"http:\/\/www.korhanyilmaz.com\/index.php?rest_route=\/wp\/v2\/users\/1"}],"replies":[{"embeddable":true,"href":"http:\/\/www.korhanyilmaz.com\/index.php?rest_route=%2Fwp%2Fv2%2Fcomments&post=14436"}],"version-history":[{"count":0,"href":"http:\/\/www.korhanyilmaz.com\/index.php?rest_route=\/wp\/v2\/posts\/14436\/revisions"}],"wp:attachment":[{"href":"http:\/\/www.korhanyilmaz.com\/index.php?rest_route=%2Fwp%2Fv2%2Fmedia&parent=14436"}],"wp:term":[{"taxonomy":"category","embeddable":true,"href":"http:\/\/www.korhanyilmaz.com\/index.php?rest_route=%2Fwp%2Fv2%2Fcategories&post=14436"},{"taxonomy":"post_tag","embeddable":true,"href":"http:\/\/www.korhanyilmaz.com\/index.php?rest_route=%2Fwp%2Fv2%2Ftags&post=14436"}],"curies":[{"name":"wp","href":"https:\/\/api.w.org\/{rel}","templated":true}]}}