{"id":14432,"date":"2009-09-08T21:23:27","date_gmt":"2009-09-08T18:23:27","guid":{"rendered":"http:\/\/www.korhanyilmaz.com\/?p=14432"},"modified":"2009-09-08T21:23:27","modified_gmt":"2009-09-08T18:23:27","slug":"kayip-trilyonda-temyiz-karmasasi","status":"publish","type":"post","link":"http:\/\/www.korhanyilmaz.com\/?p=14432","title":{"rendered":"Kay\u0131p Trilyon&#039;da temyiz karma\u015fas\u0131"},"content":{"rendered":"<p style=\"text-align: center;\"><a href=\"http:\/\/www.korhanyilmaz.com\/wp-content\/uploads\/2009\/09\/1252433700.jpg\"  class=\"lightview\"><img loading=\"lazy\" decoding=\"async\" class=\"aligncenter size-full wp-image-14433\" src=\"http:\/\/www.korhanyilmaz.com\/wp-content\/uploads\/2009\/09\/1252433700.jpg\" alt=\"\" width=\"450\" height=\"225\" \/><\/a><\/p>\n<p style=\"text-align: justify;\"><strong><em>Ayn\u0131 siyasi g\u00f6mle\u011fi giyiyorlar<\/em><\/strong><\/p>\n<p style=\"text-align: justify;\">Cumhurba\u015fkan\u0131 Abdullah G\u00fcl hakk\u0131nda \u2019Kay\u0131p Trilyon\u2019davas\u0131ndan yarg\u0131lans\u0131n karar\u0131n\u0131 veren Sincan 1. A\u011f\u0131r Ceza Mahkemesi\u2019nin bu karar\u0131n\u0131n bozulmas\u0131na y\u00f6nelik olarak Adalet Bakanl\u0131\u011f\u0131\u2019n\u0131n Yarg\u0131tay\u2019a yapt\u0131\u011f\u0131 itiraz, ele\u015ftirilere neden oldu.<\/p>\n<p style=\"text-align: justify;\"><em><strong>Se\u00e7ilirken biliniyordu<\/strong><\/em><\/p>\n<p style=\"text-align: justify;\">Yarg\u0131tay\u2019a b\u00f6yle bir itiraz yap\u0131lmas\u0131n\u0131n beklenen bir durum oldu\u011funu s\u00f6yleyen Eski\u015fehir ba\u011f\u0131ms\u0131z milletvekili Tayfun \u0130\u00e7li, \u201cCumhurba\u015fkan\u0131 zaten o makama se\u00e7ilmeden \u00f6nce ba\u015fta kay\u0131p trilyon davas\u0131 olmak \u00fczere, hakk\u0131nda ba\u015fka dosyalar\u0131n da oldu\u011fu biliniyordu. Bu nedenle se\u00e7ilerek Cumhurba\u015fkanl\u0131\u011f\u0131 makam\u0131n\u0131 y\u0131prataca\u011f\u0131 y\u00f6n\u00fcnde bir \u00e7ok hakl\u0131 ele\u015ftiri vard\u0131. \u00d6nce bunu sorgulamak gerekir\u201d dedi. \u0130\u00e7li, \u201cS\u0131radan bir vatanda\u015f i\u00e7in Adalet Bakanl\u0131\u011f\u0131 bunu yapar m\u0131yd\u0131, elbette ki bu sorunun cevab\u0131n\u0131n ucu a\u00e7\u0131k\u201d \u015feklinde konu\u015ftu. <!--more--><\/p>\n<p style=\"text-align: justify;\"><em><strong>S\u0131nav veriyoruz<\/strong><\/em><\/p>\n<p style=\"text-align: justify;\">CHP Manisa Milletvekili \u015eahin Meng\u00fc ise, karar\u0131 Yarg\u0131tay\u2019a g\u00f6t\u00fcren hukuk\u00e7ular\u0131n bu karar\u0131 do\u011fru okuyamad\u0131klar\u0131n\u0131 savunarak, \u201cEvrensel hukuka g\u00f6re d\u00fcnyada yarg\u0131lanamayacak hi\u00e7bir insan yoktur. Hukuk devleti olup olmad\u0131\u011f\u0131m\u0131z\u0131n bir anlamda s\u0131nav\u0131n\u0131 veriyoruz\u201d diye konu\u015ftu. CHP Ordu Milletvekili Rahmi G\u00fcner de, Cumhurba\u015fkan\u0131\u2019n\u0131n \u015fu anda dokunulmazl\u0131\u011f\u0131n\u0131n s\u00f6z konusu olmad\u0131\u011f\u0131n\u0131, dolay\u0131s\u0131yla yarg\u0131lans\u0131n karar\u0131n\u0131n temyize g\u00f6t\u00fcr\u00fclmesinin yanl\u0131\u015f oldu\u011funu belirtti.<\/p>\n<p style=\"text-align: justify;\"><strong><em>11. Ceza Dairesi\u2019nde<\/em><\/strong><\/p>\n<p style=\"text-align: justify;\">Bu arada, Yarg\u0131tay Cumhuriyet Ba\u015fsavc\u0131l\u0131\u011f\u0131 Adalet Bakanl\u0131\u011f\u0131n\u0131n Sincan 1. A\u011f\u0131r Ceza Mahkemesinin Cumhurba\u015fkan\u0131 Abdullah G\u00fcl hakk\u0131nda verilen takipsizlik karar\u0131n\u0131n kald\u0131r\u0131lmas\u0131na ili\u015fkin karar\u0131n\u0131n \u201ckanun yarar\u0131na\u201d bozulmas\u0131 istemli ba\u015fvurusunu Yarg\u0131tay 11. Ceza Dairesi\u2019ne g\u00f6nderdi. Verilecek karara Yarg\u0131tay Cumhuriyet Ba\u015fsavc\u0131l\u0131\u011f\u0131n\u0131n itiraz hakk\u0131 bulunuyor.<\/p>\n<p style=\"text-align: justify;\"><span style=\"color: #888888;\">Haber : Fatih Erboz &#8211; <a href=\"http:\/\/www.yenicaggazetesi.com.tr\/haberdetay.php?hit=22790\" target=\"_blank\">yenicaggazetesi.com.tr<\/a><\/span><\/p>\n","protected":false},"excerpt":{"rendered":"<p style=\"text-align: center;\">\n<p style=\"text-align: justify;\">Ayn\u0131 siyasi g\u00f6mle\u011fi giyiyorlar<\/p>\n<p style=\"text-align: justify;\">Cumhurba\u015fkan\u0131 Abdullah G\u00fcl hakk\u0131nda \u2019Kay\u0131p Trilyon\u2019davas\u0131ndan yarg\u0131lans\u0131n karar\u0131n\u0131 veren Sincan 1. A\u011f\u0131r Ceza Mahkemesi\u2019nin bu karar\u0131n\u0131n bozulmas\u0131na y\u00f6nelik olarak Adalet Bakanl\u0131\u011f\u0131\u2019n\u0131n Yarg\u0131tay\u2019a yapt\u0131\u011f\u0131 itiraz, ele\u015ftirilere neden oldu.<\/p>\n<p style=\"text-align: justify;\">Se\u00e7ilirken biliniyordu<\/p>\n<p style=\"text-align: justify;\">Yarg\u0131tay\u2019a b\u00f6yle bir itiraz yap\u0131lmas\u0131n\u0131n beklenen bir durum oldu\u011funu s\u00f6yleyen Eski\u015fehir <\/p>\n","protected":false},"author":1,"featured_media":0,"comment_status":"open","ping_status":"closed","sticky":false,"template":"","format":"standard","meta":{"footnotes":""},"categories":[105],"tags":[],"class_list":["post-14432","post","type-post","status-publish","format-standard","hentry","category-gundem","odd"],"_links":{"self":[{"href":"http:\/\/www.korhanyilmaz.com\/index.php?rest_route=\/wp\/v2\/posts\/14432","targetHints":{"allow":["GET"]}}],"collection":[{"href":"http:\/\/www.korhanyilmaz.com\/index.php?rest_route=\/wp\/v2\/posts"}],"about":[{"href":"http:\/\/www.korhanyilmaz.com\/index.php?rest_route=\/wp\/v2\/types\/post"}],"author":[{"embeddable":true,"href":"http:\/\/www.korhanyilmaz.com\/index.php?rest_route=\/wp\/v2\/users\/1"}],"replies":[{"embeddable":true,"href":"http:\/\/www.korhanyilmaz.com\/index.php?rest_route=%2Fwp%2Fv2%2Fcomments&post=14432"}],"version-history":[{"count":0,"href":"http:\/\/www.korhanyilmaz.com\/index.php?rest_route=\/wp\/v2\/posts\/14432\/revisions"}],"wp:attachment":[{"href":"http:\/\/www.korhanyilmaz.com\/index.php?rest_route=%2Fwp%2Fv2%2Fmedia&parent=14432"}],"wp:term":[{"taxonomy":"category","embeddable":true,"href":"http:\/\/www.korhanyilmaz.com\/index.php?rest_route=%2Fwp%2Fv2%2Fcategories&post=14432"},{"taxonomy":"post_tag","embeddable":true,"href":"http:\/\/www.korhanyilmaz.com\/index.php?rest_route=%2Fwp%2Fv2%2Ftags&post=14432"}],"curies":[{"name":"wp","href":"https:\/\/api.w.org\/{rel}","templated":true}]}}