{"id":14426,"date":"2009-09-08T21:36:23","date_gmt":"2009-09-08T18:36:23","guid":{"rendered":"http:\/\/www.korhanyilmaz.com\/?p=14426"},"modified":"2009-09-08T21:36:23","modified_gmt":"2009-09-08T18:36:23","slug":"erdogandan-geri-adim-yok-mesaji","status":"publish","type":"post","link":"http:\/\/www.korhanyilmaz.com\/?p=14426","title":{"rendered":"Erdo\u011fan&#039;dan geri ad\u0131m yok mesaj\u0131"},"content":{"rendered":"<p style=\"text-align: justify;\"><a href=\"http:\/\/www.korhanyilmaz.com\/wp-content\/uploads\/2009\/09\/AC\u0130KLAMA.jpg\"  class=\"lightview\"><img loading=\"lazy\" decoding=\"async\" class=\"aligncenter size-full wp-image-14427\" src=\"http:\/\/www.korhanyilmaz.com\/wp-content\/uploads\/2009\/09\/AC\u0130KLAMA.jpg\" alt=\"\" width=\"276\" height=\"212\" \/><\/a><\/p>\n<p style=\"text-align: justify;\">Ba\u015fbakan Recep Tayyip Erdo\u011fan, Hakkari&#8217;nin \u00c7ukurca ve Siirt&#8217;in Eruh il\u00e7elerindeki ter\u00f6rist sald\u0131r\u0131larla ilgili, &#8220;G\u00fcvenlik g\u00fc\u00e7lerimize, askerimize s\u0131k\u0131lan bu kur\u015funlar hi\u00e7bir zaman bizim 72 milyon vatan evlad\u0131n\u0131n birli\u011fine beraberli\u011fine y\u00f6nelik ba\u015flatt\u0131\u011f\u0131m\u0131z ve s\u00fcrd\u00fcrmekte oldu\u011fumuz bu s\u00fcreci engellemeyecektir&#8221; dedi.<\/p>\n<p style=\"text-align: justify;\">Ba\u015fbakan Erdo\u011fan, Hamam\u00f6n\u00fc&#8217;ndeki Tevfik Bey Kona\u011f\u0131 restoran\u0131nda Sakarya ve G\u00fcndo\u011fdu mahalleleri sakinleriyle iftar yapt\u0131.<\/p>\n<p style=\"text-align: justify;\">Yeme\u011fin ard\u0131ndan \u00e7\u0131k\u0131\u015fta gazetecilerin sorular\u0131n\u0131 yan\u0131tlayan Erdo\u011fan, bug\u00fcn \u00c7ukurca ve Eruh&#8217;taki ter\u00f6rist sald\u0131r\u0131larda \u015fehit olan askerlerle ilgili bir soru \u00fczerine sald\u0131r\u0131n\u0131n detaylar\u0131 hakk\u0131nda hen\u00fcz bilgisi olmad\u0131\u011f\u0131n\u0131 belirtti.<!--more--><\/p>\n<p style=\"text-align: justify;\">\u015eehitlerle ilgili haberin kendilerini \u00fczd\u00fc\u011f\u00fcn\u00fc s\u00f6yleyen Erdo\u011fan, &#8220;Fakat \u015funu \u00e7ok a\u00e7\u0131k net ifade etmek istiyorum; bizim g\u00fcvenlik g\u00fc\u00e7lerimize, askerimize s\u0131k\u0131lan bu kur\u015funlar hi\u00e7bir zaman bizim 72 milyon vatan evlad\u0131n\u0131n birli\u011fine beraberli\u011fine y\u00f6nelik ba\u015flatt\u0131\u011f\u0131m\u0131z ve s\u00fcrd\u00fcrmekte oldu\u011fumuz bu s\u00fcreci engellemeyecektir. Biz, bu bar\u0131\u015f s\u00fcrecine milli birlik projemizi, demokratikle\u015fme s\u00fcrecimizi ayn\u0131 kararl\u0131l\u0131kla, ba\u015fta ter\u00f6r sorunu olmak \u00fczere, sorun alanlar\u0131 \u00fczerinde ayn\u0131 kararl\u0131l\u0131kla devam ettirece\u011fiz&#8221; dedi.<\/p>\n<p style=\"text-align: justify;\">&#8220;Bunun bir karde\u015flik projesi oldu\u011funu&#8221; ifade eden Erdo\u011fan \u015f\u00f6yle konu\u015ftu: &#8220;Bu, bizim bir dayan\u0131\u015fma projemizdir. Bu, \u00fclkemizin b\u00fct\u00fcn bu sorunlu alanlar\u0131n\u0131 sorunsuz hale getirme veya en az sorunlu hale getirme gayretine y\u00f6nelik bir projedir ve AK Parti iktidar\u0131 olarak, kuruldu\u011fumuz andan itibaren program\u0131m\u0131z i\u00e7erisinde de buna y\u00f6nelik \u00e7ok geni\u015f tespitlerin de yer ald\u0131\u011f\u0131n\u0131 ifade etmek istiyorum. 2005 Diyarbak\u0131r konu\u015fmamda bu i\u015fi tekrar g\u00fcndeme ta\u015f\u0131m\u0131\u015ft\u0131m ve \u015fimdi de yakla\u015f\u0131k 1-1,5 ayd\u0131r devam eden bu s\u00fcre\u00e7te in\u015fallah bu \u00e7al\u0131\u015fma ba\u015flad\u0131 ve bu \u00e7al\u0131\u015fmada biz, t\u00fcm siyasi partilerimizle sivil toplum \u00f6rg\u00fctlerimizle akademisyenlerimizle medyam\u0131z\u0131n g\u00f6rsel yaz\u0131l\u0131 temsilcileriyle &#8216;bu sahada benim de s\u00f6yleyeceklerim var&#8217; diyen herkesle bir konsens\u00fcs\u00fc olu\u015fturma gayreti i\u00e7erisindeyiz. Kat\u0131lanlar olur, kat\u0131lmayanlar olabilir, ama biz, konsens\u00fcs\u00fc olu\u015fturman\u0131n gayreti i\u00e7erisindeyiz ve bu ay sonuna kadar bu \u00e7al\u0131\u015fmalar\u0131m\u0131z\u0131 h\u0131zla devam ettirece\u011fiz.<\/p>\n<p style=\"text-align: justify;\">Daha sonra da bu i\u015fi Parlamentomuza da bir kapal\u0131 oturumla getirece\u011fiz. Bug\u00fcn Parlamentomuzda Ana Muhalefetle&#8230; MHP&#8217;nin &#8216;biz kapal\u0131 oturuma kat\u0131lmay\u0131z&#8217; gibi a\u00e7\u0131klamalar\u0131n\u0131 duydum. Kat\u0131lmak da kat\u0131lmamak da tabii ki onlar\u0131n kendi tercihleridir, ama millet, milletvekillerine Parlamentoya kat\u0131lma g\u00f6revi vermi\u015ftir. Millet ad\u0131na olumlu, olumsuz ne s\u00f6yleyeceklerse orada s\u00f6yleme g\u00f6revini vermi\u015ftir. Kendi takdirleridir.<\/p>\n<p style=\"text-align: justify;\">Biz, kat\u0131lanlarla Parlamentomuzda b\u00fct\u00fcn d\u00fc\u015f\u00fcncelerimizi en a\u00e7\u0131k \u015fekilde ortaya koyar\u0131z. Ve bu s\u00fcreci nas\u0131l en g\u00fczel \u015fekilde tamamlayaca\u011f\u0131z. Onun bundan sonraki s\u00fcreci zaten Parlamentodan sonra, \u00e7\u00fcnk\u00fc bizim bu konudaki muhatab\u0131m\u0131z millettir ve milletin vekilleriyle bunlar\u0131 g\u00f6r\u00fc\u015ft\u00fckten sonra da art\u0131k belirleyece\u011fimiz ekiplerimizle beraber de in\u015fallah t\u00fcm T\u00fcrkiye genelinde de bu s\u00fcreci h\u0131zland\u0131raca\u011f\u0131z, bu s\u00fcreci i\u015fletmeye ba\u015flayaca\u011f\u0131z.&#8221;<\/p>\n<p style=\"text-align: justify;\"><strong><em>Abdullah G\u00fcl mesaj yay\u0131mlad\u0131<\/em><\/strong><\/p>\n<p style=\"text-align: justify;\">Cumhurba\u015fkan\u0131 Abdullah G\u00fcl de, \u00fclkede huzur ve karde\u015flik ortam\u0131n\u0131 peki\u015ftirmeyi ama\u00e7layan iyi niyetli \u00e7abalar s\u00fcrerken Siirt ve Hakkari&#8217;den gelen \u015fehit haberlerinin &#8220;derinden sarst\u0131\u011f\u0131n\u0131&#8221; belirtirken, &#8220;Birlik ve beraberli\u011fimize y\u00f6nelen tehditler hi\u00e7bir zaman amac\u0131na ula\u015famayacakt\u0131r&#8221; dedi.<\/p>\n<p style=\"text-align: justify;\">Cumhurba\u015fkan\u0131 G\u00fcl, Siirt ve Hakkari&#8217;de \u015fehit olan askerler nedeniyle bir mesaj yay\u0131nlad\u0131.<\/p>\n<p style=\"text-align: justify;\">G\u00fcl mesaj\u0131nda, &#8220;\u00dclkedeki huzur ve karde\u015flik ortam\u0131n\u0131 peki\u015ftirmeyi ama\u00e7layan iyi niyetli \u00e7abalar s\u00fcrerken ger\u00e7ekle\u015fen bu sald\u0131r\u0131lar hepimizi derinden sarsm\u0131\u015ft\u0131r. Vatan\u0131 korumak, vatanda\u015flar\u0131m\u0131z\u0131n g\u00fcvenli\u011fini sa\u011flamak amac\u0131yla g\u00f6rev yapan mehmet\u00e7iklerimize kar\u015f\u0131 yap\u0131lan sald\u0131r\u0131lar\u0131 \u015fiddetle telin ediyorum. Birlik ve beraberli\u011fimize y\u00f6nelen tehditler hi\u00e7bir zaman amac\u0131na ula\u015famayacakt\u0131r. Kahraman \u015fehitlerimiz milletimizin g\u00f6nl\u00fcnde sonsuza kadar ya\u015fayacakt\u0131r&#8221; a\u00e7\u0131klamas\u0131na yer verdi.<\/p>\n<p style=\"text-align: justify;\"><span style=\"color: #888888;\">CNN T\u00dcRK<\/span><\/p>\n","protected":false},"excerpt":{"rendered":"<p style=\"text-align: justify;\">\n<p style=\"text-align: justify;\">Ba\u015fbakan Recep Tayyip Erdo\u011fan, Hakkari&#8217;nin \u00c7ukurca ve Siirt&#8217;in Eruh il\u00e7elerindeki ter\u00f6rist sald\u0131r\u0131larla ilgili, &#8220;G\u00fcvenlik g\u00fc\u00e7lerimize, askerimize s\u0131k\u0131lan bu kur\u015funlar hi\u00e7bir zaman bizim 72 milyon vatan evlad\u0131n\u0131n birli\u011fine beraberli\u011fine y\u00f6nelik ba\u015flatt\u0131\u011f\u0131m\u0131z ve s\u00fcrd\u00fcrmekte oldu\u011fumuz bu s\u00fcreci engellemeyecektir&#8221; dedi.<\/p>\n<p style=\"text-align: justify;\">Ba\u015fbakan Erdo\u011fan, Hamam\u00f6n\u00fc&#8217;ndeki Tevfik Bey Kona\u011f\u0131 restoran\u0131nda Sakarya ve G\u00fcndo\u011fdu mahalleleri <\/p>\n","protected":false},"author":1,"featured_media":0,"comment_status":"open","ping_status":"closed","sticky":false,"template":"","format":"standard","meta":{"footnotes":""},"categories":[105],"tags":[],"class_list":["post-14426","post","type-post","status-publish","format-standard","hentry","category-gundem","odd"],"_links":{"self":[{"href":"http:\/\/www.korhanyilmaz.com\/index.php?rest_route=\/wp\/v2\/posts\/14426","targetHints":{"allow":["GET"]}}],"collection":[{"href":"http:\/\/www.korhanyilmaz.com\/index.php?rest_route=\/wp\/v2\/posts"}],"about":[{"href":"http:\/\/www.korhanyilmaz.com\/index.php?rest_route=\/wp\/v2\/types\/post"}],"author":[{"embeddable":true,"href":"http:\/\/www.korhanyilmaz.com\/index.php?rest_route=\/wp\/v2\/users\/1"}],"replies":[{"embeddable":true,"href":"http:\/\/www.korhanyilmaz.com\/index.php?rest_route=%2Fwp%2Fv2%2Fcomments&post=14426"}],"version-history":[{"count":0,"href":"http:\/\/www.korhanyilmaz.com\/index.php?rest_route=\/wp\/v2\/posts\/14426\/revisions"}],"wp:attachment":[{"href":"http:\/\/www.korhanyilmaz.com\/index.php?rest_route=%2Fwp%2Fv2%2Fmedia&parent=14426"}],"wp:term":[{"taxonomy":"category","embeddable":true,"href":"http:\/\/www.korhanyilmaz.com\/index.php?rest_route=%2Fwp%2Fv2%2Fcategories&post=14426"},{"taxonomy":"post_tag","embeddable":true,"href":"http:\/\/www.korhanyilmaz.com\/index.php?rest_route=%2Fwp%2Fv2%2Ftags&post=14426"}],"curies":[{"name":"wp","href":"https:\/\/api.w.org\/{rel}","templated":true}]}}