{"id":14419,"date":"2009-09-08T19:59:15","date_gmt":"2009-09-08T17:59:15","guid":{"rendered":"http:\/\/www.korhanyilmaz.com\/?p=14419"},"modified":"2009-09-08T19:59:15","modified_gmt":"2009-09-08T17:59:15","slug":"burokraside-%e2%80%9cunakitan-temizligi%e2%80%9d","status":"publish","type":"post","link":"http:\/\/www.korhanyilmaz.com\/?p=14419","title":{"rendered":"B\u00fcrokraside \u201cUnak\u0131tan temizli\u011fi\u201d"},"content":{"rendered":"<p style=\"text-align: center;\"><a href=\"http:\/\/www.korhanyilmaz.com\/wp-content\/uploads\/2009\/09\/unak\u0131tan.jpg\"  class=\"lightview\"><img loading=\"lazy\" decoding=\"async\" class=\"aligncenter size-full wp-image-14420\" src=\"http:\/\/www.korhanyilmaz.com\/wp-content\/uploads\/2009\/09\/unak\u0131tan.jpg\" alt=\"\" width=\"329\" height=\"210\" \/><\/a><\/p>\n<p style=\"text-align: justify;\">B\u00fcrokrasinin \u00f6nemli noktalar\u0131ndaki akrabalar\u0131 teker teker g\u00f6revlerinden al\u0131n\u0131yor.<\/p>\n<p style=\"text-align: justify;\">Maliye eski Bakan\u0131 Kemal Unak\u0131tan, son kabine de\u011fi\u015fikli\u011finin ard\u0131ndan bakanl\u0131k koltu\u011funu kaybedince, b\u00fcrokraside de \u201cUnak\u0131tan temizli\u011fi\u201d ba\u015flad\u0131. Unak\u0131tan\u2019\u0131n bakanl\u0131\u011f\u0131 s\u0131ras\u0131nda terfi eden ya da b\u00fcrokrasinin \u00f6nemli noktalar\u0131nda g\u00f6rev alan akrabalar\u0131 da teker teker g\u00f6revlerinden al\u0131n\u0131yor. Unak\u0131tan\u2019\u0131n kay\u0131nbiraderinden sonra d\u00fcn\u00fcr\u00fc de ayn\u0131 ak\u0131bete u\u011frad\u0131. Unak\u0131tan\u2019\u0131n k\u00fc\u00e7\u00fck k\u0131z\u0131 Fatma Unak\u0131tan\u2019\u0131 gelin ald\u0131ktan hemen sonra Mersin G\u00fcmr\u00fck M\u00fcd\u00fcrl\u00fc\u011f\u00fc g\u00f6revinden bir anda G\u00fcmr\u00fck M\u00fcste\u015farl\u0131\u011f\u0131 G\u00fcmr\u00fckler Kontrol Genel M\u00fcd\u00fcr Yard\u0131mc\u0131l\u0131\u011f\u0131\u2019na terfi ettirilen Do\u011fan Kanmaz, bu g\u00f6revinden al\u0131narak kurumda memur yap\u0131ld\u0131. Bir s\u00fcre \u00f6nce de Unak\u0131tan\u2019\u0131n kay\u0131nbiraderi, Ahsen Han\u0131m\u2019\u0131n erkek karde\u015fi Cihanser Erel de, Sa\u011fl\u0131k Bakanl\u0131\u011f\u0131 M\u00fcste\u015far Yard\u0131mc\u0131l\u0131\u011f\u0131\u2019ndan al\u0131narak m\u00fc\u015favir kadrosuna atanm\u0131\u015ft\u0131. <!--more--><\/p>\n<p style=\"text-align: justify;\">Erdo\u011fan ve G\u00fcl imzas\u0131yla&#8230;<\/p>\n<p style=\"text-align: justify;\">S\u00fcrpriz \u015fekilde terfi eden Do\u011fan Kanmaz, yine s\u00fcrpriz \u015fekilde g\u00f6revden al\u0131nd\u0131. Kanmaz\u2019\u0131n \u201cba\u015fka bir g\u00f6reve atanmak \u00fczere\u201d g\u00f6revden al\u0131nmas\u0131na ili\u015fkin 2009\/10997 say\u0131l\u0131 kararnamede Bakan Hayati Yaz\u0131c\u0131, Ba\u015fbakan Erdo\u011fan ve Cumhurba\u015fkan\u0131 Abdullah G\u00fcl\u2019\u00fcn imzalar\u0131 yerald\u0131. G\u00fcmr\u00fckler Kontrol Genel M\u00fcd\u00fcr Yard\u0131mc\u0131l\u0131\u011f\u0131\u2019ndan al\u0131nan Kanmaz, bir s\u00fcre sonra G\u00fcmr\u00fck Muhafaza Genel M\u00fcd\u00fcrl\u00fc\u011f\u00fc kadrosunda \u201cuzman memur\u201d olarak g\u00f6revlendirildi.<\/p>\n<p style=\"text-align: justify;\">Kemal Unak\u0131tan\u2019\u0131n ise kabine de\u011fi\u015fikli\u011finin ard\u0131ndan halen \u00e7al\u0131\u015fmalar\u0131n\u0131 aile \u015firketi AB G\u0131da A.\u015e. de s\u00fcrd\u00fcrd\u00fc\u011f\u00fc \u00f6\u011frenildi.<\/p>\n<p style=\"text-align: justify;\"><span style=\"color: #888888;\">Kaynak : Vatan<\/span><\/p>\n","protected":false},"excerpt":{"rendered":"<p style=\"text-align: center;\">\n<p style=\"text-align: justify;\">B\u00fcrokrasinin \u00f6nemli noktalar\u0131ndaki akrabalar\u0131 teker teker g\u00f6revlerinden al\u0131n\u0131yor.<\/p>\n<p style=\"text-align: justify;\">Maliye eski Bakan\u0131 Kemal Unak\u0131tan, son kabine de\u011fi\u015fikli\u011finin ard\u0131ndan bakanl\u0131k koltu\u011funu kaybedince, b\u00fcrokraside de \u201cUnak\u0131tan temizli\u011fi\u201d ba\u015flad\u0131. Unak\u0131tan\u2019\u0131n bakanl\u0131\u011f\u0131 s\u0131ras\u0131nda terfi eden ya da b\u00fcrokrasinin \u00f6nemli noktalar\u0131nda g\u00f6rev alan akrabalar\u0131 da teker teker g\u00f6revlerinden al\u0131n\u0131yor. Unak\u0131tan\u2019\u0131n kay\u0131nbiraderinden sonra d\u00fcn\u00fcr\u00fc de <\/p>\n","protected":false},"author":1,"featured_media":0,"comment_status":"open","ping_status":"closed","sticky":false,"template":"","format":"standard","meta":{"footnotes":""},"categories":[105],"tags":[],"class_list":["post-14419","post","type-post","status-publish","format-standard","hentry","category-gundem","odd"],"_links":{"self":[{"href":"http:\/\/www.korhanyilmaz.com\/index.php?rest_route=\/wp\/v2\/posts\/14419","targetHints":{"allow":["GET"]}}],"collection":[{"href":"http:\/\/www.korhanyilmaz.com\/index.php?rest_route=\/wp\/v2\/posts"}],"about":[{"href":"http:\/\/www.korhanyilmaz.com\/index.php?rest_route=\/wp\/v2\/types\/post"}],"author":[{"embeddable":true,"href":"http:\/\/www.korhanyilmaz.com\/index.php?rest_route=\/wp\/v2\/users\/1"}],"replies":[{"embeddable":true,"href":"http:\/\/www.korhanyilmaz.com\/index.php?rest_route=%2Fwp%2Fv2%2Fcomments&post=14419"}],"version-history":[{"count":0,"href":"http:\/\/www.korhanyilmaz.com\/index.php?rest_route=\/wp\/v2\/posts\/14419\/revisions"}],"wp:attachment":[{"href":"http:\/\/www.korhanyilmaz.com\/index.php?rest_route=%2Fwp%2Fv2%2Fmedia&parent=14419"}],"wp:term":[{"taxonomy":"category","embeddable":true,"href":"http:\/\/www.korhanyilmaz.com\/index.php?rest_route=%2Fwp%2Fv2%2Fcategories&post=14419"},{"taxonomy":"post_tag","embeddable":true,"href":"http:\/\/www.korhanyilmaz.com\/index.php?rest_route=%2Fwp%2Fv2%2Ftags&post=14419"}],"curies":[{"name":"wp","href":"https:\/\/api.w.org\/{rel}","templated":true}]}}