{"id":14413,"date":"2009-09-08T17:50:09","date_gmt":"2009-09-08T14:50:09","guid":{"rendered":"http:\/\/www.korhanyilmaz.com\/?p=14413"},"modified":"2009-09-08T17:50:09","modified_gmt":"2009-09-08T14:50:09","slug":"dyhden-aciklama","status":"publish","type":"post","link":"http:\/\/www.korhanyilmaz.com\/?p=14413","title":{"rendered":"DYH&#8217;den a\u00e7\u0131klama"},"content":{"rendered":"<p style=\"text-align: justify;\"><a href=\"http:\/\/www.korhanyilmaz.com\/wp-content\/uploads\/2009\/09\/13841_NpAdvHover.jpg\"  class=\"lightview\"><img loading=\"lazy\" decoding=\"async\" class=\"aligncenter size-full wp-image-14415\" src=\"http:\/\/www.korhanyilmaz.com\/wp-content\/uploads\/2009\/09\/13841_NpAdvHover.jpg\" alt=\"\" width=\"256\" height=\"170\" \/><\/a><\/p>\n<p style=\"text-align: justify;\">Do\u011fan Yay\u0131n Holding&#8217;den rekor cezaya a\u00e7\u0131klama geldi.<\/p>\n<p style=\"text-align: justify;\">Do\u011fan Yay\u0131n Holding A.\u015e. Mali \u0130\u015flerden Sorumlu Ba\u015fkan Yard\u0131mc\u0131s\u0131 Soner Gedik vergi cezas\u0131 ile ilgili bir a\u00e7\u0131klama yapt\u0131.<\/p>\n<p style=\"text-align: justify;\"><strong><em>Gedik\u2019in a\u00e7\u0131klamas\u0131 \u015f\u00f6yle: <\/em><\/strong><\/p>\n<p style=\"text-align: justify;\">&#8220;DO\u011eAN TV Holding ve bu \u015firketin baz\u0131 i\u015ftirakleri hakk\u0131nda Maliye Bakanl\u0131\u011f\u0131 Gelirler kontrolorleri taraf\u0131ndan yaz\u0131lan inceleme raporlar\u0131 taraf\u0131m\u0131za tebli\u011f edilmi\u015f bulunmaktad\u0131r.<\/p>\n<p style=\"text-align: justify;\">Bu raporlarda \u015firketlerimizin yeniden yap\u0131lanmas\u0131n\u0131n gerekli k\u0131ld\u0131\u011f\u0131 hisse de\u011fi\u015fim i\u015flemleriyle ilgili baz\u0131 haks\u0131z ele\u015ftiriler getirilmi\u015f ve T\u00fcrk Maliye tarihinde emsali g\u00f6r\u00fclmemi\u015f tutarlarda vergi ve ceza kesilmesi uygulamas\u0131 ba\u015flat\u0131lm\u0131\u015ft\u0131r. <!--more--><\/p>\n<p style=\"text-align: justify;\">Hemen ba\u015flang\u0131\u00e7ta belirtmemiz gerekir ki, bu i\u015flemlerde yasaya hi\u00e7bir ayk\u0131r\u0131l\u0131k bulunmad\u0131\u011f\u0131 gibi, bu i\u00e7 uygulamalar sonucunda \u015firketlerimiz aras\u0131nda herhangi bir sat\u0131\u015f ger\u00e7ekle\u015fmemi\u015f, kasalar\u0131na da tek kuru\u015f nakit giri\u015fi olmam\u0131\u015ft\u0131r.<\/p>\n<p style=\"text-align: justify;\">Tebli\u011f edilen 15 adet rapor incelendi\u011finde, ba\u015fl\u0131ca iki konunun ele\u015ftiriye tabi tutuldu\u011fu g\u00f6r\u00fclmektedir.<\/p>\n<p style=\"text-align: justify;\">Birinci ba\u015fl\u0131k alt\u0131ndaki iddia \u015fu \u015fekilde ileri s\u00fcr\u00fclm\u00fc\u015ft\u00fcr:<\/p>\n<p style=\"text-align: justify;\">&#8220;Kurumlar Vergisi 19 ve 20\u2019nci maddelerindeki hisse de\u011fi\u015fimi d\u00fczenlemesinin grup d\u0131\u015f\u0131 \u015firketlerin y\u00f6netim ve hisse \u00e7o\u011funlu\u011fu elde edilecek \u015fekilde devral\u0131nmas\u0131 halinde, ilgili \u015firketler Kanun\u2019daki istisnadan yararlanabilecektir. Zaten y\u00f6netimi elinde bulundurulan \u015firketler aras\u0131ndaki hisse de\u011fi\u015fimi i\u015flemlerinde y\u00f6netimin de\u011fi\u015fmemi\u015f olmas\u0131 nedeniyle Kanun\u2019daki \u015fartlar\u0131n yerine getirilmedi\u011fi kabul edilmeli ve bu nedenle hisse de\u011fi\u015fimi alelade bir i\u015ftirak sat\u0131\u015f\u0131 olarak yorumlanmal\u0131 ve dolay\u0131s\u0131yla hisse de\u011fi\u015fim i\u015flemi Kurumlar Vergisi\u2019ne tabi tutulmal\u0131d\u0131r.&#8221;<\/p>\n<p style=\"text-align: justify;\"><strong><em>Oysa Kurumlar Vergisi Kanunu (KVK) 19\/3-c maddesi h\u00fckm\u00fcnde hisse de\u011fi\u015fimi; <\/em><\/strong><\/p>\n<p style=\"text-align: justify;\">a- Devral\u0131nan kurumun sermaye \u015firketi olmas\u0131,<\/p>\n<p style=\"text-align: justify;\">b- \u0130\u015ftirak hisseleri devredilen kurumun sermaye \u015firketi olmas\u0131,<\/p>\n<p style=\"text-align: justify;\">c- Devralan kurumun tam m\u00fckellef olmas\u0131,<\/p>\n<p style=\"text-align: justify;\">d- Devralan kurumun di\u011fer \u015firketin hisselerini y\u00f6netim ve hisse senedi \u00e7o\u011funlu\u011funu elde edecek \u015fekilde devralmas\u0131,<\/p>\n<p style=\"text-align: justify;\">e- \u0130\u015ftirak hisseleri devredilen kurumun ortaklar\u0131na devralan kurumun kendi sermayesini temsil eden i\u015ftirak hisselerinin verilmesi,<\/p>\n<p style=\"text-align: justify;\">f- Hisseleri devral\u0131nan \u015firketin ortaklar\u0131na verilecek i\u015ftirak hisselerinin itibari de\u011ferinin ancak %10\u2019una kadarl\u0131k k\u0131sm\u0131n\u0131n nakit olarak \u00f6denmesi,<\/p>\n<p style=\"text-align: justify;\">\u015fartlar\u0131n\u0131 birlikte ta\u015f\u0131mas\u0131 halinde, hisse de\u011fi\u015fiminden kaynaklanan karlar\u0131n hesaplanmayaca\u011f\u0131 ve vergiye tabi olmayaca\u011f\u0131 KVK 20\u2019inci maddesinde kesin olarak h\u00fck\u00fcm alt\u0131na al\u0131nm\u0131\u015ft\u0131r. Ayr\u0131ca, ayn\u0131 grup \u015firketlerinin bu h\u00fck\u00fcmden yararlanmayaca\u011f\u0131na ili\u015fkin hi\u00e7bir d\u00fczenleme mevcut de\u011fildir.<\/p>\n<p style=\"text-align: justify;\">Dolay\u0131s\u0131yla vergi inceleme raporlar\u0131nda yer alan bu konudaki iddialar\u0131n kanuni dayana\u011f\u0131 bulunmamaktad\u0131r. Bu iddialar objektif hi\u00e7bir kritere dayanmamakta, sadece vergi inceleme elemanlar\u0131n\u0131n s\u00fcbjektif yorumlar\u0131n\u0131 ve kanun koyucu yerine ge\u00e7erek ve norm ihdas ederek vergileme gayretlerini yans\u0131tmaktad\u0131r. Denetim elemanlar\u0131, bu dayanaks\u0131z yorumlar\u0131ndan hareketle 2 Ocak 2007 tarihinde Axel Springer Grubuna yap\u0131lan hisse sat\u0131\u015f\u0131ndaki de\u011feri esas alarak, Kurumlar Vergisi hesaplama yoluna gitmi\u015flerdir. Oysa hisse de\u011fi\u015fimi i\u015flemleri yap\u0131l\u0131rken devredilecek hisselerin de\u011feri mahkemelerce ve kay\u0131tl\u0131 de\u011fer \u00fczerinden tayin ve tespit edilmi\u015ftir.<\/p>\n<p style=\"text-align: justify;\">\u0130kinci ele\u015ftiri ba\u015fl\u0131\u011f\u0131nda ise hisse senedine ba\u011flanmam\u0131\u015f hisse devirlerinin KDV\u2019ye tabi tutulmas\u0131 gerekti\u011fi iddias\u0131 yer almaktad\u0131r.<\/p>\n<p style=\"text-align: justify;\">Burada taraf\u0131m\u0131za y\u00f6neltilen ana iddia, hisse devirlerinde, ilm\u00fchaberlerin hisse senedinin yerini tutmayaca\u011f\u0131 ve ilm\u00fchabere dayan\u0131larak yap\u0131lan hisse devirlerinin KDV\u2019ye tabi olaca\u011f\u0131 \u015feklindedir. Bu iddiaya ba\u011fl\u0131 olarak g\u00f6r\u00fclmemi\u015f \u015fekilde ayn\u0131 hisse senetleri \u00fczerinden 3 kez y\u00fczde 18 oran\u0131nda KDV istenmektedir.<\/p>\n<p style=\"text-align: justify;\">Oysa, KDV Kanunu\u2019nun 17\/4-g maddesinde a\u00e7\u0131k\u00e7a belirtildi\u011fi \u00fczere, hisse devirleri KDV\u2019den istisnad\u0131r.<\/p>\n<p style=\"text-align: justify;\">Konunun \u00f6ncelikle d\u00fczenlendi\u011fi T\u00fcrk Ticaret Kanunu h\u00fck\u00fcmlerinde, hisse senetleri ya da bunlar\u0131n yerini tutmak \u00fczere \u00e7\u0131kar\u0131lan ilm\u00fchaberler aras\u0131nda hi\u00e7bir fark yarat\u0131lmad\u0131\u011f\u0131 gibi, bunlar her y\u00f6nden ve her konuda e\u015fit haklara sahiptirler. Bu paralelde, ge\u00e7ici ilm\u00fchaberler konusunda Maliye Bakanl\u0131\u011f\u0131 da Gelir Vergisi Kanunu VK 232 say\u0131l\u0131 Genel Tebli\u011fi\u2019nin 5\u2019inci b\u00f6l\u00fcm\u00fcnde, net bir a\u00e7\u0131klama yaparak T\u00fcrk Ticaret Kanunu paralelindeki g\u00f6r\u00fc\u015f\u00fcn\u00fc ortaya koymu\u015ftur.<\/p>\n<p style=\"text-align: justify;\">G\u00f6r\u00fclece\u011fi gibi, hisse devirlerinde hissenin senede ya da ilm\u00fchabere ba\u011flanm\u0131\u015f olmas\u0131 aras\u0131nda hi\u00e7bir fark bulunmamaktad\u0131r. Hisse senedine ya da ge\u00e7ici ilmuhabere ba\u011flanm\u0131\u015f hisse devirleri her durumda KDV\u2019den istisnad\u0131r. Bu konuda benzeri nitelikte olmak \u00fczere Maliye Bakanl\u0131\u011f\u0131\u2019n\u0131n tebli\u011flerinde ve ayr\u0131ca Bakanl\u0131k yaz\u0131l\u0131 g\u00f6r\u00fc\u015flerinde ayn\u0131 hususlar teredd\u00fcte yer b\u0131rakmayacak bir a\u00e7\u0131kl\u0131k i\u00e7inde tekrarlanm\u0131\u015ft\u0131r.<\/p>\n<p style=\"text-align: justify;\">Nitekim, tatbikatta da bu mevzuatla uyumlu bir \u015fekilde ve \u00e7o\u011fu yak\u0131n d\u00f6nemde olmak \u00fczere on milyarlarca dolar\u0131 ge\u00e7en hisse devir i\u015flemlerinde KDV uygulanmam\u0131\u015f ve uygulanmamas\u0131 da ele\u015ftiri konusu yap\u0131lmam\u0131\u015ft\u0131r.<\/p>\n<p style=\"text-align: justify;\">Tekrar belirtmek gerekirse; yap\u0131lan i\u015flemler Kanun, Tebli\u011f, t\u00fcm genel kabul g\u00f6rm\u00fc\u015f vergi uygulamalar\u0131na, emsal yarg\u0131 kararlar\u0131na ve doktrin g\u00f6r\u00fc\u015flerine uygun olarak ger\u00e7ekle\u015ftirilmi\u015ftir.<\/p>\n<p style=\"text-align: justify;\">Sonu\u00e7 olarak yap\u0131lan uygulamalar tamamen \u015firketlerimizin yeniden yap\u0131lanmas\u0131yla ilgili olup, ne \u00fc\u00e7\u00fcnc\u00fc ki\u015filere hisse sat\u0131\u015f\u0131, ne de kar\u015f\u0131l\u0131\u011f\u0131nda nakit cari hesap gibi ticari amac\u0131 veya sonucu olan i\u015flemlerdir. Bu uygulamalar yasaya uygun hisse de\u011fi\u015fimi i\u015flemi olup, sonucunda \u015firketlerin hi\u00e7birinde bir TL\u2019lik sat\u0131\u015f ger\u00e7ekle\u015ftirilmemi\u015f, hi\u00e7bir \u015firketin masas\u0131na bu i\u015flem nedeniyle bir TL\u2019lik nakit giri\u015fi olmam\u0131\u015ft\u0131r.<\/p>\n<p style=\"text-align: justify;\">Taraf\u0131m\u0131za sevk edilen raporlardaki konular\u0131n ilgili denetim elemanlar\u0131n\u0131n s\u00fcbjektif ve kanuni dayanaklardan yoksun iddialar\u0131 oldu\u011funa dair inanc\u0131m\u0131z \u00e7er\u00e7evesinde Maliye Bakanl\u0131\u011f\u0131 nezdinde bu raporlar\u0131n yeniden de\u011ferlendirilmesi ve d\u00fczeltilmesi i\u00e7in resmi olarak ba\u015fvuruda bulunulacakt\u0131r. Konuyla ilgili geli\u015fmeler yat\u0131r\u0131mc\u0131lar\u0131m\u0131z ve T\u00fcrk kamuoyuyla an\u0131nda payla\u015f\u0131lacakt\u0131r.<\/p>\n<p style=\"text-align: justify;\">Hukukun, geli\u015fen s\u00fcre\u00e7 i\u00e7inde belirtti\u011fimiz esaslar \u00e7er\u00e7evesinde i\u015fleyece\u011fine dair g\u00fcven ve inanc\u0131m\u0131z tamd\u0131r. Do\u011fan Holding&#8221;<\/p>\n<p style=\"text-align: justify;\"><span style=\"color: #888888;\">Kaynak : Vatan<\/span><\/p>\n","protected":false},"excerpt":{"rendered":"<p style=\"text-align: justify;\">\n<p style=\"text-align: justify;\">Do\u011fan Yay\u0131n Holding&#8217;den rekor cezaya a\u00e7\u0131klama geldi.<\/p>\n<p style=\"text-align: justify;\">Do\u011fan Yay\u0131n Holding A.\u015e. Mali \u0130\u015flerden Sorumlu Ba\u015fkan Yard\u0131mc\u0131s\u0131 Soner Gedik vergi cezas\u0131 ile ilgili bir a\u00e7\u0131klama yapt\u0131.<\/p>\n<p style=\"text-align: justify;\">Gedik\u2019in a\u00e7\u0131klamas\u0131 \u015f\u00f6yle: <\/p>\n<p style=\"text-align: justify;\">&#8220;DO\u011eAN TV Holding ve bu \u015firketin baz\u0131 i\u015ftirakleri hakk\u0131nda Maliye Bakanl\u0131\u011f\u0131 Gelirler kontrolorleri taraf\u0131ndan yaz\u0131lan <\/p>\n","protected":false},"author":1,"featured_media":0,"comment_status":"open","ping_status":"closed","sticky":false,"template":"","format":"standard","meta":{"footnotes":""},"categories":[7],"tags":[],"class_list":["post-14413","post","type-post","status-publish","format-standard","hentry","category-ekonomi","odd"],"_links":{"self":[{"href":"http:\/\/www.korhanyilmaz.com\/index.php?rest_route=\/wp\/v2\/posts\/14413","targetHints":{"allow":["GET"]}}],"collection":[{"href":"http:\/\/www.korhanyilmaz.com\/index.php?rest_route=\/wp\/v2\/posts"}],"about":[{"href":"http:\/\/www.korhanyilmaz.com\/index.php?rest_route=\/wp\/v2\/types\/post"}],"author":[{"embeddable":true,"href":"http:\/\/www.korhanyilmaz.com\/index.php?rest_route=\/wp\/v2\/users\/1"}],"replies":[{"embeddable":true,"href":"http:\/\/www.korhanyilmaz.com\/index.php?rest_route=%2Fwp%2Fv2%2Fcomments&post=14413"}],"version-history":[{"count":0,"href":"http:\/\/www.korhanyilmaz.com\/index.php?rest_route=\/wp\/v2\/posts\/14413\/revisions"}],"wp:attachment":[{"href":"http:\/\/www.korhanyilmaz.com\/index.php?rest_route=%2Fwp%2Fv2%2Fmedia&parent=14413"}],"wp:term":[{"taxonomy":"category","embeddable":true,"href":"http:\/\/www.korhanyilmaz.com\/index.php?rest_route=%2Fwp%2Fv2%2Fcategories&post=14413"},{"taxonomy":"post_tag","embeddable":true,"href":"http:\/\/www.korhanyilmaz.com\/index.php?rest_route=%2Fwp%2Fv2%2Ftags&post=14413"}],"curies":[{"name":"wp","href":"https:\/\/api.w.org\/{rel}","templated":true}]}}