{"id":14404,"date":"2009-09-08T18:34:56","date_gmt":"2009-09-08T15:34:56","guid":{"rendered":"http:\/\/www.korhanyilmaz.com\/?p=14404"},"modified":"2009-09-08T18:34:56","modified_gmt":"2009-09-08T15:34:56","slug":"bakanliktan-domuz-gribi-uyarisi","status":"publish","type":"post","link":"http:\/\/www.korhanyilmaz.com\/?p=14404","title":{"rendered":"Bakanl\u0131ktan domuz gribi uyar\u0131s\u0131"},"content":{"rendered":"<p style=\"text-align: justify;\">\n<div id=\"attachment_14405\" style=\"width: 325px\" class=\"wp-caption aligncenter\"><a href=\"http:\/\/www.korhanyilmaz.com\/wp-content\/uploads\/2009\/09\/saglik-bakani-recep-akdag.jpg\"  class=\"lightview\"><img loading=\"lazy\" decoding=\"async\" aria-describedby=\"caption-attachment-14405\" class=\"size-full wp-image-14405\" src=\"http:\/\/www.korhanyilmaz.com\/wp-content\/uploads\/2009\/09\/saglik-bakani-recep-akdag.jpg\" alt=\"Sa\u011fl\u0131k Bakan\u0131 Recep Akda\u011f\" width=\"315\" height=\"203\" \/><\/a><p id=\"caption-attachment-14405\" class=\"wp-caption-text\">Sa\u011fl\u0131k Bakan\u0131 Recep Akda\u011f<\/p><\/div>\n<p>Sa\u011fl\u0131k Bakan\u0131 Recep Akda\u011f, &#8220;\u00c7ok insan hastalanacakt\u0131r, buna haz\u0131rl\u0131kl\u0131 olal\u0131m\u201d dedi.\n<\/p>\n<p style=\"text-align: justify;\">Sa\u011fl\u0131k Bakan\u0131 Recep Akda\u011f, domuz gribinin \u00f6n\u00fcm\u00fczdeki aylarda b\u00fct\u00fcn d\u00fcnyada \u00e7ok h\u0131zl\u0131 bir \u015fekilde yay\u0131laca\u011f\u0131n\u0131 belirtti.<\/p>\n<p style=\"text-align: justify;\">T\u00fcrkiye Cumhuriyeti Sa\u011fl\u0131k Bakanl\u0131\u011f\u0131 ile Kosova Sa\u011fl\u0131k Bakanl\u0131\u011f\u0131 aras\u0131nda \u201cSa\u011fl\u0131k Alan\u0131nda \u0130\u015fbirli\u011fine Dair Anla\u015fma\u201d imzaland\u0131.<\/p>\n<p style=\"text-align: justify;\">Bakan Akda\u011f, bakanl\u0131kta ger\u00e7ekle\u015fen imza t\u00f6reninin ard\u0131ndan bir gazetecinin \u201cSa\u011fl\u0131k Bakanl\u0131\u011f\u0131nca bundan birka\u00e7 ay \u00f6nce yap\u0131lan bir a\u00e7\u0131klamada, hac d\u00f6neminde domuz gribi ile ilgili olarak baz\u0131 \u00f6nlemlerin al\u0131nmas\u0131n\u0131n s\u00f6z konusu oldu\u011fu s\u00f6ylenmi\u015fti, nas\u0131l \u00f6nlemler al\u0131nmas\u0131 gerekiyor?\u201d \u015feklindeki sorusuna, \u015fu yan\u0131t\u0131 verdi: \u201cBu husustaki uygulamalar, D\u00fcnya Sa\u011fl\u0131k \u00d6rg\u00fct\u00fc ve hac konusundaki sa\u011fl\u0131k meselelerini y\u00f6neten Suudi yetkililerin temel y\u00f6nlendirmeleri do\u011frultusunda yap\u0131lacakt\u0131r.<!--more-->Hen\u00fcz kesinle\u015fmi\u015f kararlar mevcut de\u011fil. Bu kararlar\u0131n kesinle\u015fmemi\u015f olmas\u0131n\u0131n en \u00f6nemli nedeni, hastal\u0131kla ilgili verilerin hen\u00fcz toplan\u0131yor olmas\u0131d\u0131r. Ayr\u0131ca hastal\u0131\u011f\u0131n a\u015f\u0131 ile ilgili geli\u015fmelerinin de hen\u00fcz tamamlanmam\u0131\u015f olmas\u0131d\u0131r. \u00d6n\u00fcm\u00fczdeki bir ay gibi bir s\u00fcrede bunlar netle\u015fecektir. Biz de vatanda\u015flar\u0131m\u0131z\u0131 koruyacak bi\u00e7imde kararlar\u0131m\u0131z\u0131 Diyanet \u0130\u015fleri Ba\u015fkanl\u0131\u011f\u0131 ile birlikte verece\u011fiz. Konuyu \u00e7ok yak\u0131ndan takip ediyoruz.\u201d<\/p>\n<p style=\"text-align: justify;\">Bakan Akda\u011f, domuz gribine ili\u015fkin ba\u015fka bir soru \u00fczerine, \u201cBu hastal\u0131k, b\u00fct\u00fcn d\u00fcnyada \u00f6n\u00fcm\u00fczdeki aylarda \u00e7ok h\u0131zl\u0131 bir \u015fekilde yay\u0131lacak. Burada \u00f6nemli olan kendi \u00fclkemiz a\u00e7\u0131s\u0131ndan bu yay\u0131lmay\u0131 yava\u015flatmak, riskli gruplar\u0131 iyi korumak, onlar\u0131 a\u015f\u0131lamakt\u0131r. Ne yapaca\u011f\u0131m\u0131z\u0131 bilmektir. \u00c7ok insan hastalanacakt\u0131r, buna haz\u0131rl\u0131kl\u0131 olal\u0131m\u201d dedi.<\/p>\n<p style=\"text-align: justify;\">Hastal\u0131k konusunda bakanl\u0131k ve yerel sa\u011fl\u0131k birimlerinin vatanda\u015flar\u0131 bilgilendirmeye devam etti\u011fini vurgulayan Bakan Akda\u011f, s\u00f6zlerini \u015f\u00f6yle s\u00fcrd\u00fcrd\u00fc:<\/p>\n<p style=\"text-align: justify;\">\u201cKoruyucu tedbirleri \u00e7ok iyi alaca\u011f\u0131z. Bula\u015ft\u0131rmamak i\u00e7in ellerimizi \u00e7ok iyi y\u0131kamam\u0131z gerek, di\u011fer koruyucu tedbirleri iyi alaca\u011f\u0131z. Bir de Sa\u011fl\u0131k Bakanl\u0131\u011f\u0131 ve yerel sa\u011fl\u0131k y\u00f6neticilerince yap\u0131lan uyar\u0131lar\u0131 takip edece\u011fiz. S\u00fcre\u00e7<\/p>\n<p style=\"text-align: justify;\">i\u00e7inde bu uyar\u0131lar\u0131n niteli\u011fi de\u011fi\u015febiliyor. Her t\u00fcrl\u00fc ileti\u015fim mecras\u0131n\u0131 kullanarak \u00f6zellikle bas\u0131n arac\u0131l\u0131\u011f\u0131yla halk\u0131m\u0131z\u0131 ayd\u0131nlatmaya devam edece\u011fiz. Art\u0131k domuz gribi ile ilgili bir hasta g\u00f6rd\u00fc\u011f\u00fcm\u00fczde, bunu \u00e7ok \u00f6zel bir durummu\u015f gibi g\u00f6rmekten vazge\u00e7meliyiz. Bu hastal\u0131k b\u00fct\u00fcn d\u00fcnyada yay\u0131ld\u0131, biliyoruz ki k\u0131\u015f mevsiminde yay\u0131lma \u00e7ok h\u0131zlanacak.\u201d<\/p>\n<p style=\"text-align: justify;\">Sa\u011fl\u0131k Bakan\u0131 Akda\u011f, Tekirda\u011f&#8217;daki sel felaketinin ard\u0131ndan i\u00e7me suyunun kullan\u0131m\u0131na y\u00f6nelik soruya ise \u201cB\u00f6yle zamanlarda, o b\u00f6lgedeki mahalli y\u00f6neticilerimiz, il h\u0131fz\u0131ss\u0131hha kurulu ile birlikte b\u00f6lgeye veya \u015fehre ait gerekli tedbirleri halk\u0131m\u0131za iletiyorlar. Genel anlamda i\u00e7me suyu ile ilgili bir s\u0131k\u0131nt\u0131 olmamas\u0131na gayret ediyorlar. Sular\u0131n klorlanmas\u0131 ile ilgili hassasiyetler art\u0131r\u0131l\u0131yor. Gerekli uyar\u0131lar il i\u00e7inde vatanda\u015flar\u0131m\u0131za yap\u0131lacakt\u0131r\u201d yan\u0131t\u0131n\u0131 verdi.<\/p>\n<p style=\"text-align: justify;\"><em><strong>Sa\u011fl\u0131k alan\u0131nda i\u015fbirli\u011fi <\/strong><\/em><\/p>\n<p style=\"text-align: justify;\">Sa\u011fl\u0131k Bakan\u0131 Akda\u011f, imza t\u00f6reninde yapt\u0131\u011f\u0131 konu\u015fmada, Kosova Sa\u011fl\u0131k Bakan\u0131 Alush Agashi ve heyetini T\u00fcrkiye&#8217;de a\u011f\u0131rlamaktan mutluluk duydu\u011funu ifade ederek, Kosova&#8217;n\u0131n ba\u011f\u0131ms\u0131zl\u0131k ilan\u0131n\u0131n Balkanlar&#8217;da kal\u0131c\u0131 istikrar ve bar\u0131\u015f i\u00e7in \u00e7ok \u00f6nemli g\u00f6rd\u00fcklerini belirtti.<\/p>\n<p style=\"text-align: justify;\">Bakan Akda\u011f, Kosova ve T\u00fcrkiye aras\u0131nda her alanda i\u015fbirli\u011finin s\u00fcrd\u00fc\u011f\u00fcn\u00fc ifade ederek, \u015funlar\u0131 s\u00f6yledi:<\/p>\n<p style=\"text-align: justify;\">\u201cSa\u011fl\u0131k, bu a\u00e7\u0131dan en \u00f6nde gelen alanlardan biri olmaya devam edecektir. Bug\u00fcn Say\u0131n Bakan ile h\u00fck\u00fcmetlerimiz aras\u0131nda sa\u011fl\u0131k alan\u0131nda i\u015fbirli\u011fi anla\u015fmas\u0131 imzalayaca\u011f\u0131z. B\u00f6ylece T\u00fcrkiye&#8217;de Kosoval\u0131 sa\u011fl\u0131k personelinin e\u011fitimi, Kosoval\u0131 hastalar\u0131n tedavileri, her y\u0131l 100 Kosoval\u0131 karde\u015fimizin \u00fccretsiz tedavileri gibi hususlar\u0131 geli\u015ftirebilece\u011fiz.<\/p>\n<p style=\"text-align: justify;\">Anla\u015fma, Kosova ile T\u00fcrkiye aras\u0131nda kar\u015f\u0131l\u0131kl\u0131 personel de\u011fi\u015fimini, kar\u015f\u0131l\u0131kl\u0131 e\u011fitimi, hasta tedavisini, ortak yat\u0131r\u0131mlar\u0131, ortak bilimsel \u00e7al\u0131\u015fmalar\u0131, sa\u011fl\u0131k sistemlerinin birlikte geli\u015ftirilmesi gibi hususlar\u0131 i\u00e7ine al\u0131yor.<\/p>\n<p style=\"text-align: justify;\">T\u00fcrkiye 7 y\u0131ll\u0131k \u00f6nemli bir sa\u011fl\u0131k reformu tecr\u00fcbesi ile bu alandaki tecr\u00fcbelerini karde\u015f \u00fclkelerle payla\u015fmaktan b\u00fcy\u00fck bir memnuniyet duymaktad\u0131r. De\u011ferli karde\u015fim Kosova Sa\u011fl\u0131k Bakan\u0131 Agashi&#8217;nin ziyaretinin i\u015fbirli\u011fini g\u00fc\u00e7lendirece\u011fine inan\u0131yorum. Bir kere daha T\u00fcrkiye Cumhuriyeti olarak Kosova&#8217;n\u0131n yan\u0131nda olaca\u011f\u0131m\u0131z\u0131 ifade etmek istiyorum.\u201d<\/p>\n<p style=\"text-align: justify;\"><span style=\"color: #888888;\">Kaynak : Vatan<\/span><\/p>\n","protected":false},"excerpt":{"rendered":"<p style=\"text-align: justify;\">\n<p id=\"caption-attachment-14405\" class=\"wp-caption-text\">Sa\u011fl\u0131k Bakan\u0131 Recep Akda\u011f<\/p>\n<p>Sa\u011fl\u0131k Bakan\u0131 Recep Akda\u011f, &#8220;\u00c7ok insan hastalanacakt\u0131r, buna haz\u0131rl\u0131kl\u0131 olal\u0131m\u201d dedi. <\/p>\n<p style=\"text-align: justify;\">Sa\u011fl\u0131k Bakan\u0131 Recep Akda\u011f, domuz gribinin \u00f6n\u00fcm\u00fczdeki aylarda b\u00fct\u00fcn d\u00fcnyada \u00e7ok h\u0131zl\u0131 bir \u015fekilde yay\u0131laca\u011f\u0131n\u0131 belirtti.<\/p>\n<p style=\"text-align: justify;\">T\u00fcrkiye Cumhuriyeti Sa\u011fl\u0131k Bakanl\u0131\u011f\u0131 ile Kosova Sa\u011fl\u0131k Bakanl\u0131\u011f\u0131 aras\u0131nda \u201cSa\u011fl\u0131k Alan\u0131nda \u0130\u015fbirli\u011fine Dair Anla\u015fma\u201d <\/p>\n","protected":false},"author":1,"featured_media":0,"comment_status":"open","ping_status":"closed","sticky":false,"template":"","format":"standard","meta":{"footnotes":""},"categories":[5],"tags":[],"class_list":["post-14404","post","type-post","status-publish","format-standard","hentry","category-saglik","odd"],"_links":{"self":[{"href":"http:\/\/www.korhanyilmaz.com\/index.php?rest_route=\/wp\/v2\/posts\/14404","targetHints":{"allow":["GET"]}}],"collection":[{"href":"http:\/\/www.korhanyilmaz.com\/index.php?rest_route=\/wp\/v2\/posts"}],"about":[{"href":"http:\/\/www.korhanyilmaz.com\/index.php?rest_route=\/wp\/v2\/types\/post"}],"author":[{"embeddable":true,"href":"http:\/\/www.korhanyilmaz.com\/index.php?rest_route=\/wp\/v2\/users\/1"}],"replies":[{"embeddable":true,"href":"http:\/\/www.korhanyilmaz.com\/index.php?rest_route=%2Fwp%2Fv2%2Fcomments&post=14404"}],"version-history":[{"count":0,"href":"http:\/\/www.korhanyilmaz.com\/index.php?rest_route=\/wp\/v2\/posts\/14404\/revisions"}],"wp:attachment":[{"href":"http:\/\/www.korhanyilmaz.com\/index.php?rest_route=%2Fwp%2Fv2%2Fmedia&parent=14404"}],"wp:term":[{"taxonomy":"category","embeddable":true,"href":"http:\/\/www.korhanyilmaz.com\/index.php?rest_route=%2Fwp%2Fv2%2Fcategories&post=14404"},{"taxonomy":"post_tag","embeddable":true,"href":"http:\/\/www.korhanyilmaz.com\/index.php?rest_route=%2Fwp%2Fv2%2Ftags&post=14404"}],"curies":[{"name":"wp","href":"https:\/\/api.w.org\/{rel}","templated":true}]}}