{"id":14400,"date":"2009-09-08T16:18:42","date_gmt":"2009-09-08T13:18:42","guid":{"rendered":"http:\/\/www.korhanyilmaz.com\/?p=14400"},"modified":"2009-09-08T16:18:42","modified_gmt":"2009-09-08T13:18:42","slug":"hukumet-iki-yuzlu","status":"publish","type":"post","link":"http:\/\/www.korhanyilmaz.com\/?p=14400","title":{"rendered":"&#039;H\u00fck\u00fcmet iki y\u00fczl\u00fc&#039;"},"content":{"rendered":"<p style=\"text-align: center;\"><a href=\"http:\/\/www.korhanyilmaz.com\/wp-content\/uploads\/2009\/09\/kemal2.jpg\"  class=\"lightview\"><img loading=\"lazy\" decoding=\"async\" class=\"aligncenter size-full wp-image-14401\" src=\"http:\/\/www.korhanyilmaz.com\/wp-content\/uploads\/2009\/09\/kemal2.jpg\" alt=\"\" width=\"329\" height=\"210\" \/><\/a><\/p>\n<p style=\"text-align: justify;\">Kemal K\u0131l\u0131\u00e7daro\u011flu \u0130zmir&#8217;in Kemalpa\u015fa il\u00e7esinde konu\u015ftu.<\/p>\n<p style=\"text-align: justify;\">CHP Grup Ba\u015fkan Vekili Kemal K\u0131l\u0131\u00e7daro\u011flu, AKP&#8217;nin demokratik a\u00e7\u0131l\u0131m i\u00e7in TBMM&#8217;de gizli oturum istemesinin \u00e7eli\u015fki ve iki y\u00fczl\u00fcl\u00fck oldu\u011funu \u00f6ne s\u00fcrerek, &#8220;Siz bireysel \u00f6zg\u00fcrl\u00fckleri geni\u015fletecekseniz, halka \u00f6zg\u00fcrl\u00fck getirecekseniz, demokrasinin geli\u015fimiyle ter\u00f6r\u00fc sonland\u0131racaksan\u0131z o zaman parlamentoda neden gizli oturum yap\u0131yorsunuz? \u00c7\u0131k\u0131n yurtta\u015f\u0131n kar\u015f\u0131s\u0131na `\u015fu \u00f6nlemleri getirece\u011fiz&#8217; deyin bitsin. Ama maalesef AKP&#8217;nin demokrasi anlay\u0131\u015f\u0131 bu&#8221; dedi. <!--more--><\/p>\n<p style=\"text-align: justify;\">CHP Grup Ba\u015fkan Vekili ve \u0130stanbul Milletvekili Kemal K\u0131l\u0131\u00e7daro\u011flu, kurtulu\u015f \u015fenlikleri nedeniyle gelid\u011fi Kemalpa\u015fa&#8217;da partisinin il\u00e7e ba\u015fkanl\u0131\u011f\u0131n\u0131 ve belediyeyi ziyaret etti. K\u0131l\u0131\u00e7daro\u011flu, AK Parti&#8217;nin demokratik a\u00e7\u0131l\u0131m i\u00e7in TBMM&#8217;de gizli oturum istemesinin \u00e7eli\u015fki ve ikiy\u00fczl\u00fcl\u00fck oldu\u011funu \u00f6ne s\u00fcrerek, \u015f\u00f6yle konu\u015ftu:<\/p>\n<p style=\"text-align: justify;\">&#8220;Siz demokratik a\u00e7\u0131l\u0131mdan s\u00f6z ediyorsunuz hak ve \u00f6zg\u00fcrl\u00fcklerin geni\u015fletilmesini istiyorsunuz ama `bunlar\u0131n g\u00f6r\u00fc\u015f\u00fclmesinin yeri meclistir&#8217; mecliste gizli oturumda g\u00f6r\u00fc\u015fece\u011fiz&#8217; diyorsunuz. D\u00fc\u015f\u00fcn\u00fcn bireysel \u00f6zg\u00fcrl\u00fck getiriyorsunuz, demokrasi getirdi\u011finizi iddia ediyorsunuz ama `bunlar\u0131 halktan gizli parlamentonun gizli oturumda konu\u015faca\u011f\u0131z&#8217; diyorsunuz. Tam bir \u00e7eli\u015fki. Demokratik a\u00e7\u0131dan \u00e7eli\u015fki. H\u00fck\u00fcmetin iki y\u00fczl\u00fcl\u00fc\u011f\u00fcn\u00fc bundan daha iyi sergileyen ba\u015fka bir olay olamaz. Demokratik a\u00e7\u0131l\u0131m diye 1.5 ayd\u0131r hemen hemen herkes konu\u015ftu, b\u00fct\u00fcn k\u00f6\u015fe yazarlar\u0131 yaz\u0131lar yazd\u0131lar. \u015eu ana kadar AKP&#8217;den bir tek \u00f6neri gelmedi. Hi\u00e7 \u00f6neri yok. \u00d6yle anla\u015f\u0131l\u0131yor ki \u00f6nerilerini parlamentoda gizli oylamayla ve halktan gizli yapacaklar. Bunu ak\u0131lla mant\u0131kla ba\u011fda\u015ft\u0131rmak m\u00fcmk\u00fcn de\u011fil. AKP&#8217;nin demokrasi anlay\u0131\u015f\u0131 da bu. Siz bireysel \u00f6zg\u00fcrl\u00fckleri geni\u015fletecekseniz, halka \u00f6zg\u00fcrl\u00fck getirecekseniz, demokrasinin geli\u015fimiyle ter\u00f6r\u00fc sonland\u0131racaksan\u0131z o zaman parlamentoda neden gizli oturum yap\u0131yorsunuz. \u00c7\u0131k\u0131n yurtta\u015f\u0131n kar\u015f\u0131s\u0131na `\u015fu \u00f6nlemleri getirece\u011fiz&#8217; deyin bitsin. Ama maalesef AKP&#8217;nin demokrasi anlay\u0131\u015f\u0131 bu. AKP kendi tutars\u0131zl\u0131\u011f\u0131n\u0131 s\u00fcrd\u00fcr\u00fcyor. Bir a\u00e7maza girdi\u011fini o da fark etti. Bir a\u00e7\u0131l\u0131m getirece\u011fiz dedi ama a\u00e7\u0131l\u0131m\u0131n ne oldu\u011funu kimse bilmiyor. Hatta AKP&#8217;nin kurmaylar\u0131 da bilmiyor. Grup ba\u015fkan vekilleri, genel ba\u015fkan yard\u0131mc\u0131lar\u0131 kapal\u0131 kap\u0131lar ard\u0131nda ne konu\u015fuyorlar? Hangi \u00f6nerileri getirmek istiyorlar, bilmiyoruz. Yap\u0131lan baz\u0131 haz\u0131rl\u0131klar var ki kamuoyundan gizli parlamentonun g\u00fcndemine kapal\u0131 oturumda getirmek istiyorlar.&#8221;<\/p>\n<p style=\"text-align: justify;\"><strong>YARGININ \u00dcZER\u0130NDE Y\u00dcR\u00dcTMEN\u0130N BASKISI VAR <\/strong><\/p>\n<p style=\"text-align: justify;\">Kemal K\u0131l\u0131\u00e7daro\u011flu, Yarg\u0131tay Ba\u015fkan\u0131 Hasan Ger\u00e7eker&#8217;in adli y\u0131l\u0131n a\u00e7\u0131l\u0131\u015f\u0131nda yapt\u0131\u011f\u0131 konu\u015fmada ger\u00e7ekleri ortaya koydu\u011funu vurgulayarak, &#8220;Demokrasilerde g\u00fc\u00e7ler ayr\u0131l\u0131\u011f\u0131 ilkesi var. Ki\u015fi, kurum yarg\u0131ya talimat veremez, bask\u0131 kuramaz ama Anayasa&#8217;da bu kadar a\u00e7\u0131k ve net h\u00fck\u00fcmler olmas\u0131na kar\u015f\u0131n yarg\u0131n\u0131n \u00f6zellikle y\u00fcr\u00fctme organ\u0131n\u0131n bask\u0131s\u0131 alt\u0131nda oldu\u011fu \u00e7ok a\u00e7\u0131k. En son HSYK karar\u0131nda da bunlar g\u00f6r\u00fcld\u00fc. Ger\u00e7eker, yarg\u0131 \u00fczerindeki bu bask\u0131lar\u0131 bir \u015fekilde tan\u0131mlam\u0131\u015f oldu. Daha \u00f6nce de yarg\u0131n\u0131n ba\u011f\u0131ms\u0131z olmad\u0131\u011f\u0131 y\u00f6n\u00fcnde bir bildiri yay\u0131nlanm\u0131\u015ft\u0131. Tablo de\u011fi\u015fmedi. Umuyoruz ve diliyoruz Anayasa&#8217;daki tan\u0131m\u0131na uygun yarg\u0131 ba\u011f\u0131ms\u0131zl\u0131\u011f\u0131 ger\u00e7ekle\u015fsin&#8221; dedi.<\/p>\n<p style=\"text-align: justify;\"><strong>KAMUOYU V\u0130DANINI RAHATLATAN B\u0130R KARAR VER\u0130LD\u0130 <\/strong><\/p>\n<p style=\"text-align: justify;\">Ba\u015fbakan Recep Tayyip Erdo\u011fan&#8217;\u0131n yerel se\u00e7imler \u00f6ncesi Ayd\u0131n mitinginde kendisini protesto etti\u011fi i\u00e7in yan\u0131na \u00e7a\u011f\u0131r\u0131p boynunu s\u0131kt\u0131\u011f\u0131 iddia edilen, Ba\u015fbakan&#8217;a hakaretten hakk\u0131nda kamu davas\u0131 a\u00e7\u0131lan \u00e7ocu\u011fun, yarg\u0131lanmas\u0131na gerek g\u00f6r\u00fclmemesini de &#8220;Rahatlatan bir karar&#8221; olarak de\u011ferlendiren K\u0131l\u0131\u00e7daro\u011flu, Erdo\u011fan&#8217;\u0131n 71 milyonun ensesini ekonomik a\u00e7\u0131dan s\u0131kt\u0131\u011f\u0131n\u0131 \u00f6ne s\u00fcrd\u00fc. K\u0131l\u0131\u00e7daro\u011flu, \u015funlar\u0131 s\u00f6yedi:<\/p>\n<p style=\"text-align: justify;\">&#8220;Yarg\u0131\u00e7 bana g\u00f6re toplum vicdan\u0131n\u0131 rahatlatan bir karar vermi\u015f. \u00d6zellikle k\u00fc\u00e7\u00fck bir \u00e7ocu\u011fu ensesinden tutarak, bir yandan da onu cezaland\u0131rmas\u0131 demokrasi s\u00f6ylemini dilinden d\u00fc\u015f\u00fcrmeyen bir Ba\u015fbakana hi\u00e7 yak\u0131\u015fm\u0131yor. O zaman \u00e7ocu\u011fun ensesini yakalad\u0131 ama \u015fu anda 71 milyon insan\u0131n ensesini ekonomik olarak s\u0131kan bir Ba\u015fbakan var. Yoksullu\u011fun, a\u00e7l\u0131\u011f\u0131n, sefaletin oldu\u011fu bir T\u00fcrkiye var. \u00c7ocu\u011fa sevgi ve ho\u015fg\u00f6r\u00fcyle yakla\u015fmas\u0131 gereken bir Ba\u015fbakan, gidip de bu ele\u015ftirilere tahamm\u00fcl edemeyip \u00e7ocu\u011fun ensesini s\u0131k\u0131p daha sonra da onu Ba\u015fbakan&#8217;a hakaret etti diye mahkemeye veren bir Ba\u015fbakan var. Ba\u015fbakan&#8217;\u0131n ele\u015ftiriye tahamm\u00fcl edemeyen bask\u0131c\u0131 tutumu art\u0131rarak s\u00fcrd\u00fcren bir profil \u00e7izdi\u011fini d\u00fc\u015f\u00fcn\u00fcyoruz.&#8221;<\/p>\n<p style=\"text-align: justify;\"><strong>ALINTER\u0130YLE BU SERVET B\u0130R\u0130KMEZ <\/strong><\/p>\n<p style=\"text-align: justify;\">CHP Grup Ba\u015fkan Vekili K\u0131l\u0131\u00e7daro\u011flu, Kemalpa\u015fa Belediyesi Meclis Salonu&#8217;nda vatanda\u015flarla sohbet etti. K\u0131l\u0131\u00e7daro\u011flu, Ba\u015fbakan Recep Tayyip Erdo\u011fan&#8217;\u0131n servetini ele\u015ftirerek, &#8220;\u0130stanbul&#8217;a Trabzon&#8217;dan gelip Rize&#8217;den gelip ayakkab\u0131 alacak paras\u0131 olmayan birisi, 25-30 y\u0131l i\u00e7inde d\u00fcnyan\u0131n en zengin ba\u015fbakanlar\u0131ndan biri olursa o zaman millet `bi dakka ya! Nas\u0131l oluyor? Bu i\u015f al\u0131nteriyle olmaz, bu kadar servet al\u0131nteriyle birikmez&#8217; demeli. Onu bilmesi laz\u0131m. Siz de \u00e7al\u0131\u015f\u0131yorsunuz. 30- 40 y\u0131ld\u0131r \u00e7al\u0131\u015fan emlekli oluyor. Emekli olup da bir ev alamayan kiralarda oturanlar var&#8221; dedi.<\/p>\n<p style=\"text-align: justify;\"><span style=\"color: #888888;\">Kaynak : Vatan<\/span><\/p>\n","protected":false},"excerpt":{"rendered":"<p style=\"text-align: center;\">\n<p style=\"text-align: justify;\">Kemal K\u0131l\u0131\u00e7daro\u011flu \u0130zmir&#8217;in Kemalpa\u015fa il\u00e7esinde konu\u015ftu.<\/p>\n<p style=\"text-align: justify;\">CHP Grup Ba\u015fkan Vekili Kemal K\u0131l\u0131\u00e7daro\u011flu, AKP&#8217;nin demokratik a\u00e7\u0131l\u0131m i\u00e7in TBMM&#8217;de gizli oturum istemesinin \u00e7eli\u015fki ve iki y\u00fczl\u00fcl\u00fck oldu\u011funu \u00f6ne s\u00fcrerek, &#8220;Siz bireysel \u00f6zg\u00fcrl\u00fckleri geni\u015fletecekseniz, halka \u00f6zg\u00fcrl\u00fck getirecekseniz, demokrasinin geli\u015fimiyle ter\u00f6r\u00fc sonland\u0131racaksan\u0131z o zaman parlamentoda neden gizli oturum yap\u0131yorsunuz? \u00c7\u0131k\u0131n yurtta\u015f\u0131n kar\u015f\u0131s\u0131na <\/p>\n","protected":false},"author":1,"featured_media":0,"comment_status":"open","ping_status":"closed","sticky":false,"template":"","format":"standard","meta":{"footnotes":""},"categories":[105],"tags":[],"class_list":["post-14400","post","type-post","status-publish","format-standard","hentry","category-gundem","odd"],"_links":{"self":[{"href":"http:\/\/www.korhanyilmaz.com\/index.php?rest_route=\/wp\/v2\/posts\/14400","targetHints":{"allow":["GET"]}}],"collection":[{"href":"http:\/\/www.korhanyilmaz.com\/index.php?rest_route=\/wp\/v2\/posts"}],"about":[{"href":"http:\/\/www.korhanyilmaz.com\/index.php?rest_route=\/wp\/v2\/types\/post"}],"author":[{"embeddable":true,"href":"http:\/\/www.korhanyilmaz.com\/index.php?rest_route=\/wp\/v2\/users\/1"}],"replies":[{"embeddable":true,"href":"http:\/\/www.korhanyilmaz.com\/index.php?rest_route=%2Fwp%2Fv2%2Fcomments&post=14400"}],"version-history":[{"count":0,"href":"http:\/\/www.korhanyilmaz.com\/index.php?rest_route=\/wp\/v2\/posts\/14400\/revisions"}],"wp:attachment":[{"href":"http:\/\/www.korhanyilmaz.com\/index.php?rest_route=%2Fwp%2Fv2%2Fmedia&parent=14400"}],"wp:term":[{"taxonomy":"category","embeddable":true,"href":"http:\/\/www.korhanyilmaz.com\/index.php?rest_route=%2Fwp%2Fv2%2Fcategories&post=14400"},{"taxonomy":"post_tag","embeddable":true,"href":"http:\/\/www.korhanyilmaz.com\/index.php?rest_route=%2Fwp%2Fv2%2Ftags&post=14400"}],"curies":[{"name":"wp","href":"https:\/\/api.w.org\/{rel}","templated":true}]}}