{"id":14394,"date":"2009-09-08T01:46:01","date_gmt":"2009-09-07T22:46:01","guid":{"rendered":"http:\/\/www.korhanyilmaz.com\/?p=14394"},"modified":"2009-09-08T01:46:01","modified_gmt":"2009-09-07T22:46:01","slug":"beddua-davasi","status":"publish","type":"post","link":"http:\/\/www.korhanyilmaz.com\/?p=14394","title":{"rendered":"Beddua Davas\u0131"},"content":{"rendered":"<p style=\"text-align: center;\"><a href=\"http:\/\/www.korhanyilmaz.com\/wp-content\/uploads\/2009\/09\/dava.jpg\"  class=\"lightview\"><img loading=\"lazy\" decoding=\"async\" class=\"aligncenter size-full wp-image-14395\" src=\"http:\/\/www.korhanyilmaz.com\/wp-content\/uploads\/2009\/09\/dava.jpg\" alt=\"\" width=\"450\" height=\"225\" \/><\/a><\/p>\n<p style=\"text-align: justify;\">G\u00f6n\u00fcll\u00fc 100 avukat savunacak.<\/p>\n<p style=\"text-align: justify;\">Savc\u0131 28 ay hapsini istedi&#8230;<\/p>\n<p style=\"text-align: justify;\">BA\u015eBAKAN Tayyip Erdo\u011fan\u2019\u0131n AKP Genel Ba\u015fkan\u0131 s\u0131fat\u0131yla d\u00fczenledi\u011fi Ayd\u0131n mitinginde  \u201cAllah cezan\u0131z\u0131 verecek\u201d diye ba\u011f\u0131rd\u0131\u011f\u0131 gerek\u00e7esiyle hakk\u0131nda dava a\u00e7\u0131lan ilk\u00f6\u011fretim okulu \u00f6\u011frencisi M.S.\u00d6.\u2019n\u00fcn davas\u0131 bug\u00fcn ba\u015fl\u0131yor. Ayd\u0131n \u00c7ocuk Mahkemesi\u2019ndeki davada, 28 ay hapsi istenen M.S.\u00d6.\u2019y\u00fc, g\u00f6n\u00fcll\u00fc 100 avukat savunacak. <!--more--><\/p>\n<p style=\"text-align: justify;\"><strong><em>\u00c7ocuk da Erdo\u011fan\u2019a dava a\u00e7t\u0131<\/em><\/strong><\/p>\n<p style=\"text-align: justify;\">M.S.\u00d6\u2019n\u00fcn avukatlar\u0131ndan Kemal Ayta\u00e7, \u00e7ocu\u011fu g\u00f6n\u00fcll\u00fc 100 avukat\u0131n savunaca\u011f\u0131n\u0131 belirterek, \u201c\u00c7ocuk \u2019Allah cezan\u0131 verecek\u2019diyor ama bu s\u00f6z\u00fcn hakaret i\u00e7ermedi\u011fi, Yarg\u0131tay\u2019\u0131n i\u00e7tihat niteli\u011findeki kararlar\u0131nda var\u201d dedi. Boynunun Ba\u015fbakan taraf\u0131ndan s\u0131k\u0131ld\u0131\u011f\u0131n\u0131 belirtip rapor alan \u00e7ocu\u011fun ailesi de Erdo\u011fan\u2019dan davac\u0131.<\/p>\n<p style=\"text-align: justify;\"><strong><em>\u201cBa\u015fbakan ensemi s\u0131kt\u0131\u201d diyen M.S.\u00d6.  hastaneden rapor alm\u0131\u015ft\u0131. <\/em><\/strong><\/p>\n<p style=\"text-align: justify;\"><strong><em>Ba\u015fbakan Erdo\u011fan\u2019a kar\u015f\u0131 100 avukatla savunma<\/em><\/strong><\/p>\n<p style=\"text-align: justify;\">Ayd\u0131n mitinginde  Ba\u015fbakan\u2019a \u201cAllah cezan\u0131z\u0131 verecek\u201d diye ba\u011f\u0131rd\u0131\u011f\u0131 gerek\u00e7esiyle 28 ay hapsi istenen M.S.\u00d6. bug\u00fcn hakim kar\u015f\u0131s\u0131na \u00e7\u0131k\u0131yor. 14 ya\u015f\u0131nda M.S.\u00d6.\u2019y\u00fc 100 avukat savunacak.<\/p>\n<p style=\"text-align: justify;\">Ba\u015fbakan Erdo\u011fan\u2019a \u201cAllah cezan\u0131z\u0131 verecek\u201d diye ba\u011f\u0131rd\u0131\u011f\u0131 gerek\u00e7esiyle hakk\u0131nda dava a\u00e7\u0131lan Ayd\u0131n\u2019l\u0131 ilk\u00f6\u011fretim okulu \u00f6\u011frencisi 14 ya\u015f\u0131ndaki M.S.\u00d6\u2019n\u00fcn davas\u0131 bug\u00fcn ba\u015fl\u0131yor. Ayd\u0131n \u00c7ocuk Mahkemesi\u2019ndeki davada, 28 ay hapsi istenen M.S.\u00d6\u2019y\u00fc, g\u00f6n\u00fcll\u00fc 100  avukat savunacak.<\/p>\n<p style=\"text-align: justify;\">Gazeteport\u2019tan Yusuf Sahici\u2019nin haberine g\u00f6re M.S.\u00d6\u2019n\u00fcn vukatlar\u0131ndan Kemal Ayta\u00e7, \u201c\u0130stanbul, Ayd\u0131n, \u0130zmir, Manisa, Adana ve di\u011fer \u00e7evre illerden gelenlerle birlikte 100 Avukat, duru\u015fmada haz\u0131r olaca\u011f\u0131z ve \u00e7ocu\u011fu savunaca\u011f\u0131z \u201d dedi. \u201c Davada hemen beraat karar\u0131 verilmesini isteyen Ayta\u00e7, sanat\u00e7\u0131 \u0130brahim Tatl\u0131ses\u2019in konser ve TV programlar\u0131nda her gece \u201d Allah belan\u0131 verecek \u201c dedi\u011fini de hat\u0131rlatarak \u015funlar\u0131 s\u00f6yledi:<\/p>\n<p style=\"text-align: justify;\"><strong><em>Tatl\u0131ses her g\u00fcn s\u00f6yl\u00fcyor!<\/em><\/strong><\/p>\n<p style=\"text-align: justify;\">\u201d\u00c7ocuk, Erdo\u011fan\u2019a \u2019Allah cezan\u0131 verecek ve seni sevmiyorum\u2019diyor. Bu s\u00f6zler ki\u015fiye y\u00f6neliktir. Ba\u015fbakan olay g\u00fcn\u00fc se\u00e7im mitingi i\u00e7in Ayd\u0131n\u2019a gelmi\u015f.  Ba\u015fbakan s\u0131fat\u0131yla de\u011fil, AKP Genel Ba\u015fkan\u0131 olarak miting d\u00fczenlemi\u015f&#8230; \u00c7ocuk \u2019Allah cezan\u0131 verecek\u2019 diyor ama bu s\u00f6z\u00fcn hakaret i\u00e7ermedi\u011fi, Yarg\u0131tay\u2019\u0131n i\u00e7tihat niteli\u011findeki kararlar\u0131nda vard\u0131r.  Bela okumak ve dua etmek dilek ve temennidir. Ho\u015f kar\u015f\u0131lanmayabilir ama \u00f6rne\u011fin \u0130brahim Tatl\u0131ses, konserlerinde, TV ekran\u0131nda hemen her gece b\u00fct\u00fcn millete bu s\u00f6z\u00fc s\u00f6yl\u00fcyor.<\/p>\n<p style=\"text-align: justify;\"><strong><em>\u00c7ocuk da Erdo\u011fan\u2019dan davac\u0131<\/em><\/strong><\/p>\n<p style=\"text-align: justify;\">Davan\u0131n ba\u015flang\u0131c\u0131, Ba\u015fbakan Erdo\u011fan\u2019\u0131n 29 Mart yerel se\u00e7imleri \u00f6ncesinde, Ayd\u0131n\u2019da yapt\u0131\u011f\u0131 mitinge dayan\u0131yor. M.S.\u00d6, 9 Mart g\u00fcn\u00fc Gazi Bulvar\u0131ndaki mitingde, AKP otob\u00fcs\u00fcnde Erdo\u011fan\u2019\u0131 g\u00f6r\u00fcnce \u201cAllah cezan\u0131z\u0131 verecek\u201d diye ba\u011f\u0131rm\u0131\u015ft\u0131. \u00c7ocu\u011fun iddias\u0131na g\u00f6re, polisler kendisini yakalayarak Ba\u015fbakan\u0131n yan\u0131na g\u00f6t\u00fcrd\u00fc. Erdo\u011fan \u201cNeden ba\u011f\u0131rd\u0131n?\u201d diye sorunca, M.S.\u00d6 \u201cSizi sevmiyorum\u201d dedi. M.S.\u00d6, olay s\u0131ras\u0131nda Ba\u015fbakan Erdo\u011fan\u2019\u0131n boynuna elini koyarak ensesini s\u0131kt\u0131\u011f\u0131n\u0131 da iddia etti ve Ayd\u0131n Devlet Hastanesi\u2019nden rapor ald\u0131. \u00c7ocuk hakk\u0131nda \u201cBa\u015fbakana hakaret\u201d su\u00e7undan dava a\u00e7\u0131ld\u0131. \u00c7ocu\u011fun ailesi de \u201cYaralama\u201d iddias\u0131yla Erdo\u011fan\u2019dan davac\u0131 oldu. \u201cHakaret\u201d su\u00e7undan yarg\u0131lanacak olan M.S.\u00d6 hakk\u0131nda, 14 ile 28 ay aras\u0131nda hapis isteniyor. Ya\u015f\u0131 k\u00fc\u00e7\u00fck oldu\u011fu i\u00e7in, cezas\u0131n\u0131n \u00fc\u00e7te iki oran\u0131nda d\u00fc\u015f\u00fcr\u00fclmesi talep ediliyor.<\/p>\n<p style=\"text-align: justify;\">14 ya\u015f\u0131ndaki ilk\u00f6\u011fretim okulu \u00f6\u011frencisi M.S.\u00d6., olay an\u0131nda Ba\u015fbakan Recep Tayyip Erdo\u011fan\u2019\u0131n kendisini h\u0131rpalad\u0131\u011f\u0131n\u0131 iddia etmi\u015fti.<\/p>\n<p style=\"text-align: justify;\"><span style=\"color: #888888;\">Kaynak : <a href=\"http:\/\/www.yenicaggazetesi.com.tr\/haberdetay.php?hit=22723\" target=\"_blank\">yenicaggazetesi.com.tr<\/a><\/span><\/p>\n<p style=\"text-align: justify;\">\n","protected":false},"excerpt":{"rendered":"<p style=\"text-align: center;\">\n<p style=\"text-align: justify;\">G\u00f6n\u00fcll\u00fc 100 avukat savunacak.<\/p>\n<p style=\"text-align: justify;\">Savc\u0131 28 ay hapsini istedi&#8230;<\/p>\n<p style=\"text-align: justify;\">BA\u015eBAKAN Tayyip Erdo\u011fan\u2019\u0131n AKP Genel Ba\u015fkan\u0131 s\u0131fat\u0131yla d\u00fczenledi\u011fi Ayd\u0131n mitinginde \u201cAllah cezan\u0131z\u0131 verecek\u201d diye ba\u011f\u0131rd\u0131\u011f\u0131 gerek\u00e7esiyle hakk\u0131nda dava a\u00e7\u0131lan ilk\u00f6\u011fretim okulu \u00f6\u011frencisi M.S.\u00d6.\u2019n\u00fcn davas\u0131 bug\u00fcn ba\u015fl\u0131yor. Ayd\u0131n \u00c7ocuk Mahkemesi\u2019ndeki davada, 28 ay hapsi istenen M.S.\u00d6.\u2019y\u00fc, g\u00f6n\u00fcll\u00fc 100 <\/p>\n","protected":false},"author":1,"featured_media":0,"comment_status":"open","ping_status":"closed","sticky":false,"template":"","format":"standard","meta":{"footnotes":""},"categories":[105],"tags":[],"class_list":["post-14394","post","type-post","status-publish","format-standard","hentry","category-gundem","odd"],"_links":{"self":[{"href":"http:\/\/www.korhanyilmaz.com\/index.php?rest_route=\/wp\/v2\/posts\/14394","targetHints":{"allow":["GET"]}}],"collection":[{"href":"http:\/\/www.korhanyilmaz.com\/index.php?rest_route=\/wp\/v2\/posts"}],"about":[{"href":"http:\/\/www.korhanyilmaz.com\/index.php?rest_route=\/wp\/v2\/types\/post"}],"author":[{"embeddable":true,"href":"http:\/\/www.korhanyilmaz.com\/index.php?rest_route=\/wp\/v2\/users\/1"}],"replies":[{"embeddable":true,"href":"http:\/\/www.korhanyilmaz.com\/index.php?rest_route=%2Fwp%2Fv2%2Fcomments&post=14394"}],"version-history":[{"count":0,"href":"http:\/\/www.korhanyilmaz.com\/index.php?rest_route=\/wp\/v2\/posts\/14394\/revisions"}],"wp:attachment":[{"href":"http:\/\/www.korhanyilmaz.com\/index.php?rest_route=%2Fwp%2Fv2%2Fmedia&parent=14394"}],"wp:term":[{"taxonomy":"category","embeddable":true,"href":"http:\/\/www.korhanyilmaz.com\/index.php?rest_route=%2Fwp%2Fv2%2Fcategories&post=14394"},{"taxonomy":"post_tag","embeddable":true,"href":"http:\/\/www.korhanyilmaz.com\/index.php?rest_route=%2Fwp%2Fv2%2Ftags&post=14394"}],"curies":[{"name":"wp","href":"https:\/\/api.w.org\/{rel}","templated":true}]}}