{"id":14390,"date":"2009-09-08T01:49:24","date_gmt":"2009-09-07T22:49:24","guid":{"rendered":"http:\/\/www.korhanyilmaz.com\/?p=14390"},"modified":"2009-09-08T01:49:24","modified_gmt":"2009-09-07T22:49:24","slug":"gercekerden-hukuk-dersi","status":"publish","type":"post","link":"http:\/\/www.korhanyilmaz.com\/?p=14390","title":{"rendered":"Ger\u00e7eker&#039;den hukuk dersi"},"content":{"rendered":"<p style=\"text-align: center;\"><a href=\"http:\/\/www.korhanyilmaz.com\/wp-content\/uploads\/2009\/09\/1252363670.jpg\"  class=\"lightview\"><img loading=\"lazy\" decoding=\"async\" class=\"aligncenter size-full wp-image-14391\" src=\"http:\/\/www.korhanyilmaz.com\/wp-content\/uploads\/2009\/09\/1252363670.jpg\" alt=\"\" width=\"450\" height=\"225\" \/><\/a><\/p>\n<p style=\"text-align: justify;\">YEN\u0130 adli y\u0131l a\u00e7\u0131l\u0131\u015f\u0131nda iktidara \u00f6nemli uyar\u0131larda bulunan Yarg\u0131tay Ba\u015fkan\u0131 Hasan Ger\u00e7eker, bir de \u2018yanda\u015f yarg\u0131\u2019 dersi verdi: Yarg\u0131 ba\u011f\u0131ms\u0131z olacaksa, yanda\u015f yarg\u0131 olmamas\u0131 gerekir. Olmamas\u0131 i\u00e7in u\u011fra\u015f\u0131yoruz. Herkesin de u\u011fra\u015f vermesi gerekir.<\/p>\n<p style=\"text-align: justify;\">Yarg\u0131tay Ba\u015fkan\u0131 Ger\u00e7eker bombalad\u0131:<\/p>\n<p style=\"text-align: justify;\">* HSYK\u2019ya, Adalet Bakan\u0131\u2019n\u0131n ba\u015fkanl\u0131k etmesi, yarg\u0131 ba\u011f\u0131ms\u0131zl\u0131\u011f\u0131n\u0131 zedeleyen bir olgudur.<\/p>\n<p style=\"text-align: justify;\">* Dedikodu kan\u0131t de\u011fildir. Makul s\u00fcrede yaz\u0131lmas\u0131 gereken iddianamenin dayana\u011f\u0131 olamaz.<\/p>\n<p style=\"text-align: justify;\">* Anayasa Mahkemesi\u2019nin i\u015flevi Anayasa ile s\u0131n\u0131rlanmal\u0131. Y\u00fcce Divan g\u00f6revi Yarg\u0131tay\u2019\u0131n olmal\u0131.<\/p>\n<p style=\"text-align: justify;\">Yarg\u0131tay\u2019da d\u00fczenlenen adli y\u0131l\u0131n a\u00e7\u0131l\u0131\u015f t\u00f6renine Ba\u015fbakan Erdo\u011fan ile Yarg\u0131tay Cumhuriyet Ba\u015fsavc\u0131s\u0131 Abdurrahman Yal\u00e7\u0131nkaya da kat\u0131ld\u0131. <!--more--><\/p>\n<p style=\"text-align: justify;\"><strong><em>Dedikodu kan\u0131t de\u011fil<\/em><\/strong><\/p>\n<p style=\"text-align: justify;\">Yarg\u0131tay Ba\u015fkan\u0131 Ger\u00e7eker, yarg\u0131 ba\u011f\u0131ms\u0131zl\u0131\u011f\u0131 konusunda sert uyar\u0131larda bulundu. \u0130sim vermeden \u00dcmraniye soru\u015fturmas\u0131na da de\u011finen Ger\u00e7eker, &#8220;Dedikodu, iddianamenin dayanaklar\u0131 aras\u0131nda yer alamaz&#8221; dedi<\/p>\n<p style=\"text-align: justify;\">Yeni adli y\u0131l\u0131n ba\u015flamas\u0131 nedeniyle Yarg\u0131tay\u2019da d\u00fczenlenen t\u00f6rende konu\u015fan Yarg\u0131tay Ba\u015fkan\u0131 Hasan Ger\u00e7eker, yarg\u0131 ba\u011f\u0131ms\u0131zl\u0131\u011f\u0131 y\u00f6n\u00fcnde bir ilerleme kaydedilmedi\u011fini belirterek sert uyar\u0131larda bulundu. Ger\u00e7eker, demokrasi kavram\u0131 \u00e7er\u00e7evesinde yap\u0131lan tart\u0131\u015fmalar\u0131n cumhuriyetin baz\u0131 de\u011ferlerine zarar verdi\u011fine i\u015faret etti. Y\u00fcce Divan yetkisinin kendilerine verilmesini de talep eden Yarg\u0131tay Ba\u015fkan\u0131, isim vermeden \u00dcmraniye soru\u015fturmas\u0131na de\u011finerek, &#8220;Dedikodu, kan\u0131t de\u011fil, iddianamenin dayanaklar\u0131 aras\u0131nda yer alamaz&#8221; dedi.<\/p>\n<p style=\"text-align: justify;\"><strong><em>Daha da k\u00f6t\u00fcye gidebilir<\/em><\/strong><\/p>\n<p style=\"text-align: justify;\">Ger\u00e7eker, Adalet Bakanl\u0131\u011f\u0131\u2019n\u0131n haz\u0131rlad\u0131\u011f\u0131 yarg\u0131 reformunda yarg\u0131 ba\u011f\u0131ms\u0131zl\u0131\u011f\u0131 y\u00f6n\u00fcnde bir ilerlemeye rastlanmad\u0131\u011f\u0131n\u0131 ifade ederek &#8220;Yarg\u0131 ba\u011f\u0131ms\u0131zl\u0131\u011f\u0131 noktas\u0131nda mevcut durumun dahi gerisine d\u00fc\u015f\u00fclmesi olas\u0131l\u0131\u011f\u0131 s\u00f6z konusudur&#8221; dedi. Ger\u00e7eker, taslakta Anayasa Mahkemesi ile Hakimler ve Savc\u0131lar Y\u00fcksek Kurulu\u2019na (HSYK) Meclis\u2019in \u00fcye se\u00e7mesinin \u00f6ng\u00f6r\u00fcld\u00fc\u011f\u00fcn\u00fc, Adalet Bakan\u0131 ile M\u00fcste\u015far\u0131n\u0131n HSYK\u2019n\u0131n \u00fcyeleri olarak kalmaya devam etti\u011fini belirterek bunlar\u0131n yarg\u0131 ba\u011f\u0131ms\u0131zl\u0131\u011f\u0131yla ba\u011fda\u015fmad\u0131\u011f\u0131n\u0131 vurgulad\u0131. Ger\u00e7eker \u015f\u00f6yle dedi:  &#8220;Hukuk devleti olman\u0131n, ba\u015fka bir ifade ile hukukun \u00fcst\u00fcn tutularak, ya\u015fam\u0131n her alan\u0131nda egemen k\u0131l\u0131nmas\u0131n\u0131n olmazsa olmaz ko\u015fulu, yarg\u0131 erkinin g\u00f6revini yaparken ba\u011f\u0131ms\u0131z, yans\u0131z ve bu i\u015flevi do\u011frudan yerine getiren H\u00e2kim ve Cumhuriyet Savc\u0131lar\u0131n\u0131n g\u00fcvenceli olmalar\u0131d\u0131r. Bunu sa\u011flaman\u0131n yolu, yarg\u0131 erkinin, di\u011fer iki erkten, yani yasama ve y\u00fcr\u00fctme erklerinin etki alan\u0131ndan uzak tutulmas\u0131, bu iki erkin alt ya da \u00fcst derecesinde de\u011fil, ancak e\u015fiti bir konumda bulunmas\u0131 ile m\u00fcmk\u00fcn oldu\u011funun net bir bi\u00e7imde alg\u0131lanmas\u0131d\u0131r.&#8221;<\/p>\n<p style=\"text-align: justify;\"><strong><em>Bakan HSYK \u00fcyesi olamaz<\/em><\/strong><\/p>\n<p style=\"text-align: justify;\">Adalet Bakan\u0131\u2019n\u0131n HSYK \u00fcyesi olmas\u0131n\u0131n yarg\u0131 ba\u011f\u0131ms\u0131zl\u0131\u011f\u0131na ayk\u0131r\u0131 oldu\u011funu belirten Yarg\u0131tay Ba\u015fkan\u0131, \u015funlar\u0131 s\u00f6yledi: &#8220;H\u00e2kim ve savc\u0131lar\u0131 mesle\u011fe kabul etme, atama, nakletme, ge\u00e7ici yetki verme, y\u00fckseltme, birinci s\u0131n\u0131fa ay\u0131rma, kadro da\u011f\u0131tma, g\u00f6revden uzakla\u015ft\u0131rma i\u015flemleri bak\u0131m\u0131ndan tam yetkili olan H\u00e2kimler ve Savc\u0131lar Y\u00fcksek Kuruluna, Adalet Bakan\u0131n\u0131n ba\u015fkanl\u0131k etmesi yarg\u0131 ba\u011f\u0131ms\u0131zl\u0131\u011f\u0131n\u0131 zedeleyen bir olgudur. &#8220;<\/p>\n<p style=\"text-align: justify;\"><em>Y\u00fcce Divan yetkisi bize verilsin<\/em><\/p>\n<p style=\"text-align: justify;\">Ger\u00e7eker, Anayasa Mahkemesi\u2019nin i\u015flevinin Anayasa Yarg\u0131s\u0131 ile s\u0131n\u0131rl\u0131 olmas\u0131 gerekti\u011fine dikkat \u00e7ekerek Y\u00fcce Divan g\u00f6revinin Yarg\u0131tay\u2019a verilmesi gerekti\u011fini ifade etti. Yarg\u0131tay Ba\u015fkan\u0131, yanl\u0131\u015f uygulamalar\u0131n, usule ayk\u0131r\u0131l\u0131klar\u0131n, \u00f6zellikle de ileti\u015fimin dinlenilmesindeki yasaya ayk\u0131r\u0131 i\u015flemlerin, davalar\u0131n ve tutukluluk s\u00fcrelerinin makul s\u00fcreyi a\u015facak derecede uzamas\u0131n\u0131n toplumda ku\u015fku ve endi\u015fe yaratt\u0131\u011f\u0131na ve yarg\u0131ya olan g\u00fcveni azaltt\u0131\u011f\u0131n\u0131 ifade etti.<\/p>\n<p style=\"text-align: justify;\"><strong><em>\u0130nsanlar incitilmemeli<\/em><\/strong><\/p>\n<p style=\"text-align: justify;\">\u0130sim vermeden \u00dcmraniye soru\u015fturmas\u0131na da de\u011finen Yarg\u0131tay Ba\u015fkan\u0131 Hasan Ger\u00e7eker, \u015f\u00f6yle devam etti: &#8220;Soru\u015fturman\u0131n gizlili\u011fi gerek\u00e7esi \u00e7ok insancad\u0131r, \u00e7ok g\u00fc\u00e7l\u00fcd\u00fcr, \u00e7ok tutarl\u0131d\u0131r. Ku\u015fkulunun \u015ferefi \u00f6rselenmemeli, su\u00e7 i\u015fledikleri san\u0131lan insanlar incitilmemeli, lekelenmemelidir. \u00d6n soru\u015fturma asla bir g\u00fc\u00e7 g\u00f6sterisine d\u00f6n\u00fc\u015ft\u00fcr\u00fclmemelidir. Dedikodu kan\u0131t de\u011fildir, iddianamenin dayanaklar\u0131 aras\u0131nda yer alamaz. Anayasal d\u00fczene kar\u015f\u0131 i\u015flenen su\u00e7lar\u0131, bizzat savc\u0131 soru\u015fturmak zorundad\u0131r, kolluk ifade alamaz. Herkesin ve \u00f6zellikle tutuklu bulunan ku\u015fkulular\u0131n iddianameleri makul s\u00fcrede yaz\u0131lmal\u0131d\u0131r.&#8221;<\/p>\n<p style=\"text-align: justify;\"><strong><em>Yarg\u0131 ba\u011f\u0131ms\u0131z olacaksa yanda\u015f yarg\u0131 olmamal\u0131<\/em><\/strong><\/p>\n<p style=\"text-align: justify;\">Yeni adli y\u0131l a\u00e7\u0131l\u0131\u015f\u0131nda iktidara \u00f6nemli uyar\u0131larda bulunan Yarg\u0131tay Ba\u015fkan\u0131 Hasan Ger\u00e7eker, bir de \u2019yanda\u015f yarg\u0131\u2019dersi verdi. Ger\u00e7eker, konu\u015fmas\u0131n\u0131n ard\u0131ndan gazetecilerin, \u201c(Yanda\u015f yarg\u0131) ifadesini konu\u015fma metnine koydunuz, ancak okumad\u0131n\u0131z. B\u00f6yle bir kayg\u0131n\u0131z m\u0131 var?\u201d sorusuna \u201cKonu\u015fma uzundu. Zaman zaman baz\u0131 yerleri atlad\u0131k. Oray\u0131 da atlam\u0131\u015f olabilirim\u201d yan\u0131t\u0131n\u0131 verdi. \u201cB\u00f6yle bir g\u00f6zleminiz mi var?\u201d sorusu \u00fczerine Ger\u00e7eker, \u201cOlmamas\u0131 gerekir diyorum. Kimseyi su\u00e7lay\u0131c\u0131 bir tav\u0131r i\u00e7inde olmad\u0131k zaten. Olmamas\u0131 gerekti\u011fini s\u00f6yl\u00fcyoruz. \u00d6yle de\u011fil mi? Yarg\u0131 ba\u011f\u0131ms\u0131z olacaksa, yanda\u015f yarg\u0131 olmamas\u0131 gerekir. Bu, bug\u00fcn i\u00e7in de ge\u00e7erli, yar\u0131n i\u00e7in de ge\u00e7erli, ge\u00e7mi\u015fte de ge\u00e7erli olan bir \u015fey. Olmamas\u0131 i\u00e7in u\u011fra\u015f\u0131yoruz. Herkesin de u\u011fra\u015f vermesi gerekir\u201d dedi. Gere\u00e7eker\u2019in metne koydu\u011fu ancak okumad\u0131\u011f\u0131 b\u00f6l\u00fcm \u00f6zetle \u015f\u00f6yle: \u201cYanda\u015f yarg\u0131y\u0131 de\u011fil, tam ba\u011f\u0131ms\u0131z ve tarafs\u0131z yarg\u0131y\u0131 olu\u015fturmak i\u00e7in u\u011fra\u015f vermeliyiz.\u201d<\/p>\n<p style=\"text-align: justify;\"><strong><em>AKP: Yarg\u0131n\u0131n rahats\u0131z olmamas\u0131 laz\u0131m<\/em><\/strong><\/p>\n<p style=\"text-align: justify;\">AKP Grup Ba\u015fkanvekili Bekir Bozda\u011f, Yarg\u0131tay Ba\u015fkan\u0131 Hasan Ger\u00e7eker\u2019in, Yarg\u0131 Reformu Tasla\u011f\u0131\u2019na y\u00f6nelik ele\u015ftirilerine yan\u0131t verdi. Bozda\u011f, \u201cAB standartlar\u0131nda bir yarg\u0131 ba\u011f\u0131ms\u0131zl\u0131\u011f\u0131, tarafs\u0131zl\u0131\u011f\u0131, \u015feffafl\u0131\u011f\u0131ndan kimsenin rahats\u0131z olmamas\u0131 laz\u0131m. Ba\u015fta yarg\u0131n\u0131n rahats\u0131z olmamas\u0131 laz\u0131m. Aksine yasama organ\u0131 yarg\u0131 alan\u0131ndaki standartlar\u0131 AB standartlar\u0131na bug\u00fcne kadar ula\u015ft\u0131rmad\u0131 diye yasama organ\u0131n\u0131 ele\u015ftirmesi daha do\u011fru olurdu\u201d de\u011ferlendirmesinde bulundu.<\/p>\n<p style=\"text-align: justify;\"><strong><em>MHP\u2019den destek<\/em><\/strong><\/p>\n<p style=\"text-align: justify;\">H\u00fck\u00fcmet s\u00f6zc\u00fcs\u00fc Cemil \u00c7i\u00e7ek de, Ger\u00e7eker\u2019in s\u00f6zlerine  \u201cYarg\u0131n\u0131n yanda\u015f\u0131 olmaz\u201d \u015feklinde yan\u0131t verdi. \u00d6te yandan, MHP Grup Ba\u015fkanvekili Oktay Vural MHP\u2019nin program\u0131nda, yolsuzlukla m\u00fccadele kapsam\u0131nda Y\u00fcce Divan yetkisinin Yarg\u0131tay Ceza Dairelerinden olu\u015facak bir heyete verilmesinin bulundu\u011funu s\u00f6yledi.<\/p>\n<p style=\"text-align: justify;\"><strong><em>Yal\u00e7\u0131nkaya: \u00d6nce parti i\u00e7i demokrasi<\/em><\/strong><\/p>\n<p style=\"text-align: justify;\">Di\u011fer yandan, Yarg\u0131tay Cumhuriyet Ba\u015fsavc\u0131s\u0131 Abdurrahman Yal\u00e7\u0131nkaya, Ger\u00e7eker\u2019in ele\u015ftirilerine aynen kat\u0131ld\u0131\u011f\u0131n\u0131 s\u00f6yledi. Adalet Bakan\u0131 ve Adalet Bakanl\u0131\u011f\u0131 M\u00fcste\u015far\u0131\u2019n\u0131n HSYK\u2019da olmamas\u0131 gerekti\u011fini ifade eden Yal\u00e7\u0131nkaya AB\u2019nin de ayn\u0131 y\u00f6nde istemleri bulundu\u011funu belirtti. Yal\u00e7\u0131nkaya, \u201csiyasi partilerde parti i\u00e7i demokrasi sa\u011fland\u0131ktan sonra HSYK\u2019ya yasama organ\u0131nca \u00fcye se\u00e7ilebilece\u011fi\u201d g\u00f6r\u00fc\u015f\u00fcn\u00fc belirtti.<\/p>\n<p style=\"text-align: justify;\"><em><strong>\u00d6zok: \u0130ktidar, yarg\u0131y\u0131 ba\u011f\u0131ml\u0131 hale getirdi<\/strong><\/em><\/p>\n<p style=\"text-align: justify;\">T\u00fcrkiye Barolar Birli\u011fi Ba\u015fkan\u0131 \u00d6zdemir \u00d6zok, AKP iktidar\u0131n\u0131n tarafs\u0131zl\u0131k ve ba\u011f\u0131ms\u0131zl\u0131\u011f\u0131na g\u00fcvenmedi\u011fini a\u00e7\u0131k\u00e7a ifade etti\u011fi yarg\u0131y\u0131 ba\u011f\u0131ml\u0131 hale d\u00f6n\u00fc\u015ft\u00fcrmeyi tercih etti\u011fini belirterek, AKP\u2019nin \u2019yanda\u015f yarg\u0131\u2019 yaratmaya \u00e7al\u0131\u015ft\u0131\u011f\u0131n\u0131 ifade etti. HSYK toplant\u0131s\u0131nda ya\u015fanan \u00dcmraniye davas\u0131 savc\u0131lar\u0131 hakk\u0131nda i\u015flem yap\u0131lmas\u0131 tart\u0131\u015fmalar\u0131na da de\u011finen \u00d6zok, \u201cSilivri\u2019de g\u00f6r\u00fclmekte olan davan\u0131n savc\u0131lar\u0131yla ilgili benim ki\u015fisel olarak asla kat\u0131lmad\u0131\u011f\u0131m HSYK\u2019n\u0131n tasarruf talebine kar\u015f\u0131n, Adalet Bakanl\u0131\u011f\u0131\u2019n\u0131n g\u00f6sterdi\u011fi diren\u00e7 ve yanda\u015f medyan\u0131n g\u00fcnlerce HSYK aleyhine yazd\u0131klar\u0131, ge\u00e7ti\u011fimiz y\u0131l Yarg\u0131tay \u00fcyesi se\u00e7imleri s\u0131ras\u0131nda Adalet Bakanl\u0131\u011f\u0131\u2019n\u0131n kendine yak\u0131n \u00fcyelerin se\u00e7imi i\u00e7in yapt\u0131\u011f\u0131 engellemelerin yan\u0131s\u0131ra d\u00f6nemin m\u00fcste\u015far\u0131n\u0131n s\u0131rf toplant\u0131lar\u0131 erteletebilmek i\u00e7in tart\u0131\u015fmal\u0131 rapor ald\u0131\u011f\u0131 iddialar\u0131, \u2019yanda\u015f yarg\u0131\u2019 yaratman\u0131n somut g\u00f6stergeleridir\u201d dedi. \u00d6zok, \u201cHSYK ile ilgili d\u00fczenlemelerde bizim y\u0131llard\u0131r dillendirdi\u011fimiz ve AB \u0130sti\u015fari Ziyaret raporlar\u0131nda vurgulanan Adalet Bakan\u0131 ve M\u00fcste\u015far\u0131\u2019n\u0131n kuruldan ayr\u0131lmas\u0131, yarg\u0131\u00e7l\u0131k ve savc\u0131l\u0131k s\u0131navlar\u0131n\u0131n HSYK taraf\u0131ndan yap\u0131lmas\u0131 konular\u0131nda bu pakette hi\u00e7bir d\u00fczenleme yoktur\u201d diye konu\u015ftu.<\/p>\n<p style=\"text-align: justify;\"><span style=\"color: #888888;\">Haber : Fatih Erboz &#8211; <a href=\"http:\/\/www.yenicaggazetesi.com.tr\/haberdetay.php?hit=22724\" target=\"_blank\">yenicaggazetesi.com.tr<\/a><\/span><\/p>\n","protected":false},"excerpt":{"rendered":"<p style=\"text-align: center;\">\n<p style=\"text-align: justify;\">YEN\u0130 adli y\u0131l a\u00e7\u0131l\u0131\u015f\u0131nda iktidara \u00f6nemli uyar\u0131larda bulunan Yarg\u0131tay Ba\u015fkan\u0131 Hasan Ger\u00e7eker, bir de \u2018yanda\u015f yarg\u0131\u2019 dersi verdi: Yarg\u0131 ba\u011f\u0131ms\u0131z olacaksa, yanda\u015f yarg\u0131 olmamas\u0131 gerekir. Olmamas\u0131 i\u00e7in u\u011fra\u015f\u0131yoruz. Herkesin de u\u011fra\u015f vermesi gerekir.<\/p>\n<p style=\"text-align: justify;\">Yarg\u0131tay Ba\u015fkan\u0131 Ger\u00e7eker bombalad\u0131:<\/p>\n<p style=\"text-align: justify;\">* HSYK\u2019ya, Adalet Bakan\u0131\u2019n\u0131n ba\u015fkanl\u0131k etmesi, yarg\u0131 ba\u011f\u0131ms\u0131zl\u0131\u011f\u0131n\u0131 zedeleyen <\/p>\n","protected":false},"author":1,"featured_media":0,"comment_status":"open","ping_status":"closed","sticky":false,"template":"","format":"standard","meta":{"footnotes":""},"categories":[105],"tags":[],"class_list":["post-14390","post","type-post","status-publish","format-standard","hentry","category-gundem","odd"],"_links":{"self":[{"href":"http:\/\/www.korhanyilmaz.com\/index.php?rest_route=\/wp\/v2\/posts\/14390","targetHints":{"allow":["GET"]}}],"collection":[{"href":"http:\/\/www.korhanyilmaz.com\/index.php?rest_route=\/wp\/v2\/posts"}],"about":[{"href":"http:\/\/www.korhanyilmaz.com\/index.php?rest_route=\/wp\/v2\/types\/post"}],"author":[{"embeddable":true,"href":"http:\/\/www.korhanyilmaz.com\/index.php?rest_route=\/wp\/v2\/users\/1"}],"replies":[{"embeddable":true,"href":"http:\/\/www.korhanyilmaz.com\/index.php?rest_route=%2Fwp%2Fv2%2Fcomments&post=14390"}],"version-history":[{"count":0,"href":"http:\/\/www.korhanyilmaz.com\/index.php?rest_route=\/wp\/v2\/posts\/14390\/revisions"}],"wp:attachment":[{"href":"http:\/\/www.korhanyilmaz.com\/index.php?rest_route=%2Fwp%2Fv2%2Fmedia&parent=14390"}],"wp:term":[{"taxonomy":"category","embeddable":true,"href":"http:\/\/www.korhanyilmaz.com\/index.php?rest_route=%2Fwp%2Fv2%2Fcategories&post=14390"},{"taxonomy":"post_tag","embeddable":true,"href":"http:\/\/www.korhanyilmaz.com\/index.php?rest_route=%2Fwp%2Fv2%2Ftags&post=14390"}],"curies":[{"name":"wp","href":"https:\/\/api.w.org\/{rel}","templated":true}]}}