{"id":14386,"date":"2009-09-08T18:06:36","date_gmt":"2009-09-08T15:06:36","guid":{"rendered":"http:\/\/www.korhanyilmaz.com\/?p=14386"},"modified":"2009-09-08T18:06:36","modified_gmt":"2009-09-08T15:06:36","slug":"yok-kurtce-bolum-icin-harekete-geciyor","status":"publish","type":"post","link":"http:\/\/www.korhanyilmaz.com\/?p=14386","title":{"rendered":"Y\u00d6K K\u00fcrt\u00e7e b\u00f6l\u00fcm i\u00e7in harekete ge\u00e7iyor"},"content":{"rendered":"<p style=\"text-align: center;\"><a href=\"http:\/\/www.korhanyilmaz.com\/wp-content\/uploads\/2009\/09\/KURTCE_BOLUM.jpg\"  class=\"lightview\"><img loading=\"lazy\" decoding=\"async\" class=\"aligncenter size-full wp-image-14387\" src=\"http:\/\/www.korhanyilmaz.com\/wp-content\/uploads\/2009\/09\/KURTCE_BOLUM.jpg\" alt=\"\" width=\"307\" height=\"236\" \/><\/a><\/p>\n<p style=\"text-align: justify;\">Y\u00d6K Ba\u015fkan\u0131 Prof. Dr. Yusuf Ziya \u00d6zcan, rekt\u00f6rlerle ger\u00e7ekle\u015ftirdikleri toplant\u0131da, &#8220;demokratik a\u00e7\u0131l\u0131m&#8221; s\u00fcrecine ne t\u00fcr katk\u0131da bulunabileceklerini ele ald\u0131klar\u0131n\u0131 belirterek, &#8220;B\u00fct\u00fcn rekt\u00f6rlerimiz b\u00f6yle bir a\u00e7\u0131l\u0131ma \u00fcniversitelerimizin bir katk\u0131s\u0131n\u0131n olmas\u0131n\u0131 kabul ettiler&#8221; dedi.<\/p>\n<p style=\"text-align: justify;\">Prof. Dr. \u00d6zcan, davet edilen 27 \u00fcniversiteden gelen rekt\u00f6r ve rekt\u00f6r vekilleriyle Y\u00d6K&#8217;te bir araya geldi. Yakla\u015f\u0131k 2,5 saat s\u00fcren toplant\u0131n\u0131n ard\u0131ndan \u00d6zcan, gazetecilere a\u00e7\u0131klama yapt\u0131.<\/p>\n<p style=\"text-align: justify;\">K\u00fcrt Dili ve Edebiyat\u0131 b\u00f6l\u00fcm\u00fcyle ilgili Y\u00d6K&#8217;\u00fcn yapmas\u0131 gereken faaliyetler konusunun g\u00fcndemlerinde oldu\u011funu belirten \u00d6zcan, &#8220;demokratik a\u00e7\u0131l\u0131m \u00e7er\u00e7evesinde hangi t\u00fcr faaliyetleri Y\u00d6K&#8217;\u00fcn \u00fcstlenece\u011fi meselesinin&#8221; uzun bir s\u00fcredir g\u00fcndemlerinde oldu\u011funu ifade etti. <!--more--><\/p>\n<p style=\"text-align: justify;\">\u00d6zcan, \u015funlar\u0131 s\u00f6yledi: &#8220;Hatta sizlerin yazd\u0131\u011f\u0131 gibi de\u011fil, biz TRT \u015ee\u015f&#8217;in a\u00e7\u0131lmas\u0131ndan \u00e7ok \u00f6nce bu meseleyi d\u00fc\u015f\u00fcnmeye, kafa yormaya ba\u015flam\u0131\u015ft\u0131k. Hatta TRT \u015ee\u015f a\u00e7\u0131ld\u0131ktan bir m\u00fcddet sonra \u0130stanbul \u00dcniversitesine K\u00fcrt Dili ve Edebiyat\u0131 Ara\u015ft\u0131rma Merkezi i\u00e7in izin vermi\u015ftik. Bu faaliyetler devam ediyordu. Bunun \u00fczerine h\u00fck\u00fcmetimizin demokratik a\u00e7\u0131l\u0131m s\u00fcreci ba\u015flat\u0131ld\u0131. Biz &#8216;o s\u00fcrece ne t\u00fcr katk\u0131da bulunabiliriz, \u00fcniversitelerimiz bu s\u00fcre\u00e7 i\u00e7in ne yapabilir&#8217; konusunda daha geni\u015f bir \u00e7evreden g\u00f6r\u00fc\u015f almaya karar verdik. Bunun i\u00e7in bug\u00fcn 27 \u00fcniversitemizin rekt\u00f6r\u00fcn\u00fc davet ettik.<\/p>\n<p style=\"text-align: justify;\">\u00c7o\u011fu rekt\u00f6r ve birka\u00e7 \u00fcniversitemizin de rekt\u00f6r vekili toplant\u0131m\u0131za kat\u0131ld\u0131. \u00c7ok verimli bir toplant\u0131 ge\u00e7ti. Y\u00d6K&#8217;te daha \u00f6nce kendi aram\u0131zda yapt\u0131\u011f\u0131m\u0131z tart\u0131\u015fmalar\u0131n birazc\u0131k daha d\u0131\u015f\u0131na \u00e7\u0131kt\u0131k, kapsam\u0131n\u0131 geni\u015flettik. Meseleyi \u00f6\u011fretim \u00fcyesi temini, m\u00fcfredat\u0131n \u00f6zellikleri, b\u00f6yle bir a\u00e7\u0131l\u0131m\u0131n hangi \u00fcniversitede yap\u0131lmas\u0131n\u0131n daha uygun oldu\u011fu gibi meselelerde bir \u015fey yap\u0131labilir mi, yap\u0131lamaz m\u0131 gibi konularda \u00e7ok verimli fikir al\u0131\u015fveri\u015finde bulunduk.&#8221;<\/p>\n<p style=\"text-align: justify;\"><strong><em>&#8220;Bu dile \u00fcniversitelerin uzak kalmas\u0131 do\u011fru de\u011fil&#8221; <\/em><\/strong><\/p>\n<p style=\"text-align: justify;\">\u00d6zcan, toplant\u0131dan \u00e7\u0131kan sonu\u00e7lar\u0131 \u015f\u00f6yle a\u00e7\u0131klad\u0131: &#8220;Bir defa herkes, b\u00fct\u00fcn rekt\u00f6rlerimiz b\u00f6yle bir a\u00e7\u0131l\u0131ma \u00fcniversitelerimizin bir katk\u0131s\u0131n\u0131n olmas\u0131n\u0131 kabul ettiler, &#8216;Bir \u015fekilde katk\u0131m\u0131z olsun&#8217; dediler. Pek \u00e7ok \u00fcniversite rekt\u00f6r\u00fcm\u00fcz b\u00f6yle bir katk\u0131n\u0131n en iyi \u015fekilde b\u00fcy\u00fck \u00fcniversitelerimiz i\u00e7erisinde yap\u0131lmas\u0131 gerekti\u011finin daha uygun olaca\u011f\u0131 tezini savundular.<\/p>\n<p style=\"text-align: justify;\">\u00d6\u011fretim eleman\u0131 konusunda da \u00e7ok s\u0131k\u0131nt\u0131 olmad\u0131\u011f\u0131n\u0131 \u00e7\u00fcnk\u00fc i\u015fte Fars dili, Arap dili gibi dallardaki \u00f6\u011fretim \u00fcyelerinden K\u00fcrt\u00e7e bilen elemanlardan bu b\u00f6l\u00fcmlere \u00f6\u011fretim \u00fcyesi transferi yap\u0131labilece\u011fini s\u00f6ylediler. Bunlar \u00e7ok olumlu \u015feyler ama bu tart\u0131\u015fmalar \u00e7er\u00e7evesinde bizim yapmak zorunda oldu\u011fumuz daha \u00e7ok \u015fey var. Bu fikirlerle, rekt\u00f6rlerimizin g\u00f6r\u00fc\u015fleriyle, biliyorsunuz ay\u0131n 10&#8217;unda genel kurulumuz var, genel kurulumuzda biz kendi aram\u0131zda tart\u0131\u015fmaya devam edece\u011fiz.<\/p>\n<p style=\"text-align: justify;\">Karar \u00e7\u0131kar m\u0131 \u00e7\u0131kmaz m\u0131 bilmiyorum ama bu tart\u0131\u015fmalar\u0131 s\u00fcrd\u00fcrece\u011fiz. En do\u011fru olan\u0131 yapmaya \u00e7al\u0131\u015f\u0131yoruz. Nas\u0131l ba\u015flarsa \u00f6yle gidece\u011fi \u015feklinde bir inanc\u0131m\u0131z var. Onun i\u00e7in do\u011fru bir \u015fekilde ba\u015flay\u0131p, s\u00fcreci do\u011fru bir \u015fekilde g\u00f6t\u00fcrmek istiyoruz. Biz meseleye daha \u00e7ok bilimsel a\u00e7\u0131dan yakla\u015f\u0131yoruz. Yani \u00fclkemizde baz\u0131 rakamlara g\u00f6re 12-13 milyonun konu\u015ftu\u011fu bir dildir bu.<\/p>\n<p style=\"text-align: justify;\">Bu dile \u00fcniversitelerin uzak kalmas\u0131 \u00e7ok do\u011fru de\u011fil. Nas\u0131l ba\u015fka dilleri ele al\u0131yorsak K\u00fcrt\u00e7e&#8217;yi de o \u015fekilde ele alabilir ve bilimsel bir yakla\u015f\u0131mla inceleyebiliriz. H\u00fck\u00fcmetimizin bu demokratik a\u00e7\u0131l\u0131m\u0131ndan ba\u011f\u0131ms\u0131z olarak da ele al\u0131nabilir, biz zaten \u00f6yle d\u00fc\u015f\u00fcn\u00fcyoruz. Biz, bu t\u00fcrden \u00e7al\u0131\u015fmalara demokratik a\u00e7\u0131l\u0131m meselesi bitse dahi devam edece\u011fiz. \u0130steyen g\u00f6n\u00fcll\u00fc \u00fcniversitelerimiz olursa onlara gerekli m\u00fcsaadeleri vermek i\u00e7in pozitif bir yakla\u015f\u0131m i\u00e7indeyiz.&#8221;<\/p>\n<p style=\"text-align: justify;\">Bir soru \u00fczerine, 27 \u00fcniversiteyi bu kapsamda davet ettiklerini belirten \u00d6zcan, s\u00f6z konusu \u00fcniversitelerin bu i\u015fi yapabileceklerini d\u00fc\u015f\u00fcnd\u00fcklerini dile getirdi. \u00d6zcan, bu \u00fcniversitelerde edebiyat ve sosyal bilimler fak\u00fcltelerinin bulundu\u011funa i\u015faret etti.<\/p>\n<p style=\"text-align: justify;\">\u00d6zcan, ba\u015fka bir soru \u00fczerine, toplant\u0131da rekt\u00f6rlerin farkl\u0131, kar\u015f\u0131t g\u00f6r\u00fc\u015flerinin olmad\u0131\u011f\u0131n\u0131 ifade ederek, toplant\u0131n\u0131n verimli ge\u00e7ti\u011fini ve rekt\u00f6rlerin kendileri i\u00e7in \u00e7ok yararl\u0131 \u00f6neriler getirdiklerini aktard\u0131.<\/p>\n<p style=\"text-align: justify;\">Bu arada toplant\u0131ya, Ankara, Anadolu, Artvin \u00c7oruh, Atat\u00fcrk, Bilkent, \u00c7ukurova, Dicle, Hakkari, Mardin Artuklu, Marmara, Mu\u015f Alpaslan, Nev\u015fehir, Ondokuz May\u0131s, Kafkas, Karadeniz Teknik, Sel\u00e7uk, Trakya ve Tunceli \u00fcniversitelerinin rekt\u00f6rleri davet edildi.<\/p>\n<p style=\"text-align: justify;\">Y\u00d6K&#8217;ten izin \u00e7\u0131kt\u0131\u011f\u0131 takdirde T\u00fcrkiye&#8217;de ilk olarak, Mardin Artuklu \u00dcniversitesi&#8217;nde K\u00fcrt\u00e7e&#8217;nin Do\u011fu Dilleri ve Edebiyat\u0131 b\u00f6l\u00fcm\u00fc alt\u0131nda anabilimdal\u0131 olarak a\u00e7\u0131lmas\u0131 bekleniyor.<\/p>\n<p style=\"text-align: justify;\"><span style=\"color: #888888;\">CNN T\u00dcRK<\/span><\/p>\n","protected":false},"excerpt":{"rendered":"<p style=\"text-align: center;\">\n<p style=\"text-align: justify;\">Y\u00d6K Ba\u015fkan\u0131 Prof. Dr. Yusuf Ziya \u00d6zcan, rekt\u00f6rlerle ger\u00e7ekle\u015ftirdikleri toplant\u0131da, &#8220;demokratik a\u00e7\u0131l\u0131m&#8221; s\u00fcrecine ne t\u00fcr katk\u0131da bulunabileceklerini ele ald\u0131klar\u0131n\u0131 belirterek, &#8220;B\u00fct\u00fcn rekt\u00f6rlerimiz b\u00f6yle bir a\u00e7\u0131l\u0131ma \u00fcniversitelerimizin bir katk\u0131s\u0131n\u0131n olmas\u0131n\u0131 kabul ettiler&#8221; dedi.<\/p>\n<p style=\"text-align: justify;\">Prof. Dr. \u00d6zcan, davet edilen 27 \u00fcniversiteden gelen rekt\u00f6r ve rekt\u00f6r vekilleriyle Y\u00d6K&#8217;te bir araya geldi. <\/p>\n","protected":false},"author":1,"featured_media":0,"comment_status":"open","ping_status":"closed","sticky":false,"template":"","format":"standard","meta":{"footnotes":""},"categories":[105],"tags":[],"class_list":["post-14386","post","type-post","status-publish","format-standard","hentry","category-gundem","odd"],"_links":{"self":[{"href":"http:\/\/www.korhanyilmaz.com\/index.php?rest_route=\/wp\/v2\/posts\/14386","targetHints":{"allow":["GET"]}}],"collection":[{"href":"http:\/\/www.korhanyilmaz.com\/index.php?rest_route=\/wp\/v2\/posts"}],"about":[{"href":"http:\/\/www.korhanyilmaz.com\/index.php?rest_route=\/wp\/v2\/types\/post"}],"author":[{"embeddable":true,"href":"http:\/\/www.korhanyilmaz.com\/index.php?rest_route=\/wp\/v2\/users\/1"}],"replies":[{"embeddable":true,"href":"http:\/\/www.korhanyilmaz.com\/index.php?rest_route=%2Fwp%2Fv2%2Fcomments&post=14386"}],"version-history":[{"count":0,"href":"http:\/\/www.korhanyilmaz.com\/index.php?rest_route=\/wp\/v2\/posts\/14386\/revisions"}],"wp:attachment":[{"href":"http:\/\/www.korhanyilmaz.com\/index.php?rest_route=%2Fwp%2Fv2%2Fmedia&parent=14386"}],"wp:term":[{"taxonomy":"category","embeddable":true,"href":"http:\/\/www.korhanyilmaz.com\/index.php?rest_route=%2Fwp%2Fv2%2Fcategories&post=14386"},{"taxonomy":"post_tag","embeddable":true,"href":"http:\/\/www.korhanyilmaz.com\/index.php?rest_route=%2Fwp%2Fv2%2Ftags&post=14386"}],"curies":[{"name":"wp","href":"https:\/\/api.w.org\/{rel}","templated":true}]}}