{"id":14382,"date":"2009-09-08T19:00:34","date_gmt":"2009-09-08T16:00:34","guid":{"rendered":"http:\/\/www.korhanyilmaz.com\/?p=14382"},"modified":"2009-09-08T19:00:34","modified_gmt":"2009-09-08T16:00:34","slug":"pkk-ile-catisma-6-asker-sehit","status":"publish","type":"post","link":"http:\/\/www.korhanyilmaz.com\/?p=14382","title":{"rendered":"PKK ile \u00e7at\u0131\u015fma: 7 asker \u015fehit"},"content":{"rendered":"<p style=\"text-align: center;\"><a href=\"http:\/\/www.korhanyilmaz.com\/wp-content\/uploads\/2009\/09\/ERUH.jpg\"  class=\"lightview\"><img loading=\"lazy\" decoding=\"async\" class=\"aligncenter size-full wp-image-14383\" src=\"http:\/\/www.korhanyilmaz.com\/wp-content\/uploads\/2009\/09\/ERUH.jpg\" alt=\"\" width=\"307\" height=\"236\" \/><\/a><\/p>\n<p style=\"text-align: justify;\">Siirt&#8217;in Eruh il\u00e7esinde ter\u00f6ristlerle \u00e7at\u0131\u015fma \u00e7\u0131kt\u0131. 6 asker \u015fehit oldu. \u00c7ukurca&#8217;daki \u00e7at\u0131\u015fmada ise 1 asker \u015fehit oldu, 1 asker ise a\u011f\u0131r yaraland\u0131.<\/p>\n<p style=\"text-align: justify;\">Siirt&#8217;in Eruh \u0130l\u00e7esindeki \u00c7\u0131rav Da\u011f\u0131&#8217;nda operasyon g\u00fcvenlik g\u00fc\u00e7leriyle ter\u00f6ristler aras\u0131nda \u00e7\u0131kan \u00e7at\u0131\u015fmada 5 asker \u015fehit oldu, 3 asker yaraland\u0131.<\/p>\n<p style=\"text-align: justify;\">G\u00fcvenlik g\u00fc\u00e7leri, \u00c7\u0131rav Da\u011f\u0131&#8217;nda ter\u00f6ristlere kar\u015f\u0131 d\u00fcn ak\u015fam operasyon ba\u015flatt\u0131.<\/p>\n<p style=\"text-align: justify;\">Bu b\u00f6lgede \u00fcstlenen PKK&#8217;l\u0131 ter\u00f6ristlerle kar\u015f\u0131la\u015fan g\u00fcvenlik g\u00fc\u00e7leri &#8216;teslim ol&#8217; \u00e7a\u011fr\u0131s\u0131nda bulundu.<\/p>\n<p style=\"text-align: justify;\">PKK&#8217;l\u0131 ter\u00f6ristlerin ate\u015fle kar\u015f\u0131l\u0131k vermesi \u00fczerine \u00e7at\u0131\u015fma \u00e7\u0131kt\u0131. B\u00f6lgeye takviye birlikler sevk edilrken, Siirt&#8217;teki 3&#8217;\u00fcnc\u00fc Komando Tugay Komutanl\u0131\u011f\u0131&#8217;ndan Sikorsky helikopterlerle \u00f6zel e\u011fitimli komandolar indirildi. <!--more--><\/p>\n<p style=\"text-align: justify;\">Ter\u00f6ristlerle g\u00fcvenlik g\u00fc\u00e7leri aras\u0131nda g\u00fcn boyu devam eden \u00e7at\u0131\u015fmada 5 askerin \u015fehit oldu\u011fu, 3 askerin yaraland\u0131\u011f\u0131 belirtilirken, ter\u00f6ristlerin kay\u0131plar\u0131yla ilgili bilgi edinilemedi.<\/p>\n<p style=\"text-align: justify;\">Operasyonun nedeniyle bug\u00fcn Eruh \u0130l\u00e7esi&#8217;nde elektrikler ve telefonlar kesildi. B\u00f6lgede \u015fiddetli \u00e7at\u0131\u015fmalar\u0131n devam etit\u011fi belirtildi.<\/p>\n<p style=\"text-align: justify;\">G\u00f6rendoruk k\u00f6y\u00fc k\u0131rsal\u0131nda g\u00fcvenlik g\u00fc\u00e7leri ile ter\u00f6r \u00f6rg\u00fct\u00fc PKK mensuplar\u0131 aras\u0131nda \u00e7\u0131kan \u00e7at\u0131\u015fmada \u015fehit olan 5 askerin cenazesi Siirt 3. Komando Tugay Komutanl\u0131\u011f\u0131&#8217;na getirildi.<\/p>\n<p style=\"text-align: justify;\">\u015eehitlerin cenazelerinin yar\u0131n d\u00fczenlenecek t\u00f6renin ard\u0131ndan memleketlerine g\u00f6nderilece\u011fi belirtildi.<\/p>\n<p style=\"text-align: justify;\">\u00d6te yandan Hakkari&#8217;nin \u00c7ukurca il\u00e7esi Kazan Vadisi&#8217;nde g\u00fcvenlik g\u00fc\u00e7leri ile ter\u00f6ristler aras\u0131nda \u00e7\u0131kan \u00e7at\u0131\u015fmada 1 astsubay \u015fehit oldu, 2 uzman \u00e7avu\u015f yaraland\u0131.<\/p>\n<p style=\"text-align: justify;\">Al\u0131nan bilgiye g\u00f6re, bug\u00fcn \u00f6\u011fle saatlerinde Irak s\u0131n\u0131r\u0131nda da\u011fl\u0131k bir alanda bulunan Kazan Vadisi&#8217;nde arazi arama ve tarama faaliyeti y\u00fcr\u00fcten g\u00fcvenlik g\u00fc\u00e7leri ile bir grup PKK ter\u00f6r \u00f6rg\u00fct\u00fc \u00fcyesi aras\u0131nda \u00e7at\u0131\u015fma \u00e7\u0131kt\u0131.<\/p>\n<p style=\"text-align: justify;\">\u00c7at\u0131\u015fmada K\u0131r\u015fehir n\u00fcfusuna kay\u0131tl\u0131 Astsubay Ferhat Erdem \u015fehit oldu, 2 uzman \u00e7avu\u015f ise yaraland\u0131. Yaral\u0131 askerler helikopterle Hakkari Askeri Hastanesi&#8217;ne getirilerek tedavi alt\u0131na al\u0131nd\u0131. B\u00f6lgede hava destekli operasyonlar\u0131n devam etti\u011fi bildirildi.<\/p>\n<p style=\"text-align: justify;\">Genelkurmay Ba\u015fkanl\u0131\u011f\u0131 da \u00c7ukurca ve Eruh&#8217;taki \u00e7at\u0131\u015fmalarda 6 askerin \u015fehit oldu\u011funu, 3 askerin de yaraland\u0131\u011f\u0131n\u0131 duyurdu.<\/p>\n<p style=\"text-align: justify;\"><span style=\"color: #888888;\">CNN T\u00dcRK<\/span><\/p>\n","protected":false},"excerpt":{"rendered":"<p style=\"text-align: center;\">\n<p style=\"text-align: justify;\">Siirt&#8217;in Eruh il\u00e7esinde ter\u00f6ristlerle \u00e7at\u0131\u015fma \u00e7\u0131kt\u0131. 6 asker \u015fehit oldu. \u00c7ukurca&#8217;daki \u00e7at\u0131\u015fmada ise 1 asker \u015fehit oldu, 1 asker ise a\u011f\u0131r yaraland\u0131.<\/p>\n<p style=\"text-align: justify;\">Siirt&#8217;in Eruh \u0130l\u00e7esindeki \u00c7\u0131rav Da\u011f\u0131&#8217;nda operasyon g\u00fcvenlik g\u00fc\u00e7leriyle ter\u00f6ristler aras\u0131nda \u00e7\u0131kan \u00e7at\u0131\u015fmada 5 asker \u015fehit oldu, 3 asker yaraland\u0131.<\/p>\n<p style=\"text-align: justify;\">G\u00fcvenlik g\u00fc\u00e7leri, \u00c7\u0131rav Da\u011f\u0131&#8217;nda ter\u00f6ristlere <\/p>\n","protected":false},"author":1,"featured_media":0,"comment_status":"open","ping_status":"closed","sticky":false,"template":"","format":"standard","meta":{"footnotes":""},"categories":[105],"tags":[],"class_list":["post-14382","post","type-post","status-publish","format-standard","hentry","category-gundem","odd"],"_links":{"self":[{"href":"http:\/\/www.korhanyilmaz.com\/index.php?rest_route=\/wp\/v2\/posts\/14382","targetHints":{"allow":["GET"]}}],"collection":[{"href":"http:\/\/www.korhanyilmaz.com\/index.php?rest_route=\/wp\/v2\/posts"}],"about":[{"href":"http:\/\/www.korhanyilmaz.com\/index.php?rest_route=\/wp\/v2\/types\/post"}],"author":[{"embeddable":true,"href":"http:\/\/www.korhanyilmaz.com\/index.php?rest_route=\/wp\/v2\/users\/1"}],"replies":[{"embeddable":true,"href":"http:\/\/www.korhanyilmaz.com\/index.php?rest_route=%2Fwp%2Fv2%2Fcomments&post=14382"}],"version-history":[{"count":0,"href":"http:\/\/www.korhanyilmaz.com\/index.php?rest_route=\/wp\/v2\/posts\/14382\/revisions"}],"wp:attachment":[{"href":"http:\/\/www.korhanyilmaz.com\/index.php?rest_route=%2Fwp%2Fv2%2Fmedia&parent=14382"}],"wp:term":[{"taxonomy":"category","embeddable":true,"href":"http:\/\/www.korhanyilmaz.com\/index.php?rest_route=%2Fwp%2Fv2%2Fcategories&post=14382"},{"taxonomy":"post_tag","embeddable":true,"href":"http:\/\/www.korhanyilmaz.com\/index.php?rest_route=%2Fwp%2Fv2%2Ftags&post=14382"}],"curies":[{"name":"wp","href":"https:\/\/api.w.org\/{rel}","templated":true}]}}