{"id":14375,"date":"2009-09-08T16:31:27","date_gmt":"2009-09-08T13:31:27","guid":{"rendered":"http:\/\/www.korhanyilmaz.com\/?p=14375"},"modified":"2009-09-08T16:31:27","modified_gmt":"2009-09-08T13:31:27","slug":"polisin-gorevi-gulun-oglunu-yetistirmek-mi","status":"publish","type":"post","link":"http:\/\/www.korhanyilmaz.com\/?p=14375","title":{"rendered":"Polisin g\u00f6revi G\u00fcl&#039;\u00fcn o\u011flunu yeti\u015ftirmek mi?"},"content":{"rendered":"<p style=\"text-align: center;\"><a href=\"http:\/\/www.korhanyilmaz.com\/wp-content\/uploads\/2009\/09\/emregulmotor3.jpg\"  class=\"lightview\"><img loading=\"lazy\" decoding=\"async\" class=\"aligncenter size-full wp-image-14376\" src=\"http:\/\/www.korhanyilmaz.com\/wp-content\/uploads\/2009\/09\/emregulmotor3.jpg\" alt=\"\" width=\"320\" height=\"234\" \/><\/a><\/p>\n<p style=\"text-align: justify;\">CHP Mersin Milletvekili \u0130sa G\u00f6k, Ba\u015fbakan Recep Tayyip Erdo\u011fan&#8217;a &#8220;Devletin trafik polisinin Cumhurba\u015fkan\u0131&#8217;n\u0131n o\u011flunu ma\u00e7a yeti\u015ftirme gibi bir g\u00f6revi var m\u0131d\u0131r?&#8221; sorusunu y\u00f6neltti.<\/p>\n<p style=\"text-align: justify;\">G\u00f6k, Ba\u015fbakan Erdo\u011fan&#8217;\u0131n yan\u0131tlamas\u0131 istemiyle TBMM Ba\u015fkanl\u0131\u011f\u0131&#8217;na sundu\u011fu yaz\u0131l\u0131 soru \u00f6nergesinde, &#8220;Cumhurba\u015fkan\u0131&#8217;n\u0131n o\u011flunun, trafik polisinin motoruyla havaliman\u0131na g\u00f6t\u00fcr\u00fclmesi, Ba\u015fbakanl\u0131k u\u00e7a\u011f\u0131n\u0131n havaliman\u0131nda bekletilmesi ve Ba\u015fbakanl\u0131k u\u00e7a\u011f\u0131 ile Kayseri&#8217;deki ma\u00e7a g\u00f6t\u00fcr\u00fclmesinin masraflar\u0131n\u0131n devlet b\u00fct\u00e7esinin hangi kaleminden kar\u015f\u0131land\u0131\u011f\u0131n\u0131&#8221; sordu. <!--more--><\/p>\n<p style=\"text-align: justify;\">G\u00f6k, &#8220;Cumhurba\u015fkan\u0131&#8217;n\u0131n o\u011flunun iddia edildi\u011fi \u015fekilde Kayseri&#8217;deki ma\u00e7a g\u00f6t\u00fcr\u00fclmesinin devlete maliyeti ne kadar olmu\u015ftur? Kamu kaynaklar\u0131n\u0131n etkin ve verimli kullan\u0131lmas\u0131 ba\u011flam\u0131nda konuyu nas\u0131l de\u011ferlendiriyorsunuz?&#8221; dedi.<\/p>\n<p style=\"text-align: justify;\">G\u00f6k, \u00f6nergesinde \u015fu sorular\u0131 y\u00f6neltti:<\/p>\n<p style=\"text-align: justify;\">&#8211; Cumhurba\u015fkan\u0131&#8217;n\u0131n o\u011flu nas\u0131l olup da trafik polisinin motorunun arkas\u0131na ba\u015f\u0131nda kask\u0131 olmaks\u0131z\u0131n binmi\u015ftir?<\/p>\n<p style=\"text-align: justify;\">&#8211; Bu konuda herhangi bir cezai i\u015flem yap\u0131lm\u0131\u015f m\u0131d\u0131r? Devletin trafik polisinin Cumhurba\u015fkan\u0131&#8217;n\u0131n o\u011flunu ma\u00e7a yeti\u015ftirme gibi bir g\u00f6revi var m\u0131d\u0131r?<\/p>\n<p style=\"text-align: justify;\">&#8211; Ba\u015fbakanl\u0131k u\u00e7a\u011f\u0131n\u0131n, i\u00e7inde Ba\u015fbakan&#8217;\u0131n da bulundu\u011fu bir ortamda Cumhurba\u015fkan\u0131&#8217;n\u0131n o\u011flunu ma\u00e7a g\u00f6t\u00fcrmek \u00fczere bekletilmesi, amac\u0131na ve protokol kurallar\u0131na uygun mudur?<\/p>\n<p><span style=\"color: #888888;\">CNN T\u00dcRK<\/span><\/p>\n<p style=\"text-align: justify;\"><a href=\"http:\/\/www.korhanyilmaz.com\/wp-content\/uploads\/2009\/09\/emregulmotor2.jpg\"  class=\"lightview\"><img loading=\"lazy\" decoding=\"async\" class=\"aligncenter size-full wp-image-14379\" style=\"margin-top: 15px; margin-bottom: 15px;\" src=\"http:\/\/www.korhanyilmaz.com\/wp-content\/uploads\/2009\/09\/emregulmotor2.jpg\" alt=\"\" width=\"395\" height=\"450\" \/><\/a><a href=\"http:\/\/www.korhanyilmaz.com\/wp-content\/uploads\/2009\/09\/emregulmotor.jpg\"  class=\"lightview\"><img loading=\"lazy\" decoding=\"async\" class=\"aligncenter size-full wp-image-14380\" style=\"margin-top: 15px; margin-bottom: 15px;\" src=\"http:\/\/www.korhanyilmaz.com\/wp-content\/uploads\/2009\/09\/emregulmotor.jpg\" alt=\"\" width=\"400\" height=\"420\" \/><\/a><\/p>\n","protected":false},"excerpt":{"rendered":"<p style=\"text-align: center;\">\n<p style=\"text-align: justify;\">CHP Mersin Milletvekili \u0130sa G\u00f6k, Ba\u015fbakan Recep Tayyip Erdo\u011fan&#8217;a &#8220;Devletin trafik polisinin Cumhurba\u015fkan\u0131&#8217;n\u0131n o\u011flunu ma\u00e7a yeti\u015ftirme gibi bir g\u00f6revi var m\u0131d\u0131r?&#8221; sorusunu y\u00f6neltti.<\/p>\n<p style=\"text-align: justify;\">G\u00f6k, Ba\u015fbakan Erdo\u011fan&#8217;\u0131n yan\u0131tlamas\u0131 istemiyle TBMM Ba\u015fkanl\u0131\u011f\u0131&#8217;na sundu\u011fu yaz\u0131l\u0131 soru \u00f6nergesinde, &#8220;Cumhurba\u015fkan\u0131&#8217;n\u0131n o\u011flunun, trafik polisinin motoruyla havaliman\u0131na g\u00f6t\u00fcr\u00fclmesi, Ba\u015fbakanl\u0131k u\u00e7a\u011f\u0131n\u0131n havaliman\u0131nda bekletilmesi ve Ba\u015fbakanl\u0131k u\u00e7a\u011f\u0131 <\/p>\n","protected":false},"author":1,"featured_media":0,"comment_status":"open","ping_status":"closed","sticky":false,"template":"","format":"standard","meta":{"footnotes":""},"categories":[105],"tags":[],"class_list":["post-14375","post","type-post","status-publish","format-standard","hentry","category-gundem","odd"],"_links":{"self":[{"href":"http:\/\/www.korhanyilmaz.com\/index.php?rest_route=\/wp\/v2\/posts\/14375","targetHints":{"allow":["GET"]}}],"collection":[{"href":"http:\/\/www.korhanyilmaz.com\/index.php?rest_route=\/wp\/v2\/posts"}],"about":[{"href":"http:\/\/www.korhanyilmaz.com\/index.php?rest_route=\/wp\/v2\/types\/post"}],"author":[{"embeddable":true,"href":"http:\/\/www.korhanyilmaz.com\/index.php?rest_route=\/wp\/v2\/users\/1"}],"replies":[{"embeddable":true,"href":"http:\/\/www.korhanyilmaz.com\/index.php?rest_route=%2Fwp%2Fv2%2Fcomments&post=14375"}],"version-history":[{"count":0,"href":"http:\/\/www.korhanyilmaz.com\/index.php?rest_route=\/wp\/v2\/posts\/14375\/revisions"}],"wp:attachment":[{"href":"http:\/\/www.korhanyilmaz.com\/index.php?rest_route=%2Fwp%2Fv2%2Fmedia&parent=14375"}],"wp:term":[{"taxonomy":"category","embeddable":true,"href":"http:\/\/www.korhanyilmaz.com\/index.php?rest_route=%2Fwp%2Fv2%2Fcategories&post=14375"},{"taxonomy":"post_tag","embeddable":true,"href":"http:\/\/www.korhanyilmaz.com\/index.php?rest_route=%2Fwp%2Fv2%2Ftags&post=14375"}],"curies":[{"name":"wp","href":"https:\/\/api.w.org\/{rel}","templated":true}]}}