{"id":14367,"date":"2009-09-08T17:54:52","date_gmt":"2009-09-08T14:54:52","guid":{"rendered":"http:\/\/www.korhanyilmaz.com\/?p=14367"},"modified":"2009-09-08T17:54:52","modified_gmt":"2009-09-08T14:54:52","slug":"istanbulun-saganak-kabusu","status":"publish","type":"post","link":"http:\/\/www.korhanyilmaz.com\/?p=14367","title":{"rendered":"\u0130stanbul&#039;un sa\u011fanak kabusu!"},"content":{"rendered":"<p><a href=\"http:\/\/www.korhanyilmaz.com\/wp-content\/uploads\/2009\/09\/SEL11.jpg\"  class=\"lightview\"><img loading=\"lazy\" decoding=\"async\" class=\"aligncenter size-full wp-image-14372\" src=\"http:\/\/www.korhanyilmaz.com\/wp-content\/uploads\/2009\/09\/SEL11.jpg\" alt=\"\" width=\"348\" height=\"180\" \/><\/a><\/p>\n<p style=\"text-align: justify;\">\u0130stanbul&#8217;da etkili olan sa\u011fanak ya\u011f\u0131\u015f nedeniyle 100&#8217;\u00fcn \u00fczerinde ev ve i\u015fyerini su bast\u0131. \u0130stanbul Valisi Muammer G\u00fcler, sel nedeniyle Silivri&#8217;de evini su basan bir ki\u015finin kalp krizinden \u00f6ld\u00fc\u011f\u00fcn\u00fc, bir \u00e7ocu\u011fun ise halen kay\u0131p oldu\u011funu bildirdi. Pendik&#8217;te 4 katl\u0131 bir binan\u0131n \u00e7at\u0131s\u0131na y\u0131ld\u0131r\u0131m d\u00fc\u015ft\u00fc, \u00c7atalca Devlet Hastanesi&#8217;ni su bast\u0131. Ya\u011f\u0131\u015ftan otoyollar da etkilendi; kilometrelerce ara\u00e7 kuyru\u011fu olu\u015ftu.<\/p>\n<p style=\"text-align: justify;\"><em><strong>YOL DURUMU: <\/strong><\/em><\/p>\n<p style=\"text-align: justify;\">Sa\u011fanak nedeniyle durma noktas\u0131na gelen TEM Otoyolu&#8217;nun Silivri-Edirne ve Silivri-\u0130stanbul istikametindeki trafik normale d\u00f6nd\u00fc. TEM Otoyolu&#8217;nun Silivri mevkisinde Selimpa\u015fa \u015eubesi ekiplerince su tahliye \u00e7al\u0131\u015fmas\u0131 yap\u0131ld\u0131. Tekrar ula\u015f\u0131ma a\u00e7\u0131lan yolda, karayollar\u0131 ekiplerinin \u00e7al\u0131\u015fmas\u0131n\u0131n devam etti\u011fi bildirildi. <!--more--><\/p>\n<p style=\"text-align: justify;\">Su birikintileri nedeniyle TEM Otoyolu Edirne istikametinde Selimpa\u015fa&#8217;dan Silivri&#8217;ye kadar olan b\u00f6l\u00fcmde ara\u00e7lar\u0131n yakla\u015f\u0131k 16 kilometrelik kuyruk olu\u015fturduklar\u0131 \u00f6\u011frenildi.<\/p>\n<p style=\"text-align: justify;\">E-5 Karayolu da sular alt\u0131nda kald\u0131 ve geli\u015f ve gidi\u015f olmak \u00fczere bir s\u00fcre trafi\u011fe kapand\u0131.<\/p>\n<p style=\"text-align: justify;\">\u0130stanbul Valili\u011fi, etkili sa\u011fanak ya\u011f\u0131\u015f nedeniyle D-100 Karayolu&#8217;nun Selimpa\u015fa-Edirne istikametinde yer yer bozulmalar ve a\u015f\u0131r\u0131 su birikintileri meydana geldi\u011finden ula\u015f\u0131ma elveri\u015fsiz oldu\u011funu bildirdi. Bu y\u00f6ne gidecek s\u00fcr\u00fcc\u00fclerin TEM Otoyolu&#8217;nu kullanmalar\u0131 istendi.<\/p>\n<p style=\"text-align: center;\"><a href=\"http:\/\/www.korhanyilmaz.com\/wp-content\/uploads\/2009\/09\/SEL1.jpg\"  class=\"lightview\"><img loading=\"lazy\" decoding=\"async\" class=\"aligncenter size-full wp-image-14368\" src=\"http:\/\/www.korhanyilmaz.com\/wp-content\/uploads\/2009\/09\/SEL1.jpg\" alt=\"\" width=\"406\" height=\"210\" \/><\/a><\/p>\n<p style=\"text-align: justify;\"><strong><em>Vali G\u00fcler: &#8220;Kalp krizi ge\u00e7iren ki\u015fi \u00f6ld\u00fc, 1 \u00e7ocuk kay\u0131p&#8221; <\/em><\/strong><\/p>\n<p style=\"text-align: justify;\">\u0130stanbul Valisi Muammer G\u00fcler, ya\u015fanan sel s\u0131ras\u0131nda Silivri&#8217;de evini su basan bir ki\u015finin kalp krizinden \u00f6ld\u00fc\u011f\u00fcn\u00fc, bir \u00e7ocu\u011fun ise halen kay\u0131p oldu\u011funu bildirdi.<\/p>\n<p style=\"text-align: justify;\">\u0130stanbul Valili\u011fi Afet Koordinasyon Merkezi&#8217;ndea\u00e7\u0131klama yapan G\u00fcler, Silivri&#8217;de 50&#8217;ye yak\u0131n arac\u0131n denize s\u00fcr\u00fcklendi\u011fini ve kurtarma \u00e7al\u0131\u015fmalar\u0131n\u0131n devam etti\u011fini belirterek, &#8220;Bu ara\u00e7lardan birinde bulunan anne ile 2 k\u0131z\u0131 suya s\u00fcr\u00fcklendi. Anne ve k\u0131z\u0131 kendi imkanlar\u0131yla kurtuldu. Di\u011fer k\u0131z ise halen kay\u0131p, kurtarma \u00e7al\u0131\u015fmas\u0131 s\u00fcr\u00fcyor. Sel nedeniyle Silivri&#8217;de bodrum kat\u0131ndaki evi sular alt\u0131nda kalan bir vatanda\u015f da kalp krizi ge\u00e7irerek hayat\u0131n\u0131 kaybetti&#8221; dedi.<\/p>\n<p style=\"text-align: justify;\"><strong><em>Kurtarma \u00e7al\u0131\u015fmalar\u0131 <\/em><\/strong><\/p>\n<p style=\"text-align: justify;\">\u0130stanbul B\u00fcy\u00fck\u015fehir Belediyesi&#8217;nce sel nedeniyle Silivri&#8217;de 550, \u00c7atalca&#8217;da 277 vatanda\u015f evlerinden ve mahsur kald\u0131klar\u0131 yerlerden itfaiye ekiplerince kurtar\u0131ld\u0131. Mahsur kalan itfaiyecilerle 10 vatanda\u015f\u0131 kurtarma \u00e7al\u0131\u015fmalar\u0131 s\u00fcr\u00fcyor.<\/p>\n<p style=\"text-align: center;\"><a href=\"http:\/\/www.korhanyilmaz.com\/wp-content\/uploads\/2009\/09\/SEL2.jpg\"  class=\"lightview\"><img loading=\"lazy\" decoding=\"async\" class=\"aligncenter size-full wp-image-14369\" src=\"http:\/\/www.korhanyilmaz.com\/wp-content\/uploads\/2009\/09\/SEL2.jpg\" alt=\"\" width=\"406\" height=\"210\" \/><\/a><\/p>\n<p style=\"text-align: justify;\"><strong><em>Sa\u011fanak \u0130stanbul&#8217;u teslim ald\u0131<\/em><\/strong><\/p>\n<p style=\"text-align: justify;\">Ayr\u0131ca itfaiye 206 personel, 67 ara\u00e7, 30 bot, Yol Bak\u0131m ve Onar\u0131m M\u00fcd\u00fcrl\u00fc\u011f\u00fc 65 personel, 33 ara\u00e7, \u0130SK\u0130&#8217;nin 51 personel, 29 ara\u00e7, Belediye Arama Kurtarma Birli\u011fi 10 personel ve 2 bot olmak \u00fczere toplam 332 personel, 129 ara\u00e7, 32 bot ile \u00e7al\u0131\u015fmalara kat\u0131l\u0131yor.<\/p>\n<p style=\"text-align: justify;\">\u0130stanbul&#8217;da sa\u011fanak ya\u011f\u0131\u015f\u0131n ba\u015flamas\u0131yla birlikte sabah saatlerinden saat 15.30&#8217;a kadar \u0130SK\u0130, \u0130tfaiye, Yol Bak\u0131m ve Onar\u0131m M\u00fcd\u00fcrl\u00fc\u011f\u00fc ile AKOM&#8217;a toplam 1100 su bask\u0131n\u0131 ihbar\u0131 geldi.<\/p>\n<p style=\"text-align: justify;\">B\u00f6lgede sahil g\u00fcvenlik ve askeri birliklilere ait 8 adet helikopterin kurtarma \u00e7al\u0131\u015fmalar\u0131na kat\u0131l\u0131yor.<\/p>\n<p style=\"text-align: justify;\">Destek Hizmetleri Daire Ba\u015fkanl\u0131\u011f\u0131 da 30 personel, 7 mobil ekip ile b\u00f6lgeye 2 bin 600 adet iftarl\u0131k, 2 bin 600 bardak su, 2 bin 600 s\u0131cak \u00e7orba, k\u00f6fte ve makarnadan olu\u015fan 400 ki\u015filik s\u0131cak yemek, 25 kampet ve 200 battaniye sevk etti. Ayr\u0131ca \u00e7e\u015fitli noktalara da mobil b\u00fcfeler y\u00f6nlendirildi.<\/p>\n<p style=\"text-align: center;\"><a href=\"http:\/\/www.korhanyilmaz.com\/wp-content\/uploads\/2009\/09\/SEL3.jpg\"  class=\"lightview\"><img loading=\"lazy\" decoding=\"async\" class=\"aligncenter size-full wp-image-14370\" src=\"http:\/\/www.korhanyilmaz.com\/wp-content\/uploads\/2009\/09\/SEL3.jpg\" alt=\"\" width=\"406\" height=\"210\" \/><\/a><\/p>\n<p style=\"text-align: justify;\"><strong><em>3 g\u00fcn daha s\u00fcrecek<\/em><\/strong><\/p>\n<p style=\"text-align: justify;\">Meteoroloji \u0130stanbul B\u00f6lge M\u00fcd\u00fcr\u00fc Mustafa Y\u0131ld\u0131r\u0131m, kentte sa\u011fanak ve g\u00f6k g\u00fcr\u00fclt\u00fcl\u00fc sa\u011fanak ya\u011f\u0131\u015flar\u0131n aral\u0131klarla devam etti\u011fini kaydetti.<\/p>\n<p style=\"text-align: justify;\">Kente \u015fimdiye kadar d\u00fc\u015fen ya\u011f\u0131\u015f miktar\u0131n\u0131n Terkos&#8217;ta 75, \u00c7atalca&#8217;da 50, Kartal&#8217;da 18, B\u00fcy\u00fckada&#8217;da 17, Silivri ve Had\u0131mk\u00f6y&#8217;de 11 kilogram olarak tespit edildi\u011fini aktaran Y\u0131ld\u0131r\u0131m, &#8220;Ya\u011f\u0131\u015flar\u0131n yar\u0131n daha da yo\u011funla\u015fmas\u0131n\u0131 bekliyoruz. Per\u015fembe ve Cuma g\u00fcn\u00fc de ya\u011f\u0131\u015flar aral\u0131klarla devam edecek&#8221; dedi.<\/p>\n<p style=\"text-align: justify;\">Sa\u011fanak ve g\u00f6kg\u00fcr\u00fclt\u00fcl\u00fc sa\u011fanak \u015fekilde g\u00f6r\u00fclecek ya\u011f\u0131\u015flar\u0131n su bask\u0131nlar\u0131na neden olabilece\u011fini hat\u0131rlatan Y\u0131ld\u0131r\u0131m, &#8220;Vatanda\u015flar\u0131n su bask\u0131nlar\u0131na ve y\u0131ld\u0131r\u0131ma kar\u015f\u0131 da dikkatli olmalar\u0131n\u0131 istiyoruz&#8221; diye konu\u015ftu.<\/p>\n<p style=\"text-align: justify;\">Y\u0131ld\u0131r\u0131m, hava s\u0131caklar\u0131n\u0131n ortalama 6 derece d\u00fc\u015ferek mevsim normallerinin alt\u0131na indi\u011fini, r\u00fczgar\u0131n bug\u00fcn poyrazdan kuvvetli olarak esti\u011fini, yar\u0131n ise kuvvetli ya\u011f\u0131\u015f an\u0131nda zaman zaman kuvvetli olarak f\u0131rt\u0131na \u015feklinde esmesinin beklendi\u011fini bildirdi.<\/p>\n<p style=\"text-align: justify;\">Mustafa Y\u0131ld\u0131r\u0131m, yar\u0131n ve 10 Eyl\u00fcl Per\u015fembe g\u00fcn\u00fc en y\u00fcksek s\u0131cakl\u0131\u011f\u0131n 24 derece, 11 Eyl\u00fcl Cuma g\u00fcn\u00fc ise 25 derece olmas\u0131n\u0131n \u00f6ng\u00f6r\u00fcld\u00fc\u011f\u00fcn\u00fc s\u00f6zlerine ekledi.<\/p>\n<p style=\"text-align: center;\"><a href=\"http:\/\/www.korhanyilmaz.com\/wp-content\/uploads\/2009\/09\/SEL4.jpg\"  class=\"lightview\"><img loading=\"lazy\" decoding=\"async\" class=\"aligncenter size-full wp-image-14371\" src=\"http:\/\/www.korhanyilmaz.com\/wp-content\/uploads\/2009\/09\/SEL4.jpg\" alt=\"\" width=\"406\" height=\"210\" \/><\/a><\/p>\n<p style=\"text-align: justify;\"><strong><em>\u00c7ATALCA&#8217;DA DURUM<\/em><\/strong><\/p>\n<p style=\"text-align: justify;\">\u00c7atalca&#8217;n\u0131n G\u00f6k\u00e7eali mevkisinde ev ve i\u015f yerlerinde mahsur kalan vatanda\u015flar\u0131 kurtarmak i\u00e7in b\u00f6lgeye \u00e7ok say\u0131da itfaiye, sa\u011fl\u0131k ve jandarma ekipleri ile 2 adet helikopter sevk edildi. \u00c7al\u0131\u015fmalar s\u0131ras\u0131nda bir jandarma arac\u0131 ile 2 i\u015f makinesi sele kap\u0131ld\u0131. B\u00f6lgeye gelen dalg\u0131\u00e7lar da su alt\u0131nda arama-kurtarma \u00e7al\u0131\u015fmalar\u0131na ba\u015flad\u0131.<\/p>\n<p style=\"text-align: justify;\">\u00c7atalca Belediye Ba\u015fkan\u0131 Cem Kara, b\u00f6lgede ya\u015fanan yo\u011fun ya\u011f\u0131\u015f nedeniyle Kovukdere mevkinde bir vatanda\u015f\u0131n kayboldu\u011funu bildirdi.<\/p>\n<p style=\"text-align: justify;\">G\u00f6k\u00e7eali K\u00f6y\u00fc&#8217;nde gazetecilere a\u00e7\u0131klama yapan Kara, d\u00fcn ak\u015fam saatlerinde ba\u015flayan ya\u011f\u0131\u015f\u0131n, sabah saatlerinde \u015fiddetini artt\u0131rd\u0131\u011f\u0131n\u0131 ifade ederek, &#8220;Y\u0131llardan beri \u00c7atalca&#8217;da b\u00f6yle bir ya\u011f\u0131\u015f s\u00f6z konusu olmam\u0131\u015ft\u0131. Bir\u00e7ok noktada, G\u00f6k\u00e7eali, Suba\u015f\u0131, Kestanelik, \u0130zzettin Mahallesi, Bay\u0131r Mahallesi, \u00c7atalca&#8217;n\u0131n merkezi hemen hemen her noktada ciddi sel bask\u0131nlar\u0131yla kar\u015f\u0131 kar\u015f\u0131ya kald\u0131k&#8221; dedi.<\/p>\n<p style=\"text-align: justify;\">\u015eu ana kadar bir can kayb\u0131n\u0131n olmad\u0131\u011f\u0131n\u0131 ve bunun sevindirici oldu\u011funu belirten Kara, su bask\u0131n\u0131 alt\u0131nda olan yerlerden kurtar\u0131lan ve i\u015f makineleriyle getirilen insanlar\u0131 g\u00f6stererek, &#8220;Burada g\u00f6rd\u00fc\u011f\u00fcm\u00fcz insanlar\u0131m\u0131z, en son kurtar\u0131lan insanlar\u0131m\u0131z. Bunun d\u0131\u015f\u0131nda ula\u015f\u0131lmayan bir nokta yok. Yaln\u0131z Kovukdere mevkinde bir vatanda\u015f\u0131m\u0131z kay\u0131p. Sabah saatlerinde otomobille sele kap\u0131ld\u0131\u011f\u0131 haberini ald\u0131k. \u0130stanbul&#8217;dan AKUT ekipleri bekleniyor&#8221; diye konu\u015ftu.<\/p>\n<p style=\"text-align: justify;\">Gazetecilerin, kaybolan ki\u015finin kim oldu\u011fu sorusuna Kara, &#8220;Bir i\u015f adam\u0131. \u015eu anda ismi akl\u0131mda de\u011fil. Umut ediyorum o da sa\u011f salim kurtar\u0131lacakt\u0131r. Hi\u00e7bir \u015fekilde ula\u015fam\u0131yoruz. Ula\u015ft\u0131\u011f\u0131m\u0131z noktada da sabahleyin telefonlar \u00e7ekmiyordu. O nedenle o konuda biraz endi\u015femiz var&#8221; yan\u0131t\u0131n\u0131 verdi.<\/p>\n<p style=\"text-align: justify;\">Kay\u0131p ki\u015finin yerinin tespit edilip edilmedi\u011fi \u015feklindeki soruya da Kara, &#8220;Tespit edildi. Bo\u011fazi\u00e7i \u0130plik Fabrikas\u0131&#8217;n\u0131n kar\u015f\u0131s\u0131ndaki b\u00f6lgede. Orada ciddi anlamda bir sel bask\u0131n\u0131 var. Bir tane yaral\u0131m\u0131z vard\u0131. Onu ald\u0131k hastaneye sevk ettik. Durumu iyi&#8221; dedi.<\/p>\n<p style=\"text-align: justify;\">\u00d6te yandan \u00c7atalca&#8217;da sel bask\u0131n\u0131nda mahsur kalan 13 vatanda\u015f\u0131 kurtarmaya giden 4 itfaiye personeli de mahsur kald\u0131. B\u00f6lgeye sevk edilen ba\u015fka birlikler taraf\u0131ndan 3 ki\u015fi kurtar\u0131ld\u0131. Ekiplerin, 4 itfaiyeci ile 10 vatanda\u015f\u0131 kurtarma \u00e7al\u0131\u015fmalar\u0131 s\u00fcr\u00fcyor.<\/p>\n<p style=\"text-align: justify;\">Askeri helikopterler de b\u00f6lgede kurtarma \u00e7al\u0131\u015fmalar\u0131na ba\u015flad\u0131. Askeri birliklerle ortak \u00e7al\u0131\u015fan \u0130stanbul itfaiyesi, askeri birliklerin kurdu\u011fu seyyar k\u00f6pr\u00fcler ile kurtarma \u00e7al\u0131\u015fmalar\u0131na devam ediyor. \u0130stanbul B\u00fcy\u00fck\u015fehir Belediyesi Sosyal Hizmetler Daire Ba\u015fkanl\u0131\u011f\u0131 ekipleri sel b\u00f6lgesine, s\u0131cak yemek ve battaniye sevk etmeye ba\u015flad\u0131.<\/p>\n<p style=\"text-align: justify;\"><strong><em>Hastane polikliniklerini su bast\u0131<\/em><\/strong><\/p>\n<p style=\"text-align: justify;\">D\u00fcn ak\u015fam saatlerinden itibaren kentte etkisini art\u0131ran ve gece boyunca da devam eden sa\u011fanak ya\u011f\u0131\u015f, Silivri, \u00c7atalca, K\u00fc\u00e7\u00fck\u00e7ekmece, Avc\u0131lar, Kartal, Pendik ve Tuzla&#8217;da etkili oldu.<\/p>\n<p style=\"text-align: justify;\">\u00c7atalca Devlet Hastanesi&#8217;nin baz\u0131 polikliniklerini su basarken, \u00f6n\u00fcndeki yollarda da su g\u00f6letleri olu\u015ftu.<\/p>\n<p style=\"text-align: justify;\"><strong><em>S\u0130L\u0130VR\u0130&#8217;DE DURUM <\/em><\/strong><\/p>\n<p style=\"text-align: justify;\">Silivri&#8217;de d\u00fcn geceden bu yana aral\u0131ks\u0131z \u015fekilde devam eden ya\u011f\u0131\u015f nedeniyle il\u00e7e merkezindeki Bo\u011fluca deresi ta\u015ft\u0131. Bu nedenle bir\u00e7ok sokak, bah\u00e7e ve ara\u00e7 sular alt\u0131nda kal\u0131rken \u00e7ok say\u0131da ev ve i\u015f yerini de su bast\u0131.<\/p>\n<p style=\"text-align: justify;\">B\u00f6lgede Merkez Mahallesi, Kumburgaz, Yeni Mahalle, Selimpa\u015fa, Denizkent, Ba\u015fkent, Bas\u0131nkent, Koyukent, K\u0131y\u0131kent siteleri, \u00c7atalca b\u00f6lgesinde Ferhatpa\u015fa Mahallesi, Kalei\u00e7i Mahallesi, Elbasan K\u00f6y\u00fc, Muratbey Belediyesi, G\u00f6k\u00e7eali K\u00f6y\u00fc, Suba\u015f\u0131 K\u00f6y\u00fc, \u0130zzettin K\u00f6y\u00fc, \u0130nce\u011fiz K\u00f6y\u00fc sa\u011fanak ya\u011f\u0131\u015ftan etkilendi.<\/p>\n<p style=\"text-align: justify;\">Yazl\u0131k\u00e7\u0131lar\u0131n \u00e7o\u011funlukta oldu\u011fu Selimpa\u015fa Mahallesi de sa\u011fanak ya\u011f\u0131\u015ftan olumsuz y\u00f6nde etkilendi.<\/p>\n<p style=\"text-align: justify;\">Selimpa\u015fa TEM Otoyolu ba\u011flant\u0131 yolunun en \u00e7ukur b\u00f6l\u00fcm\u00fc, \u015fiddetli ya\u011f\u0131\u015f nedeniyle yak\u0131n\u0131ndan \u00e7eken derenin ta\u015fmas\u0131 sonucu sular alt\u0131nda kald\u0131. Yolun bir b\u00f6l\u00fcm\u00fc \u00e7\u00f6kerken, derenin ta\u015fmas\u0131yla olu\u015fan sel sular\u0131 yolun kar\u015f\u0131 taraf\u0131nda bulunan evlere do\u011fru akt\u0131 ve evleri yer yer bir metreye varan sularla doldurdu.<\/p>\n<p style=\"text-align: justify;\">Evlerinde mahsur kalan vatanda\u015flar\u0131n baz\u0131lar\u0131 balkon ve \u00e7at\u0131lara \u00e7\u0131karak, baz\u0131lar\u0131 da a\u011fa\u00e7lara t\u0131rmanarak sel sular\u0131ndan korunmaya \u00e7al\u0131\u015ft\u0131.<\/p>\n<p style=\"text-align: justify;\">Sivil Savunma ekipleri de evlerinde mahsur kalanlar\u0131 botlarla kurtar\u0131yor. G\u00f6rg\u00fc tan\u0131klar\u0131, denizle sel sular\u0131n\u0131n birle\u015fmesi sonucu 20-30 metre geni\u015fli\u011findeki kumsal\u0131n da sular alt\u0131nda kald\u0131\u011f\u0131n\u0131, \u00e7ok say\u0131da arac\u0131n da sel sular\u0131yla denize s\u00fcr\u00fcklendi\u011fini kaydetti.<\/p>\n<p style=\"text-align: justify;\">Park halindeki bir arac\u0131n dereye yuvarland\u0131\u011f\u0131 \u00f6ne s\u00fcr\u00fcld\u00fc, il\u00e7enin sahil \u015feridi de sular alt\u0131nda kald\u0131. Evlerini su basan baz\u0131 vatanda\u015flar kendi imkanlar\u0131 ile suyu tahliye etmeye \u00e7al\u0131\u015f\u0131rken, baz\u0131lar\u0131 da sel tehlikesine kar\u015f\u0131 e\u015fyalar\u0131n\u0131 kamyonlara y\u00fckleyerek evlerini bo\u015faltt\u0131.<\/p>\n<p style=\"text-align: justify;\">Kurtar\u0131lanlara olay yerindeki \u0130stanbul \u0130l Sa\u011fl\u0131k M\u00fcd\u00fcrl\u00fc\u011f\u00fc&#8217;ne ba\u011fl\u0131 ambulanslarda sa\u011fl\u0131k ekiplerince ilk m\u00fcdahale yap\u0131l\u0131yor, gerek g\u00f6r\u00fclmesi halinde hastaneye sevkleri ger\u00e7ekle\u015ftiriliyor.<\/p>\n<p style=\"text-align: justify;\">Sel b\u00f6lgesinde, itfaiye 170 personel, 47 ara\u00e7, 24 bot, Yol Bak\u0131m ve Onar\u0131m M\u00fcd\u00fcrl\u00fc\u011f\u00fc 65 personel, 33 ara\u00e7, \u0130SK\u0130 51 personel, 29 ara\u00e7, Belediye Arama Kurtarma Birli\u011fi 10 personel, 2 bot ile kurtarma ve tahliye \u00e7al\u0131\u015fmalar\u0131n\u0131 s\u00fcrd\u00fcr\u00fcyor.<\/p>\n<p style=\"text-align: justify;\">Silivri Belediye Ba\u015fkan Yard\u0131mc\u0131s\u0131 Elif Uzun, Selimpa\u015fa&#8217;daki tatil k\u00f6ylerinde su bask\u0131nlar\u0131 nedeniyle zor anlar ya\u015fand\u0131\u011f\u0131n\u0131 bildirdi. B\u00f6lgede etkili olan sa\u011fanakla ilgili bilgi veren Uzun, sevk ettikleri ekiplerin yetersiz kald\u0131\u011f\u0131n\u0131, bu nedenle de Avc\u0131lar, Beylikd\u00fcz\u00fc, B\u00fcy\u00fck\u00e7ekmece ve \u00c7orlu belediyelerinden yard\u0131m istediklerini ifade etti.<\/p>\n<p style=\"text-align: justify;\">Selimpa\u015fa&#8217;daki tatil k\u00f6ylerinde su bask\u0131nlar\u0131 nedeniyle zor anlar ya\u015fand\u0131\u011f\u0131n\u0131 belirten Uzun, Mimarsinan ve Yenimahalle&#8217;de durumun \u00e7ok k\u00f6t\u00fc oldu\u011funu kaydetti. Yetkililerden b\u00f6lgede ikinci bir ya\u011f\u0131\u015f\u0131n beklendi\u011fini \u00f6\u011frendiklerini bildiren Uzun, vatanda\u015flardan dikkatli olmalar\u0131n\u0131 istedi.<\/p>\n<p style=\"text-align: justify;\">Uzun, b\u00f6lgede kayboldu\u011fu \u00f6ne s\u00fcr\u00fclen \u00e7ocu\u011fun ise daha sonra bulundu\u011funu s\u00f6zlerine ekledi.<\/p>\n<p style=\"text-align: justify;\"><strong><em>Pendik&#8217;te y\u0131ld\u0131r\u0131m d\u00fc\u015ft\u00fc<\/em><\/strong><\/p>\n<p style=\"text-align: justify;\">Pendik Esenler Mahallesi Yayalar Caddesi Lale Sokak&#8217;taki 5 katl\u0131 bir binan\u0131n \u00e7at\u0131 kat\u0131na y\u0131ld\u0131r\u0131m d\u00fc\u015fmesi sonucu yang\u0131n \u00e7\u0131kt\u0131. Yang\u0131n, olay yerine gelen itfaiye g\u00f6revlilerince di\u011fer katlara s\u0131\u00e7ramadan s\u00f6nd\u00fcr\u00fcld\u00fc.<\/p>\n<p style=\"text-align: justify;\"><span style=\"color: #888888;\">CNN T\u00dcRK<\/span><\/p>\n","protected":false},"excerpt":{"rendered":"<\/p>\n<p style=\"text-align: justify;\">\u0130stanbul&#8217;da etkili olan sa\u011fanak ya\u011f\u0131\u015f nedeniyle 100&#8217;\u00fcn \u00fczerinde ev ve i\u015fyerini su bast\u0131. \u0130stanbul Valisi Muammer G\u00fcler, sel nedeniyle Silivri&#8217;de evini su basan bir ki\u015finin kalp krizinden \u00f6ld\u00fc\u011f\u00fcn\u00fc, bir \u00e7ocu\u011fun ise halen kay\u0131p oldu\u011funu bildirdi. Pendik&#8217;te 4 katl\u0131 bir binan\u0131n \u00e7at\u0131s\u0131na y\u0131ld\u0131r\u0131m d\u00fc\u015ft\u00fc, \u00c7atalca Devlet Hastanesi&#8217;ni su bast\u0131. Ya\u011f\u0131\u015ftan otoyollar da etkilendi; <\/p>\n","protected":false},"author":1,"featured_media":0,"comment_status":"open","ping_status":"closed","sticky":false,"template":"","format":"standard","meta":{"footnotes":""},"categories":[7],"tags":[],"class_list":["post-14367","post","type-post","status-publish","format-standard","hentry","category-ekonomi","odd"],"_links":{"self":[{"href":"http:\/\/www.korhanyilmaz.com\/index.php?rest_route=\/wp\/v2\/posts\/14367","targetHints":{"allow":["GET"]}}],"collection":[{"href":"http:\/\/www.korhanyilmaz.com\/index.php?rest_route=\/wp\/v2\/posts"}],"about":[{"href":"http:\/\/www.korhanyilmaz.com\/index.php?rest_route=\/wp\/v2\/types\/post"}],"author":[{"embeddable":true,"href":"http:\/\/www.korhanyilmaz.com\/index.php?rest_route=\/wp\/v2\/users\/1"}],"replies":[{"embeddable":true,"href":"http:\/\/www.korhanyilmaz.com\/index.php?rest_route=%2Fwp%2Fv2%2Fcomments&post=14367"}],"version-history":[{"count":0,"href":"http:\/\/www.korhanyilmaz.com\/index.php?rest_route=\/wp\/v2\/posts\/14367\/revisions"}],"wp:attachment":[{"href":"http:\/\/www.korhanyilmaz.com\/index.php?rest_route=%2Fwp%2Fv2%2Fmedia&parent=14367"}],"wp:term":[{"taxonomy":"category","embeddable":true,"href":"http:\/\/www.korhanyilmaz.com\/index.php?rest_route=%2Fwp%2Fv2%2Fcategories&post=14367"},{"taxonomy":"post_tag","embeddable":true,"href":"http:\/\/www.korhanyilmaz.com\/index.php?rest_route=%2Fwp%2Fv2%2Ftags&post=14367"}],"curies":[{"name":"wp","href":"https:\/\/api.w.org\/{rel}","templated":true}]}}