{"id":14363,"date":"2009-09-08T15:43:27","date_gmt":"2009-09-08T13:43:27","guid":{"rendered":"http:\/\/www.korhanyilmaz.com\/?p=14363"},"modified":"2009-09-08T15:43:27","modified_gmt":"2009-09-08T13:43:27","slug":"bahceliden-erdogana-namuslu-ol","status":"publish","type":"post","link":"http:\/\/www.korhanyilmaz.com\/?p=14363","title":{"rendered":"Bah\u00e7eli&#039;den Erdo\u011fan&#039;a: &#039;&#039;Namuslu ol&#039;&#039;"},"content":{"rendered":"<p style=\"text-align: center;\"><a href=\"http:\/\/www.korhanyilmaz.com\/wp-content\/uploads\/2009\/09\/namuslu_ol.jpg\"  class=\"lightview\"><img loading=\"lazy\" decoding=\"async\" class=\"aligncenter size-full wp-image-14364\" src=\"http:\/\/www.korhanyilmaz.com\/wp-content\/uploads\/2009\/09\/namuslu_ol.jpg\" alt=\"\" width=\"307\" height=\"236\" \/><\/a><\/p>\n<p style=\"text-align: justify;\">MHP lideri Devlet Bah\u00e7eli, Ba\u015fbakan Recep Tayyip Erdo\u011fan&#8217;\u0131n K\u00fcrt a\u00e7\u0131l\u0131m\u0131yla ilgili g\u00f6r\u00fc\u015fme \u00e7a\u011fr\u0131s\u0131na y\u00f6nelik olarak, &#8221;Ba\u015fbakan&#8217;\u0131 namuslu olmaya \u00e7a\u011f\u0131r\u0131yoruz&#8221; dedi. MHP, h\u00fck\u00fcmetin K\u00fcrt a\u00e7\u0131l\u0131m\u0131n\u0131n Meclis&#8217;te kapal\u0131 oturumda tart\u0131\u015f\u0131lmas\u0131na da kar\u015f\u0131 \u00e7\u0131kt\u0131, kapal\u0131 oturuma gerek olmad\u0131\u011f\u0131n\u0131 belirtti. Ba\u015fbakan Recep Tayyip Erdo\u011fan&#8217;\u0131n muhalefetle g\u00f6r\u00fc\u015fme talebi de yine MHP taraf\u0131ndan reddedildi.<\/p>\n<p style=\"text-align: justify;\">Bah\u00e7eli, partisinin, &#8220;TBMM Genel Kurulu&#8217;nun a\u00e7\u0131k oturumunda milli hassasiyetleri ilgilendiren her konuyu oldu\u011fu gibi bu konuyu da (demokratik a\u00e7\u0131l\u0131m) T\u00fcrk milletinin huzurunda her y\u00f6n\u00fcyle tart\u0131\u015fmaya ve T\u00fcrkiye&#8217;nin milli varl\u0131\u011f\u0131na kastetmeyi ama\u00e7layan bu hain suikast\u0131 te\u015fhir etmeye haz\u0131r&#8221; oldu\u011funu bildirdi. <!--more--><\/p>\n<p style=\"text-align: justify;\">Bah\u00e7eli, &#8220;Milliyet\u00e7i hareket bunun d\u0131\u015f\u0131nda Ba\u015fbakan&#8217;\u0131n y\u00f6nlendirdi\u011fi K\u00fcrt a\u00e7\u0131l\u0131m\u0131 s\u00fcrecinin hi\u00e7bir a\u015famas\u0131nda bulunmayacak, bu konuyu hi\u00e7 kimseyle g\u00f6r\u00fc\u015fmeyecektir&#8221; g\u00f6r\u00fc\u015f\u00fcn\u00fc aktard\u0131.<\/p>\n<p style=\"text-align: justify;\">Bah\u00e7eli, yapt\u0131\u011f\u0131 yaz\u0131l\u0131 a\u00e7\u0131klamada, &#8220;ya\u015fanan geli\u015fmelerin T\u00fcrkiye&#8217;yi ciddi risk ve tehlikelerle dolu bir s\u00fcrece getirdi\u011fini&#8221; savundu.<\/p>\n<p style=\"text-align: justify;\">Devlet Bah\u00e7eli, a\u00e7\u0131klamas\u0131nda \u015funlar\u0131 kaydetti:<\/p>\n<p style=\"text-align: justify;\">&#8220;TBMM&#8217;nin kapal\u0131 oturumunda PKK&#8217;n\u0131n siyasi temsilcileri haz\u0131r bulunacak, bu yolla PKK, \u0130mral\u0131 ve Kandil ne konu\u015fuldu\u011fundan haberdar olacak, buna kar\u015f\u0131l\u0131k yegane muhatap oldu\u011fu iddia edilen T\u00fcrk milleti karanl\u0131kta b\u0131rak\u0131lacakt\u0131r. Bunun anla\u015f\u0131labilir ve savunulabilir bir y\u00f6n\u00fc olmad\u0131\u011f\u0131n\u0131 ak\u0131l ve izan sahibi herkes kabul edecektir. Bu bak\u0131mdan, T\u00fcrk milletinden ka\u00e7arak kapal\u0131 kap\u0131lar arkas\u0131nda b\u00f6l\u00fcc\u00fcl\u00fck g\u00fcndemine hayata ge\u00e7irmeyi hesaplayan Ba\u015fbakan&#8217;\u0131 d\u00fcr\u00fcst ve namuslu olmaya davet etmek isteriz.<\/p>\n<p style=\"text-align: justify;\">Bu ayr\u0131\u015fma, b\u00f6l\u00fcnme ve \u00e7at\u0131\u015fma projesinin muhatab\u0131 de\u011fil ma\u011fduru olan T\u00fcrk milletinin ya\u015fanan geli\u015fmeleri ve planlanan tezgahlar\u0131 b\u00fct\u00fcn y\u00f6nleriyle g\u00f6rmesini ve anlamas\u0131n\u0131 \u00f6nlemeye hi\u00e7 kimsenin g\u00fcc\u00fc yetmeyecektir. AK Parti&#8217;nin bundan ka\u00e7ma giri\u015fimleri, asl\u0131nda \u00e7\u0131kt\u0131klar\u0131 d\u00f6n\u00fc\u015f\u00fc olmayan yolculu\u011fun bir ihanet yolculu\u011fu oldu\u011funun kabul\u00fc ve itiraf\u0131d\u0131r. MHP, TBMM Genel Kurulu&#8217;nun a\u00e7\u0131k oturumunda milli hassasiyetlerimizi ilgilendiren her konuyu oldu\u011fu gibi bu konuyu da T\u00fcrk milletinin huzurunda her y\u00f6n\u00fcyle tart\u0131\u015fmaya ve T\u00fcrkiye&#8217;nin milli varl\u0131\u011f\u0131na kastetmeyi ama\u00e7layan bu hain suikast\u0131 te\u015fhir etmeye haz\u0131rd\u0131r. Milliyet\u00e7i hareket, bunun d\u0131\u015f\u0131nda Ba\u015fbakan\u0131n y\u00f6nlendirdi\u011fi K\u00fcrt a\u00e7\u0131l\u0131m\u0131 s\u00fcrecinin hi\u00e7bir a\u015famas\u0131nda bulunmayacak, bu konuyu hi\u00e7 kimseyle g\u00f6r\u00fc\u015fmeyecektir.&#8221;<\/p>\n<p style=\"text-align: justify;\"><strong><em>&#8220;Ter\u00f6r\u00fcn 25 y\u0131ld\u0131r yapamad\u0131\u011f\u0131n\u0131&#8230;&#8221; <\/em><\/strong><\/p>\n<p style=\"text-align: justify;\">Bah\u00e7eli, &#8220;Kanl\u0131 ter\u00f6r\u00fcn 25 y\u0131ld\u0131r yapamad\u0131\u011f\u0131n\u0131 \u015fimdi AKP eliyle hayata ge\u00e7irmek i\u00e7in ba\u015flat\u0131lan bu b\u00f6l\u00fcnme s\u00fcreci, T\u00fcrkiye&#8217;deki y\u0131k\u0131c\u0131 ve b\u00f6l\u00fcc\u00fc dinamikleri harekete ge\u00e7irmi\u015f, b\u00fcy\u00fck bir aile olan T\u00fcrk milleti aras\u0131nda etnik husumet ve ayr\u0131\u015fma tohumlar\u0131 ekilmeye ba\u015flanm\u0131\u015ft\u0131r&#8221; dedi.<\/p>\n<p style=\"text-align: justify;\">Bah\u00e7eli yapt\u0131\u011f\u0131 yaz\u0131l\u0131 a\u00e7\u0131klamada, &#8220;Ba\u015fbakan Erdo\u011fan&#8217;\u0131n \u0131srar ve inatla s\u00fcrd\u00fcrd\u00fc\u011f\u00fc b\u00f6l\u00fcnme modelleri aray\u0131\u015flar\u0131 T\u00fcrkiye&#8217;yi \u00e7ok ciddi risk ve tehlikelerle dolu puslu ve karanl\u0131k bir d\u00f6nemin arifesine getirmi\u015ftir&#8221; ifadesini kulland\u0131.<\/p>\n<p style=\"text-align: justify;\">&#8220;Bu yoldan d\u00f6n\u00fc\u015f yok&#8221; slogan\u0131yla etnik b\u00f6l\u00fcc\u00fcl\u00fc\u011f\u00fcn emellerine hizmet yar\u0131\u015f\u0131na girildi\u011fini savunan Bah\u00e7eli, &#8220;Ba\u015fbakan ve arkada\u015flar\u0131, \u015fimdi PKK, \u0130mral\u0131 ve Kandil&#8217;in k\u0131lavuzlu\u011funda ve ABD ile AB&#8217;nin himayesinde bu ihanet yolculu\u011funun yol haritas\u0131n\u0131 topluma mal etmek i\u00e7in bir seferberlik ba\u015flatm\u0131\u015ft\u0131r&#8221; dedi.<\/p>\n<p style=\"text-align: justify;\">&#8220;Bu ama\u00e7la, kamuoyunu bask\u0131 ve abluka alt\u0131na almak ve bu y\u0131k\u0131m projesine \u015fartland\u0131rmak i\u00e7in psikolojik hareket boyutlar\u0131na ula\u015fan bir kampanya y\u00fcr\u00fct\u00fcld\u00fc\u011f\u00fcn\u00fc&#8221; iddia eden Bah\u00e7eli, &#8220;s\u00f6zde demokratik a\u00e7\u0131l\u0131m&#8221; ad\u0131 alt\u0131nda yap\u0131lmak istenenin, ter\u00f6r\u00fc siyaset sahnesine ta\u015f\u0131mak ve etnik b\u00f6l\u00fcc\u00fcl\u00fc\u011fe siyasi ve hukuki me\u015fruiyet zemini ve stat\u00fc kazand\u0131rmak oldu\u011funu \u00f6ne s\u00fcrd\u00fc. Bah\u00e7eli \u015funlar\u0131 kaydetti:<\/p>\n<p style=\"text-align: justify;\">&#8220;Silahlar\u0131n g\u00f6lgesinde, ter\u00f6r tehdidi ve \u015fantaj\u0131 alt\u0131nda y\u00fcr\u00fct\u00fclen bu s\u00fcre\u00e7te &#8216;ter\u00f6r \u00f6rg\u00fct\u00fc asla muhatap al\u0131nmaz&#8217; diyenlerin PKK&#8217;n\u0131n de\u011fi\u015fmeyen emellerini rehber edinmeleri ve siyasi pusula olarak sahiplenmeleri ibretle izlenmektedir. Kanl\u0131 ter\u00f6r\u00fcn yirmibe\u015f y\u0131ld\u0131r yapamad\u0131\u011f\u0131n\u0131 \u015fimdi AKP eliyle hayata ge\u00e7irmek i\u00e7in ba\u015flat\u0131lan bu b\u00f6l\u00fcnme s\u00fcreci, T\u00fcrkiye&#8217;deki y\u0131k\u0131c\u0131 ve b\u00f6l\u00fcc\u00fc dinamikleri harekete ge\u00e7irmi\u015f, b\u00fcy\u00fck bir aile olan T\u00fcrk milleti aras\u0131nda etnik husumet ve ayr\u0131\u015fma tohumlar\u0131 ekilmeye ba\u015flanm\u0131\u015ft\u0131r.<\/p>\n<p style=\"text-align: justify;\">Ba\u015fbakan ve yol arkada\u015flar\u0131n\u0131n T\u00fcrk milleti \u00f6n\u00fcnde g\u00fcnah \u00e7\u0131karmak i\u00e7in s\u00fcrd\u00fcrd\u00fc\u011f\u00fc tevil, inkar ve sapt\u0131rma \u00e7abalar\u0131 bu ger\u00e7ekleri art\u0131k saklayamamaktad\u0131r. Cemaat kar\u015f\u0131s\u0131nda hizaya gelenlerin, b\u00f6l\u00fcc\u00fc dayatmalar kar\u015f\u0131s\u0131nda haz\u0131rola ge\u00e7enlerin, K\u00fcrt\u00e7e ezber s\u00f6zlerle hangi mihraklara \u015firinlik yapmaya \u00e7al\u0131\u015ft\u0131klar\u0131 \u00e7ok iyi bilinenlerin sadakat ve ihanet \u00fczerinde fikir y\u00fcr\u00fctmeleri milli vicdanda aklanmalar\u0131na yetmeyecektir. AKP s\u00f6zc\u00fclerinin m\u00fcbarek ramazan ay\u0131n\u0131 b\u00f6l\u00fcnme modellerini pazarlamak i\u00e7in kullanmalar\u0131, iftar yemeklerinde bu y\u0131k\u0131m projesinin tan\u0131t\u0131m\u0131n\u0131 ve reklam\u0131n\u0131 yapmalar\u0131 ibret ve esef verici bir durumdur.&#8221;<\/p>\n<p style=\"text-align: justify;\"><strong><em>&#8220;\u00c7ok vahim&#8230;&#8221;<\/em><\/strong><\/p>\n<p style=\"text-align: justify;\">&#8220;Ba\u015fbakan&#8217;\u0131n devletin ter\u00f6rle m\u00fccadele etmekle g\u00f6revli kurumlar\u0131nda tertiplenen iftar yemeklerini parti kongresine \u00e7evirmesi ve ba\u015flatt\u0131\u011f\u0131 b\u00f6l\u00fcnme s\u00fcreci hakk\u0131nda ulu orta siyasi konu\u015fmalar yapmas\u0131 ise \u00e7ok vahim bir siyasi sorumsuzluk ve hezeyan \u00f6rne\u011fidir&#8221; g\u00f6r\u00fc\u015f\u00fcn\u00fc dile getiren Bah\u00e7eli, &#8220;Bunun arkas\u0131ndaki sinsi niyet ve emeller \u00e7ok iyi anla\u015f\u0131lmal\u0131d\u0131r&#8221; ifadesini kulland\u0131.<\/p>\n<p style=\"text-align: justify;\">Bah\u00e7eli \u015funlar\u0131 kaydetti:<\/p>\n<p style=\"text-align: justify;\">&#8220;Su\u00e7luluk tela\u015f\u0131 i\u00e7inde k\u0131vranan Ba\u015fbakan ve yanda\u015flar\u0131n\u0131n bu b\u00f6l\u00fcnme projesini i\u015fportaya \u00e7\u0131karmalar\u0131 ve toplumsal destek bulabilmek i\u00e7in siyasi ve ahlaki b\u00fct\u00fcn \u00f6l\u00e7\u00fcleri kaybederek her yola ba\u015fvurmalar\u0131 kendileri bak\u0131m\u0131ndan hazin bir tecellidir. Bu ama\u00e7la milliyet\u00e7i hareketin ve \u00fclk\u00fcc\u00fcl\u00fc\u011f\u00fcn fikri ve ahlaki \u00e7izgisinden saparak yollar\u0131n\u0131 \u00e7ok \u00f6nceden ay\u0131ranlardan ve yeni aray\u0131\u015flara y\u00f6nelenlerden medet ummalar\u0131 ve bunu K\u00fcrt a\u00e7\u0131l\u0131m\u0131na &#8216;eski \u00fclk\u00fcc\u00fclerin&#8217; s\u00fcrpriz deste\u011fi olarak kullanmaya \u00e7al\u0131\u015fmalar\u0131, i\u00e7ine d\u00fc\u015ft\u00fckleri \u00e7aresizli\u011fin bir g\u00f6stergesi olmu\u015ftur.<\/p>\n<p style=\"text-align: justify;\">T\u00fcrk milleti aras\u0131na etnik fitne sokmaya ve bu temelde bir ayr\u0131\u015fma s\u00fcreci ba\u015flatmaya \u00e7al\u0131\u015fman\u0131n ad\u0131 siyasi b\u00f6l\u00fcc\u00fcl\u00fckt\u00fcr. Buna te\u015febb\u00fcs edenler tarihe &#8216;siyasi b\u00f6l\u00fcc\u00fcba\u015f\u0131&#8217; olarak ge\u00e7mekten kurtulamayacakt\u0131r. Bu yolda ne pahas\u0131na olursa olsun sonuna kadar gidece\u011fini a\u00e7\u0131klayan Ba\u015fbakan&#8217;\u0131n bilmesini isteriz ki MHP, T\u00fcrkiye&#8217;ye \u00e7ok a\u011f\u0131r bir faturas\u0131 olacak bu y\u0131k\u0131m s\u00fcrecini ne pahas\u0131na olursun durdurmaya azimli, kararl\u0131 ve haz\u0131rd\u0131r. Herkes, vakit \u00e7ok ge\u00e7 olmadan akl\u0131n\u0131 ba\u015f\u0131na toplamal\u0131, T\u00fcrkiye&#8217;nin gelece\u011fi ve kaderi \u00fczerinde \u00f6l\u00fcmc\u00fcl bir kumar oynamaktan vazge\u00e7me basiretini g\u00f6sterebilmelidir.&#8221;<\/p>\n<p style=\"text-align: justify;\"><strong><em>Gizli oturum<\/em><\/strong><\/p>\n<p style=\"text-align: justify;\">AK Parti&#8217;nin \u00f6n\u00fcm\u00fczdeki d\u00f6nemde izleyece\u011fi yakla\u015f\u0131m konusunda bas\u0131na yans\u0131yan bilgilerden TBMM&#8217;nin bu ama\u00e7la &#8220;gizli oturum&#8221; yapmas\u0131 \u00fczerinde duruldu\u011funun anla\u015f\u0131ld\u0131\u011f\u0131n\u0131 ifade eden Bah\u00e7eli \u015funlar\u0131 kaydetti:<\/p>\n<p style=\"text-align: justify;\">&#8220;B\u00f6yle bir ka\u00e7amak yola sapma aray\u0131\u015f\u0131n\u0131n T\u00fcrk milletine b\u00fcy\u00fck bir sayg\u0131s\u0131zl\u0131k olaca\u011f\u0131, bunun siyasi ahlak ve d\u00fcr\u00fcstl\u00fc\u011f\u00fcn asgari gerekleriyle ba\u011fda\u015fmayaca\u011f\u0131 \u00e7ok iyi bilinmelidir. Bu konudaki temaslar koordinat\u00f6r bir bakan taraf\u0131ndan kamuoyu \u00f6n\u00fcnde y\u00fcr\u00fct\u00fclmekte, b\u00f6l\u00fcc\u00fcl\u00fck tart\u0131\u015fmalar\u0131 gazetelerde ve televizyon ekranlar\u0131nda \u00e7ar\u015faf \u00e7ar\u015faf yay\u0131nlanmaktad\u0131r. Ba\u015fbakan Erdo\u011fan ve arkada\u015flar\u0131 park a\u00e7\u0131l\u0131\u015f\u0131 ve iftar yeme\u011fi gibi her vesileyle sahneye \u00e7\u0131kmakta, hamasi s\u00f6zlerle ve ya\u015fl\u0131 g\u00f6zlerle bu y\u0131k\u0131m projesinin tan\u0131t\u0131m kampanyas\u0131n\u0131 kamuoyu \u00f6n\u00fcnde s\u00fcrd\u00fcrmektedir. Ba\u015fbakan bu projenin &#8216;milli birlik ve b\u00fct\u00fcnl\u00fck, bar\u0131\u015f ve karde\u015flik projesi&#8217; oldu\u011funu iddia etmekte ve bunun muhatab\u0131n\u0131n T\u00fcrk milleti oldu\u011funu s\u00f6ylemektedir. Bu durumda Ba\u015fbakan konunun gizli oturumda, kapal\u0131 kap\u0131lar arkas\u0131nda ele al\u0131nmas\u0131n\u0131 isteyerek T\u00fcrk milletinden neyi saklamaya \u00e7al\u0131\u015fmakta, neden korkmakta ve utanmaktad\u0131r.&#8221;<\/p>\n<p style=\"text-align: justify;\"><strong><em>Cihan Pa\u00e7ac\u0131: &#8220;Kapal\u0131 kap\u0131lar ard\u0131nda&#8230;&#8221; <\/em><\/strong><\/p>\n<p style=\"text-align: justify;\">TBMM&#8217;de gazetecilerin sorular\u0131n\u0131 yan\u0131tlayan MHP Genel Sekreteri Cihan Pa\u00e7ac\u0131, &#8220;T\u00fcrkiye&#8217;yi b\u00f6l\u00fcnmeye g\u00f6t\u00fcrecek bir s\u00fcreci, kimseyle kapal\u0131 kap\u0131lar ard\u0131nda g\u00f6r\u00fc\u015fmeyeceklerini&#8221; s\u00f6yledi.<\/p>\n<p style=\"text-align: justify;\">Bir soru \u00fczerine, AK Parti&#8217;nin d\u00fcnk\u00fc Merkez Y\u00fcr\u00fctme Kurulu toplant\u0131s\u0131nda, Meclis a\u00e7\u0131ld\u0131\u011f\u0131nda kapal\u0131 oturumla demokratik a\u00e7\u0131l\u0131m meselesini g\u00f6r\u00fc\u015fme ve muhalefet liderleri ile bir araya gelme karar\u0131 al\u0131nd\u0131\u011f\u0131n\u0131 belirten Pa\u00e7ac\u0131, &#8220;Meclis&#8217;te kapal\u0131 oturum d\u00fczenlenmesi, son derece yanl\u0131\u015f bir yakla\u015f\u0131md\u0131r. Kapal\u0131 oturum, \u0130\u00e7t\u00fcz\u00fc\u011f\u00fcn, 70. ve 71. maddelerinde olu\u015fturulmu\u015f bir uygulamad\u0131r ve kapal\u0131 oturumda g\u00f6r\u00fc\u015f\u00fclen konular devlet s\u0131rr\u0131 niteli\u011findedir, 10 y\u0131l da a\u00e7\u0131klanamaz&#8221; dedi.<\/p>\n<p style=\"text-align: justify;\">&#8220;Hangi konu\u015fmay\u0131 ve g\u00f6r\u00fc\u015fmeyi milletten sakl\u0131yorsunuz?&#8221; diye soran Pa\u00e7ac\u0131, &#8220;Bu sorunun cevab\u0131n\u0131 vermek laz\u0131m. K\u00fcrt a\u00e7\u0131l\u0131m\u0131n\u0131 konu\u015facaks\u0131n\u0131z ve bilgi verecekseniz. Bu konunun da PKK ter\u00f6r \u00f6rg\u00fct\u00fcnden gizlenmesini istiyorsunuz. Zaten ter\u00f6r \u00f6rg\u00fct\u00fcn\u00fcn siyasi uzant\u0131lar\u0131 Meclis&#8217;te. O zaman, PKK ter\u00f6r \u00f6rg\u00fct\u00fcn\u00fcn bildi\u011fi bir \u015feyi milletten gizlemek do\u011fru mu?&#8221; diye konu\u015ftu.<\/p>\n<p style=\"text-align: justify;\">Pa\u00e7ac\u0131, &#8220;Bu a\u00e7\u0131l\u0131m\u0131 millet ad\u0131na yapt\u0131\u011f\u0131n\u0131z\u0131 s\u00f6yl\u00fcyorsunuz, millet ad\u0131na yapt\u0131\u011f\u0131n\u0131z a\u00e7\u0131l\u0131m\u0131 milletten gizlemek do\u011fru mu? PKK&#8217;n\u0131n bildi\u011fini milletten gizlemek do\u011fru mu? Bu son derece yanl\u0131\u015f bir yakla\u015f\u0131md\u0131r. Ne s\u00f6ylenecekse a\u00e7\u0131k ve net olarak milletin huzurunda s\u00f6ylenmesi gerekir. Biz MHP olarak, kapal\u0131 oturumda yap\u0131lacak g\u00f6r\u00fc\u015fmelerde kendi ad\u0131m\u0131za yapaca\u011f\u0131m\u0131z konu\u015fmalar\u0131n benzerini bug\u00fcne kadar halk\u0131m\u0131zla payla\u015ft\u0131k, bundan sonra da payla\u015f\u0131r\u0131z&#8221; dedi.<\/p>\n<p style=\"text-align: justify;\"><strong><em>Erdo\u011fan&#8217;\u0131n randevu talebine ret <\/em><\/strong><\/p>\n<p style=\"text-align: justify;\">Cihan Pa\u00e7ac\u0131, Ba\u015fbakan Recep Tayyip Erdo\u011fan&#8217;\u0131n, muhalefet partilerinin liderleriyle g\u00f6r\u00fc\u015fme aray\u0131\u015f\u0131 ile ilgili sorular\u0131 da yan\u0131tlad\u0131.<\/p>\n<p style=\"text-align: justify;\">MHP ve Genel Ba\u015fkan\u0131n\u0131n en \u00f6nemli \u00f6zelli\u011finin, tutarl\u0131 politikalar izlemesi oldu\u011funu ifade eden Pa\u00e7ac\u0131, &#8220;D\u00fcn ne s\u00f6yl\u00fcyorsak bug\u00fcn de ayn\u0131 \u015feyleri s\u00f6yl\u00fcyoruz. DTP ile &#8216;PKK ter\u00f6r \u00f6rg\u00fct\u00fcd\u00fcr&#8217; demedi diye g\u00f6r\u00fc\u015fmeyen Say\u0131n Ba\u015fbakan, bu d\u00f6nemde \u00e7ok rahat bir \u015fekilde g\u00f6r\u00fc\u015fm\u00fc\u015ft\u00fcr. MHP, bu t\u00fcr tutars\u0131zl\u0131klar i\u00e7inde de\u011fildir. Biz, K\u00fcrt a\u00e7\u0131l\u0131m\u0131 denen, ancak, \u00f6nce milleti ayr\u0131\u015ft\u0131ran sonra da T\u00fcrkiye&#8217;yi b\u00f6l\u00fcnmeye g\u00f6t\u00fcrecek bu s\u00fcre\u00e7te s\u00f6yleyeceklerimizi milletin huzurunda s\u00f6yledik. Kendilerinin de yapt\u0131klar\u0131 \u00e7al\u0131\u015fmalar\u0131 milletin huzurunda yapmas\u0131n\u0131 ifade ettik&#8221; dedi.<\/p>\n<p style=\"text-align: justify;\">Pa\u00e7ac\u0131, &#8220;Kapal\u0131 kap\u0131lar ard\u0131nda ne konu\u015fulacakt\u0131r, milletten ne gizlenecektir? Say\u0131n Genel Ba\u015fkan\u0131m\u0131z\u0131n ge\u00e7mi\u015fte s\u00f6yledikleriyle bundan sonra yapacaklar\u0131 farkl\u0131l\u0131k arz etmez. Tabii ben Genel Ba\u015fkan ad\u0131na konu\u015famam. Ancak b\u00f6yle bir randevuyu kabul etmeyece\u011fi kanaatindeyim. Ne s\u00f6ylenecekse milletin huzurunda, a\u00e7\u0131k ve net s\u00f6ylenmesi gerekti\u011fini d\u00fc\u015f\u00fcn\u00fcyoruz. Bundan sonraki tavr\u0131m\u0131z bunun d\u0131\u015f\u0131nda farkl\u0131 olmaz. T\u00fcrkiye&#8217;yi b\u00f6l\u00fcnmeye g\u00f6t\u00fcrecek bir s\u00fcreci, kimseyle kapal\u0131 kap\u0131lar ard\u0131nda g\u00f6r\u00fc\u015fmeyiz&#8221; ifadesini kulland\u0131.<\/p>\n<p style=\"text-align: justify;\"><span style=\"color: #888888;\">CNN T\u00dcRK<\/span><\/p>\n","protected":false},"excerpt":{"rendered":"<p style=\"text-align: center;\">\n<p style=\"text-align: justify;\">MHP lideri Devlet Bah\u00e7eli, Ba\u015fbakan Recep Tayyip Erdo\u011fan&#8217;\u0131n K\u00fcrt a\u00e7\u0131l\u0131m\u0131yla ilgili g\u00f6r\u00fc\u015fme \u00e7a\u011fr\u0131s\u0131na y\u00f6nelik olarak, &#8221;Ba\u015fbakan&#8217;\u0131 namuslu olmaya \u00e7a\u011f\u0131r\u0131yoruz&#8221; dedi. MHP, h\u00fck\u00fcmetin K\u00fcrt a\u00e7\u0131l\u0131m\u0131n\u0131n Meclis&#8217;te kapal\u0131 oturumda tart\u0131\u015f\u0131lmas\u0131na da kar\u015f\u0131 \u00e7\u0131kt\u0131, kapal\u0131 oturuma gerek olmad\u0131\u011f\u0131n\u0131 belirtti. Ba\u015fbakan Recep Tayyip Erdo\u011fan&#8217;\u0131n muhalefetle g\u00f6r\u00fc\u015fme talebi de yine MHP taraf\u0131ndan reddedildi.<\/p>\n<p style=\"text-align:  \n\n","protected":false},"author":1,"featured_media":0,"comment_status":"open","ping_status":"closed","sticky":false,"template":"","format":"standard","meta":{"footnotes":""},"categories":[105],"tags":[],"class_list":["post-14363","post","type-post","status-publish","format-standard","hentry","category-gundem","odd"],"_links":{"self":[{"href":"http:\/\/www.korhanyilmaz.com\/index.php?rest_route=\/wp\/v2\/posts\/14363","targetHints":{"allow":["GET"]}}],"collection":[{"href":"http:\/\/www.korhanyilmaz.com\/index.php?rest_route=\/wp\/v2\/posts"}],"about":[{"href":"http:\/\/www.korhanyilmaz.com\/index.php?rest_route=\/wp\/v2\/types\/post"}],"author":[{"embeddable":true,"href":"http:\/\/www.korhanyilmaz.com\/index.php?rest_route=\/wp\/v2\/users\/1"}],"replies":[{"embeddable":true,"href":"http:\/\/www.korhanyilmaz.com\/index.php?rest_route=%2Fwp%2Fv2%2Fcomments&post=14363"}],"version-history":[{"count":0,"href":"http:\/\/www.korhanyilmaz.com\/index.php?rest_route=\/wp\/v2\/posts\/14363\/revisions"}],"wp:attachment":[{"href":"http:\/\/www.korhanyilmaz.com\/index.php?rest_route=%2Fwp%2Fv2%2Fmedia&parent=14363"}],"wp:term":[{"taxonomy":"category","embeddable":true,"href":"http:\/\/www.korhanyilmaz.com\/index.php?rest_route=%2Fwp%2Fv2%2Fcategories&post=14363"},{"taxonomy":"post_tag","embeddable":true,"href":"http:\/\/www.korhanyilmaz.com\/index.php?rest_route=%2Fwp%2Fv2%2Ftags&post=14363"}],"curies":[{"name":"wp","href":"https:\/\/api.w.org\/{rel}","templated":true}]}}