{"id":14360,"date":"2009-09-08T12:03:56","date_gmt":"2009-09-08T09:03:56","guid":{"rendered":"http:\/\/www.korhanyilmaz.com\/?p=14360"},"modified":"2009-09-08T12:03:56","modified_gmt":"2009-09-08T09:03:56","slug":"erdogandan-bahceliye-2-tazminat-davasi","status":"publish","type":"post","link":"http:\/\/www.korhanyilmaz.com\/?p=14360","title":{"rendered":"Erdo\u011fan&#039;dan Bah\u00e7eli&#039;ye 2 tazminat davas\u0131"},"content":{"rendered":"<p><a href=\"http:\/\/www.korhanyilmaz.com\/wp-content\/uploads\/2009\/09\/TAZM\u0130NAT.jpg\"  class=\"lightview\"><img loading=\"lazy\" decoding=\"async\" class=\"aligncenter size-full wp-image-14361\" src=\"http:\/\/www.korhanyilmaz.com\/wp-content\/uploads\/2009\/09\/TAZM\u0130NAT.jpg\" alt=\"\" width=\"292\" height=\"201\" \/><\/a><\/p>\n<p style=\"text-align: justify;\">Ba\u015fbakan Recep Tayyip Erdo\u011fan, ge\u00e7en ay yapt\u0131\u011f\u0131 iki a\u00e7\u0131klamayla &#8220;ki\u015filik haklar\u0131na sald\u0131r\u0131da bulundu\u011fu&#8221; gerek\u00e7esiyle, MHP Genel Ba\u015fkan\u0131 Devlet Bah\u00e7eli aleyhinde, 100&#8217;er bin TL manevi tazminat istemiyle iki dava a\u00e7t\u0131.<\/p>\n<p style=\"text-align: justify;\">Bah\u00e7eli aleyhinde ayr\u0131ca, AK Parti&#8217;nin t\u00fczel ki\u015fili\u011fine hakaret etti\u011fi iddias\u0131yla 100 bin TL&#8217;lik manevi tazminat davas\u0131 a\u00e7\u0131ld\u0131 Erdo\u011fan&#8217;\u0131n avukatlar\u0131 Muammer Cemalo\u011flu ve Fatih \u015eahin&#8217;in a\u00e7t\u0131\u011f\u0131 davalar\u0131n dilek\u00e7elerinde, Bah\u00e7eli&#8217;nin &#8220;demokratik a\u00e7\u0131l\u0131m&#8221; \u00e7al\u0131\u015fmalar\u0131na ili\u015fkin 22 ve 25 A\u011fustos 2009&#8217;da yapt\u0131\u011f\u0131 yaz\u0131l\u0131 a\u00e7\u0131klamalar hat\u0131rlat\u0131ld\u0131. <!--more--><\/p>\n<p style=\"text-align: justify;\">Bah\u00e7eli&#8217;nin 25 A\u011fustos tarihli a\u00e7\u0131klamas\u0131na ili\u015fkin a\u00e7\u0131lan davan\u0131n dilek\u00e7esinde, Bah\u00e7eli&#8217;nin Ba\u015fbakan Erdo\u011fan&#8217;\u0131 hedef alarak, &#8220;namusu zelil olmu\u015f ki\u015fi&#8221;, &#8220;sicili lekelenmi\u015f ki\u015fi&#8221;, &#8220;i\u015f birlik\u00e7i&#8221;, &#8220;k\u00fcresel senaryonun ba\u015f akt\u00f6r\u00fc&#8221;, &#8220;iki y\u00fczl\u00fc&#8221; ifadelerini kulland\u0131\u011f\u0131 kaydedildi.<\/p>\n<p style=\"text-align: justify;\">Dilek\u00e7ede, Bah\u00e7eli&#8217;nin, Ba\u015fbakan Erdo\u011fan&#8217;\u0131 ayn\u0131 a\u00e7\u0131klamada ayr\u0131ca, &#8220;ter\u00f6r \u00f6rg\u00fct\u00fc PKK&#8217;n\u0131n s\u00f6zde lideriyle yar\u0131\u015f i\u00e7inde olmak&#8221;, &#8220;birilerinin emrine girmeyi istemek&#8221;, &#8220;yabanc\u0131 mihraklarla kucakla\u015farak, millete kar\u015f\u0131 sinsice oyunlar haz\u0131rlamak&#8221;, &#8220;hezeyanda bulunmak&#8221;, &#8220;z\u0131rvalamak&#8221;, &#8220;b\u00f6l\u00fcc\u00fcl\u00fck tarihine imza atmak&#8221;, &#8220;kontrol\u00fcn\u00fc kaybetmi\u015f bir ruh haline sahip olmak&#8221;, &#8220;b\u00f6l\u00fcc\u00fcl\u00fck bayra\u011f\u0131n\u0131 f\u0131rsat ve \u00e7\u00f6z\u00fcm ad\u0131 ile eline almak&#8221; ve benzeri ifadelerle itham etti\u011fi kaydedildi.<\/p>\n<p style=\"text-align: justify;\">Bah\u00e7eli&#8217;nin 22 A\u011fustos&#8217;taki a\u00e7\u0131klamas\u0131 nedeniyle a\u00e7\u0131lan davan\u0131n dilek\u00e7esinde ise &#8220;Ba\u015fbakan Erdo\u011fan&#8217;\u0131n, milliyet\u00e7i hareketi hedef alan seviyesiz beyanlar\u0131 ve ahlak d\u0131\u015f\u0131 sald\u0131r\u0131lar\u0131, hezeyan batakl\u0131\u011f\u0131nda \u00e7\u0131rp\u0131nan bir ruh halinin yans\u0131malar\u0131d\u0131r. Etnik b\u00f6l\u00fcc\u00fcl\u00fck konusundaki siyasi sicili ve e\u011filimleri \u00e7ok iyi bilinen Ba\u015fbakan ve h\u00fck\u00fcmeti, T\u00fcrkiye&#8217;yi ayr\u0131\u015ft\u0131rma ve b\u00f6lme projelerini \u0130mral\u0131, Kandil ve Barzani&#8217;nin deste\u011fiyle hayata ge\u00e7irmek i\u00e7in \u00e7\u0131kt\u0131\u011f\u0131 gaflet ve ihanet yolculu\u011funda su\u00e7\u00fcst\u00fc yakalanm\u0131\u015f, ger\u00e7ek niyetler a\u00e7\u0131\u011fa \u00e7\u0131kmaya ba\u015flam\u0131\u015ft\u0131r&#8221; s\u00f6zlerine a\u00e7\u0131klamada yer verildi\u011fi belirtildi.<\/p>\n<p style=\"text-align: justify;\">Dilek\u00e7ede, Bah\u00e7eli&#8217;nin, &#8220;Namus ve \u015feref gibi ulvi kavramlar yak\u0131\u015fmayan a\u011f\u0131zlarda de\u011ferini kaybeder. Haddini a\u015farak alt\u0131ndan kalkamayaca\u011f\u0131 s\u00f6zler s\u00f6yleyen ve \u00e7ukurda siyaset yapan Ba\u015fbakan Erdo\u011fan&#8217;a bu ger\u00e7e\u011fi hat\u0131rlat\u0131r\u0131z&#8221; ifadesini kulland\u0131\u011f\u0131na da dikkat \u00e7ekildi.<\/p>\n<p style=\"text-align: justify;\"><strong><em>&#8220;D\u00fc\u015f\u00fcnce a\u00e7\u0131klamas\u0131 olarak kabul edilemez&#8221; <\/em><\/strong><\/p>\n<p style=\"text-align: justify;\">Dilek\u00e7elerde, Bah\u00e7eli&#8217;nin, beyanlar\u0131yla ele\u015ftiri ve ifade \u00f6zg\u00fcrl\u00fc\u011f\u00fc s\u0131n\u0131rlar\u0131n\u0131 a\u015ft\u0131\u011f\u0131 kaydedilerek, bu beyanlar\u0131n &#8220;hakaret etmeyi, a\u015fa\u011f\u0131lamay\u0131, Erdo\u011fan&#8217;\u0131n ki\u015filik haklar\u0131n\u0131n toplum kat\u0131nda zedelenmesini, toplumun husumet ve kinine maruz kalmas\u0131n\u0131 ama\u00e7lad\u0131\u011f\u0131&#8221; savunuldu.<\/p>\n<p style=\"text-align: justify;\">Bir partinin genel ba\u015fkan\u0131 olan Bah\u00e7eli&#8217;nin, \u00f6nemli konularda d\u00fc\u015f\u00fcnce a\u00e7\u0131klamas\u0131n\u0131n, ele\u015ftiride bulunmas\u0131n\u0131n son derece do\u011fal ve gerekli oldu\u011fu belirtilen dilek\u00e7ede, ancak ele\u015ftiri hakk\u0131n\u0131 kullananlar\u0131n, h\u00fcr olmalar\u0131 kadar, sorumluluk bilinciyle davranmalar\u0131n\u0131n, hakaret te\u015fkil edecek nitelemelerden uzak durmalar\u0131n\u0131n hukuk devletinin gere\u011fi oldu\u011fu ifade edildi.<\/p>\n<p style=\"text-align: justify;\">Bah\u00e7eli&#8217;nin s\u00f6zlerinin d\u00fc\u015f\u00fcnce a\u00e7\u0131klamas\u0131 olarak kabul edilemeyece\u011fi kaydedilen dilek\u00e7elerde, &#8220;Bu denli a\u011f\u0131r hakaretlerin d\u00fc\u015f\u00fcnce a\u00e7\u0131klamas\u0131 olarak kabul\u00fc halinde, ki\u015filik de\u011ferlerinin hukuk ve anayasal g\u00fcvenceden yoksun kalaca\u011f\u0131 a\u00e7\u0131kt\u0131r&#8221; g\u00f6r\u00fc\u015fene yer verildi.<\/p>\n<p style=\"text-align: justify;\">Her iki davada, Bah\u00e7eli&#8217;den 100&#8217;er bin TL manevi tazminat talebinde bulunuldu.<\/p>\n<p style=\"text-align: justify;\"><strong><em>AK Parti ad\u0131na a\u00e7\u0131lan dava<\/em><\/strong><\/p>\n<p style=\"text-align: justify;\">Bah\u00e7eli&#8217;ye, 25 A\u011fustos 2009&#8217;da yapt\u0131\u011f\u0131 bas\u0131n a\u00e7\u0131klamas\u0131 nedeniyle, AK Parti&#8217;nin t\u00fczel ki\u015fili\u011fi ad\u0131na da manevi tazminat davas\u0131 a\u00e7\u0131ld\u0131.<\/p>\n<p style=\"text-align: justify;\">Dava dilek\u00e7esinde, Bah\u00e7eli&#8217;nin, a\u00e7\u0131klamas\u0131nda kulland\u0131\u011f\u0131, &#8220;T\u00fcrkiye&#8217;de \u00f6teden beri sinsice uygulanan k\u00fcresel operasyonun son a\u015famalar\u0131na, i\u015f birlik\u00e7i AKP iktidar\u0131n\u0131n tam teslimiyetine dayanan zihniyeti sonucu gelinmi\u015ftir&#8221;, &#8220;Durdurulmamas\u0131 halinde, kapat\u0131lmas\u0131 asla m\u00fcmk\u00fcn olmayacak kadar \u00f6l\u00fcmc\u00fcl yaralar\u0131n a\u00e7\u0131laca\u011f\u0131 ve geri d\u00f6n\u00fc\u015f\u00fcn m\u00fcmk\u00fcn olamayaca\u011f\u0131 bir fetret d\u00f6nemi AKP ile T\u00fcrkiye&#8217;nin \u00f6n\u00fcne konulmu\u015ftur&#8221;, &#8220;D\u0131\u015far\u0131dan kurgulanan bu ihanet ittifak\u0131n\u0131n omurgas\u0131n\u0131 olu\u015fturan AKP h\u00fck\u00fcmeti&#8230;&#8221;, &#8220;Bu k\u00fcresel senaryonun ba\u015f akt\u00f6r\u00fc ise AKP zihniyeti ve Ba\u015fbakan Erdo\u011fan&#8217;d\u0131r&#8221;, &#8220;AKP zihniyetinden ald\u0131\u011f\u0131 cesaretle ter\u00f6rist, da\u011fdaki ininden h\u00fck\u00fcmete m\u00fczakere \u00e7a\u011fr\u0131s\u0131 da yapabilmi\u015ftir&#8221; \u015feklindeki ifadelere dikkat \u00e7ekildi.<\/p>\n<p style=\"text-align: justify;\">Bu ifadeleriyle partinin t\u00fczel ki\u015fili\u011fine hakaret etti\u011fi gerek\u00e7esiyle Bah\u00e7eli&#8217;den 100 bin TL manevi tazminat istendi.<\/p>\n<p style=\"text-align: justify;\"><span style=\"color: #888888;\">CNN T\u00dcRK<\/span><\/p>\n","protected":false},"excerpt":{"rendered":"<\/p>\n<p style=\"text-align: justify;\">Ba\u015fbakan Recep Tayyip Erdo\u011fan, ge\u00e7en ay yapt\u0131\u011f\u0131 iki a\u00e7\u0131klamayla &#8220;ki\u015filik haklar\u0131na sald\u0131r\u0131da bulundu\u011fu&#8221; gerek\u00e7esiyle, MHP Genel Ba\u015fkan\u0131 Devlet Bah\u00e7eli aleyhinde, 100&#8217;er bin TL manevi tazminat istemiyle iki dava a\u00e7t\u0131.<\/p>\n<p style=\"text-align: justify;\">Bah\u00e7eli aleyhinde ayr\u0131ca, AK Parti&#8217;nin t\u00fczel ki\u015fili\u011fine hakaret etti\u011fi iddias\u0131yla 100 bin TL&#8217;lik manevi tazminat davas\u0131 a\u00e7\u0131ld\u0131 Erdo\u011fan&#8217;\u0131n avukatlar\u0131 Muammer Cemalo\u011flu <\/p>\n","protected":false},"author":1,"featured_media":0,"comment_status":"open","ping_status":"closed","sticky":false,"template":"","format":"standard","meta":{"footnotes":""},"categories":[105],"tags":[],"class_list":["post-14360","post","type-post","status-publish","format-standard","hentry","category-gundem","odd"],"_links":{"self":[{"href":"http:\/\/www.korhanyilmaz.com\/index.php?rest_route=\/wp\/v2\/posts\/14360","targetHints":{"allow":["GET"]}}],"collection":[{"href":"http:\/\/www.korhanyilmaz.com\/index.php?rest_route=\/wp\/v2\/posts"}],"about":[{"href":"http:\/\/www.korhanyilmaz.com\/index.php?rest_route=\/wp\/v2\/types\/post"}],"author":[{"embeddable":true,"href":"http:\/\/www.korhanyilmaz.com\/index.php?rest_route=\/wp\/v2\/users\/1"}],"replies":[{"embeddable":true,"href":"http:\/\/www.korhanyilmaz.com\/index.php?rest_route=%2Fwp%2Fv2%2Fcomments&post=14360"}],"version-history":[{"count":0,"href":"http:\/\/www.korhanyilmaz.com\/index.php?rest_route=\/wp\/v2\/posts\/14360\/revisions"}],"wp:attachment":[{"href":"http:\/\/www.korhanyilmaz.com\/index.php?rest_route=%2Fwp%2Fv2%2Fmedia&parent=14360"}],"wp:term":[{"taxonomy":"category","embeddable":true,"href":"http:\/\/www.korhanyilmaz.com\/index.php?rest_route=%2Fwp%2Fv2%2Fcategories&post=14360"},{"taxonomy":"post_tag","embeddable":true,"href":"http:\/\/www.korhanyilmaz.com\/index.php?rest_route=%2Fwp%2Fv2%2Ftags&post=14360"}],"curies":[{"name":"wp","href":"https:\/\/api.w.org\/{rel}","templated":true}]}}