{"id":14356,"date":"2009-09-08T13:30:43","date_gmt":"2009-09-08T10:30:43","guid":{"rendered":"http:\/\/www.korhanyilmaz.com\/?p=14356"},"modified":"2009-09-08T13:30:43","modified_gmt":"2009-09-08T10:30:43","slug":"sel-bolgesinde-4-kisinin-cesedi-bulundu","status":"publish","type":"post","link":"http:\/\/www.korhanyilmaz.com\/?p=14356","title":{"rendered":"Sel b\u00f6lgesinde 4 ki\u015finin cesedi bulundu"},"content":{"rendered":"<p style=\"text-align: center;\"><a href=\"http:\/\/www.korhanyilmaz.com\/wp-content\/uploads\/2009\/09\/SEL.jpg\"  class=\"lightview\"><img loading=\"lazy\" decoding=\"async\" class=\"aligncenter size-full wp-image-14357\" src=\"http:\/\/www.korhanyilmaz.com\/wp-content\/uploads\/2009\/09\/SEL.jpg\" alt=\"\" width=\"307\" height=\"236\" \/><\/a><\/p>\n<p style=\"text-align: justify;\">Tekirda\u011f&#8217;\u0131n Saray il\u00e7esinde sel b\u00f6lgesinde kaybolan 7 ki\u015fiden 4&#8217;\u00fcn\u00fcn cesedi bulundu. Kay\u0131p 3 ki\u015fiyi arama \u00e7al\u0131\u015fmalar\u0131 ise s\u00fcr\u00fcyor.<\/p>\n<p style=\"text-align: justify;\">Cesedi bulunanlar\u0131n 6 ya\u015f\u0131ndaki Afra \u00c7ak\u0131r, B\u00fc\u015fra \u00c7ak\u0131r  ve Mustafa-Fatma Bilgin (82-79)\u00e7iftinin oldu\u011fu \u00f6\u011frenildi.<\/p>\n<p style=\"text-align: justify;\">Tekirda\u011f Valisi Z\u00fcbeyir Kemelek, olay yerinde arama kurtarma \u00e7al\u0131\u015fmalar\u0131n devam etti\u011fini, askeri birliklerin de \u00e7al\u0131\u015fmalara destek verdi\u011fini s\u00f6yledi.<\/p>\n<p style=\"text-align: justify;\">Bu arada b\u00f6lgedeki sel felaketi nedeniyle G\u00fcng\u00f6rmez K\u00f6y\u00fc&#8217;de 6-7 ev ile baz\u0131 ara\u00e7lar\u0131n su alt\u0131nda kald\u0131\u011f\u0131 bildirildi. <!--more--><\/p>\n<p style=\"text-align: justify;\">B\u00f6lgedeki Lala Deresi k\u00f6pr\u00fcs\u00fcn\u00fcn ula\u015f\u0131ma kapanmas\u0131 nedeniyle b\u00f6lgedeki ula\u015f\u0131m K\u0131rklareli-Vize yolundan sa\u011flan\u0131yor.<\/p>\n<p style=\"text-align: justify;\">Saray Belediyesi ekipleri de b\u00f6lgede kuvvetli ya\u011f\u0131\u015f beklendi\u011finden vatanda\u015flar\u0131 sel ve su bask\u0131nlar\u0131 konusunda uyar\u0131yor.<\/p>\n<p style=\"text-align: justify;\"><strong><em>Saray&#8217;da 25 ev zarar g\u00f6rd\u00fc<\/em><\/strong><\/p>\n<p style=\"text-align: justify;\">Saray \u0130l\u00e7esi Kaymakam\u0131 Zeki Kaya, il\u00e7e merkezinde 20-25 kadar evin su bask\u0131n\u0131ndan zarar g\u00f6rd\u00fc\u011f\u00fcn\u00fc ve 50 kadar hayvan\u0131n telef oldu\u011funu bildirdi.<\/p>\n<p style=\"text-align: justify;\">\u00c7iftliklerdeki 50 kadar hayvan\u0131nda sel sular\u0131 dolay\u0131s\u0131 ile telef oldu\u011funu kaydeden Kaya, &#8220;Bu konu ile ilgili incelemeler s\u00fcr\u00fcyor. Say\u0131n Valimiz de olay yerinde bulunuyor&#8221; dedi. \u0130l\u00e7e merkezindeki 20-25 evinde su bask\u0131n\u0131 nedeniyle zarar g\u00f6rd\u00fc\u011f\u00fcn\u00fc s\u00f6zlerine ekleyen Kaya, meydana gelen hasar\u0131n belirlenmesi i\u00e7in \u00e7al\u0131\u015fmalar\u0131n s\u00fcrd\u00fcr\u00fcld\u00fc\u011f\u00fcn\u00fc kaydetti.<\/p>\n<p style=\"text-align: justify;\"><strong><em>Meteorolojik uyar\u0131!<\/em><\/strong><\/p>\n<p style=\"text-align: justify;\">Tekirda\u011f Meteoroloji M\u00fcd\u00fcrl\u00fc\u011f\u00fc, bug\u00fcn merkez, Saray, \u00c7erkezk\u00f6y ve \u00c7orlu il\u00e7elerinde kuvvetli ya\u011f\u0131\u015f\u0131n etkili olaca\u011f\u0131n\u0131 belirtti. Kent merkezinde 19 derece olan hava s\u0131cakl\u0131\u011f\u0131n\u0131n 13 dereceye d\u00fc\u015fece\u011fini ifade eden yetkililer, son 24 saatte ise metrekareye 74,6 kilogram ya\u011f\u0131\u015f d\u00fc\u015ft\u00fc\u011f\u00fcn\u00fc bildirdiler.<\/p>\n<p style=\"text-align: justify;\">Marmara Denizi&#8217;ndeki f\u0131rt\u0131nan\u0131n da devam edece\u011fini belirten yetkililer, vatanda\u015flar\u0131, sel ve su bask\u0131nlar\u0131na kar\u015f\u0131 dikkatli olmalar\u0131 konusunda uyard\u0131lar.<\/p>\n<p style=\"text-align: justify;\"><em><strong>D\u0130\u011eER B\u00d6LGELERDE DURUM <\/strong><\/em><\/p>\n<p style=\"text-align: justify;\"><em><strong>KIRKLAREL\u0130:<\/strong><\/em><\/p>\n<p style=\"text-align: justify;\">K\u0131rklareli&#8217;de d\u00fcn ba\u015flayan sa\u011fanak devam ediyor. K\u0131rklareli Meteoroloji M\u00fcd\u00fcrl\u00fc\u011f\u00fc yetkililerinden al\u0131nan bilgiye g\u00f6re, d\u00fcnden beri devam eden ya\u011f\u0131\u015f nedeniyle K\u0131rklareli ve \u00e7evresine metrekareye 48 saatte 106,8 kilogram ya\u011f\u0131\u015f d\u00fc\u015ft\u00fc.<\/p>\n<p style=\"text-align: justify;\">Yetkililer, hava s\u0131cakl\u0131\u011f\u0131n\u0131n 13 dereceye d\u00fc\u015ft\u00fc\u011f\u00fc kentte r\u00fczgar\u0131n h\u0131z\u0131n\u0131n saatte 12 kilometreye ula\u015ft\u0131\u011f\u0131n\u0131 belirtti. Ayr\u0131ca, b\u00f6lgede kuvvetli sa\u011fanak beklendi\u011fi bildirildi. Sa\u011fanak ve f\u0131rt\u0131na nedeniyle K\u0131rklareli&#8217;ndeki eski tarihi evler de zarar g\u00f6rd\u00fc.<\/p>\n<p style=\"text-align: justify;\"><strong><em>ED\u0130RNE:<\/em><\/strong><\/p>\n<p style=\"text-align: justify;\">Edirne&#8217;de de d\u00fcn ba\u015flayan sa\u011fanak etkili oluyor. Zaman zaman \u015fiddeti artan sa\u011fanak nedeniyle baz\u0131 yollarda su birikintileri olu\u015ftu. Edirne Meteoroloji M\u00fcd\u00fcrl\u00fc\u011f\u00fc yetkililerinden edinilen bilgiye g\u00f6re, d\u00fcnden beri devam eden ya\u011f\u0131\u015f nedeniyle Edirne ve \u00e7evresine 24 saatte metrekareye 41,5 kilogram ya\u011f\u0131\u015f d\u00fc\u015ft\u00fc. Hava s\u0131cakl\u0131\u011f\u0131n\u0131n 14 derece \u00f6l\u00e7\u00fcld\u00fc\u011f\u00fc kentte, ya\u011f\u0131\u015f\u0131n ak\u015fam saatlerine kadar s\u00fcrmesi bekleniyor.<\/p>\n<p style=\"text-align: justify;\">Cuma g\u00fcn\u00fc tekrar sa\u011fanak olarak ba\u015flayacak ya\u011f\u0131\u015flar\u0131n k\u0131sa s\u00fcreli olaca\u011f\u0131 tahmin ediliyor.<\/p>\n<p style=\"text-align: justify;\"><strong><em>\u00c7ANAKKALE:<\/em><\/strong><\/p>\n<p style=\"text-align: justify;\">Kuzey Ege&#8217;de etkili olan poyraz nedeniyle iptal edilen Kabatepe-G\u00f6k\u00e7eada araba vapuru seferleri yap\u0131lmaya ba\u015fland\u0131. \u00c7anakkale ile adalar aras\u0131nda deniz ula\u015f\u0131m\u0131n\u0131 sa\u011flayan GESTA\u015e A\u015e yetkililerinden ald\u0131\u011f\u0131 bilgiye g\u00f6re, r\u00fczgar\u0131n etkisini azaltmas\u0131 dolay\u0131s\u0131yla, daha \u00f6nce iptal edilen Kabatepe-G\u00f6k\u00e7eada aras\u0131ndaki araba vapuru seferleri yap\u0131labilecek.<\/p>\n<p style=\"text-align: justify;\">Buna g\u00f6re, saat 12.00&#8217;de G\u00f6k\u00e7eada&#8217;dan Kabatepe&#8217;ye, saat 15.00&#8217;de de Kabatepe&#8217;den G\u00f6k\u00e7eada&#8217;ya sefer d\u00fczenlenecek.<\/p>\n<p style=\"text-align: justify;\"><strong><em>17 gemi demir alamad\u0131<\/em><\/strong><\/p>\n<p style=\"text-align: justify;\">\u00c7anakkale Bo\u011faz\u0131&#8217;n\u0131 ge\u00e7mek isteyen ancak olumsuz hava ko\u015fullar\u0131 nedeniyle d\u00fcn \u015eark\u00f6y sahillerine s\u0131\u011f\u0131nan yerli ve yabanc\u0131 bayrakl\u0131 17 gemi, saatteki h\u0131z\u0131 80 kilometreye ula\u015fan f\u0131rt\u0131na nedeniyle \u015eark\u00f6y&#8217;den demir alamad\u0131.<\/p>\n<p style=\"text-align: justify;\">Bu arada, \u00c7anakkale Bo\u011faz\u0131&#8217;ndan ge\u00e7mek \u00fczere Marmara Denizi&#8217;nde seyreden 8 gemi daha \u015eark\u00f6y sahillerine demirledi. \u015eark\u00f6y&#8217;de demirli olarak bekleyen gemilerin, hava ko\u015fullar\u0131n\u0131n d\u00fczelmesinin ard\u0131ndan bo\u011fazlardan ge\u00e7mek \u00fczere rotalar\u0131na g\u00f6re demir alacaklar\u0131 belirtildi.<\/p>\n<p style=\"text-align: justify;\">F\u0131rt\u0131na nedeniyle d\u00fcn \u015eark\u00f6y, M\u00fcrefte ve Ho\u015fk\u00f6y Bal\u0131k\u00e7\u0131 bar\u0131na\u011f\u0131na s\u0131\u011f\u0131nan bal\u0131k\u00e7\u0131 tekneleri de 2 g\u00fcnd\u00fcr bal\u0131\u011fa \u00e7\u0131kam\u0131yor.<\/p>\n<p style=\"text-align: justify;\"><strong><em>\u0130ZM\u0130R:<\/em><\/strong><\/p>\n<p style=\"text-align: justify;\">\u0130zmir&#8217;de ya\u011f\u0131\u015f beklentisi nedeniyle vatanda\u015flar\u0131n tedbirli olmalar\u0131 y\u00f6n\u00fcnde uyar\u0131da bulundu. \u0130zmir Valili\u011fi&#8217;nden yap\u0131lan yaz\u0131l\u0131 a\u00e7\u0131klamada, Meteoroloji \u0130\u015fleri Genel M\u00fcd\u00fcrl\u00fc\u011f\u00fc verilerine g\u00f6re, bug\u00fcn b\u00f6lgede kuvvetli ya\u011f\u0131\u015f beklendi\u011fi belirtildi.<\/p>\n<p style=\"text-align: justify;\">Etkili olmas\u0131 beklenen g\u00f6k g\u00fcr\u00fclt\u00fcl\u00fc sa\u011fanak ya\u011f\u0131\u015f\u0131n neden olabilece\u011fi olumsuzluklara kar\u015f\u0131, gerekli tedbirlerin al\u0131nmas\u0131 istendi.<\/p>\n<p style=\"text-align: justify;\"><span style=\"color: #888888;\">CNN T\u00dcRK<\/span><\/p>\n","protected":false},"excerpt":{"rendered":"<p style=\"text-align: center;\">\n<p style=\"text-align: justify;\">Tekirda\u011f&#8217;\u0131n Saray il\u00e7esinde sel b\u00f6lgesinde kaybolan 7 ki\u015fiden 4&#8217;\u00fcn\u00fcn cesedi bulundu. Kay\u0131p 3 ki\u015fiyi arama \u00e7al\u0131\u015fmalar\u0131 ise s\u00fcr\u00fcyor.<\/p>\n<p style=\"text-align: justify;\">Cesedi bulunanlar\u0131n 6 ya\u015f\u0131ndaki Afra \u00c7ak\u0131r, B\u00fc\u015fra \u00c7ak\u0131r ve Mustafa-Fatma Bilgin (82-79)\u00e7iftinin oldu\u011fu \u00f6\u011frenildi.<\/p>\n<p style=\"text-align: justify;\">Tekirda\u011f Valisi Z\u00fcbeyir Kemelek, olay yerinde arama kurtarma \u00e7al\u0131\u015fmalar\u0131n devam etti\u011fini, askeri birliklerin de <\/p>\n","protected":false},"author":1,"featured_media":0,"comment_status":"open","ping_status":"closed","sticky":false,"template":"","format":"standard","meta":{"footnotes":""},"categories":[105],"tags":[],"class_list":["post-14356","post","type-post","status-publish","format-standard","hentry","category-gundem","odd"],"_links":{"self":[{"href":"http:\/\/www.korhanyilmaz.com\/index.php?rest_route=\/wp\/v2\/posts\/14356","targetHints":{"allow":["GET"]}}],"collection":[{"href":"http:\/\/www.korhanyilmaz.com\/index.php?rest_route=\/wp\/v2\/posts"}],"about":[{"href":"http:\/\/www.korhanyilmaz.com\/index.php?rest_route=\/wp\/v2\/types\/post"}],"author":[{"embeddable":true,"href":"http:\/\/www.korhanyilmaz.com\/index.php?rest_route=\/wp\/v2\/users\/1"}],"replies":[{"embeddable":true,"href":"http:\/\/www.korhanyilmaz.com\/index.php?rest_route=%2Fwp%2Fv2%2Fcomments&post=14356"}],"version-history":[{"count":0,"href":"http:\/\/www.korhanyilmaz.com\/index.php?rest_route=\/wp\/v2\/posts\/14356\/revisions"}],"wp:attachment":[{"href":"http:\/\/www.korhanyilmaz.com\/index.php?rest_route=%2Fwp%2Fv2%2Fmedia&parent=14356"}],"wp:term":[{"taxonomy":"category","embeddable":true,"href":"http:\/\/www.korhanyilmaz.com\/index.php?rest_route=%2Fwp%2Fv2%2Fcategories&post=14356"},{"taxonomy":"post_tag","embeddable":true,"href":"http:\/\/www.korhanyilmaz.com\/index.php?rest_route=%2Fwp%2Fv2%2Ftags&post=14356"}],"curies":[{"name":"wp","href":"https:\/\/api.w.org\/{rel}","templated":true}]}}