{"id":14349,"date":"2009-08-13T20:15:56","date_gmt":"2009-08-13T17:15:56","guid":{"rendered":"http:\/\/www.korhanyilmaz.com\/?p=14349"},"modified":"2009-08-13T20:15:56","modified_gmt":"2009-08-13T17:15:56","slug":"ismailaga-cemaatine-%e2%80%98cebir-ve-siddet%e2%80%99-davasi-acildi","status":"publish","type":"post","link":"http:\/\/www.korhanyilmaz.com\/?p=14349","title":{"rendered":"\u0130smaila\u011fa cemaatine \u2018cebir ve \u015fiddet\u2019 davas\u0131 a\u00e7\u0131ld\u0131"},"content":{"rendered":"<p style=\"text-align: justify;\"><a href=\"http:\/\/www.korhanyilmaz.com\/wp-content\/uploads\/2009\/09\/ismailaga.jpg\"  class=\"lightview\"><img loading=\"lazy\" decoding=\"async\" class=\"aligncenter size-full wp-image-14350\" src=\"http:\/\/www.korhanyilmaz.com\/wp-content\/uploads\/2009\/09\/ismailaga.jpg\" alt=\"\" width=\"282\" height=\"230\" \/><\/a><\/p>\n<p style=\"text-align: justify;\">NAK\u015e\u0130BEND\u0130 tarikat\u0131n\u0131n kollar\u0131ndan \u0130smaila\u011fa Cemaati hakk\u0131nda, \u2018cebir ve \u015fiddet\u2019 ile \u2018kanuna ayk\u0131r\u0131 e\u011fitim yuvas\u0131 a\u00e7ma\u2019 su\u00e7lamas\u0131yla Erzurum 2\u2019nci A\u011f\u0131r Ceza Mahkemesinde tutuksuz yarg\u0131lanan 13 ki\u015fi hakk\u0131nda \u00f6m\u00fcr boyu hapis cezas\u0131 isteniyor.<\/p>\n<p style=\"text-align: justify;\">\u0130smaila\u011fa Cemaati&#8217;nin, il\u00e7e ve k\u00f6ylerde okul \u00f6ncesi \u00e7ocuklara Medine Vakf\u0131\u2019na ait evlerde yat\u0131l\u0131 olarak e\u011fitim verdi\u011fi ihbar\u0131 Erzincan Cumhuriyet Ba\u015fsavc\u0131l\u0131\u011f\u0131\u2019n\u0131 harekete ge\u00e7irdi. Erzincan \u0130l Jandarma Komutanl\u0131\u011f\u0131\u2019na verilen istihbarat toplanma talimat\u0131 sonras\u0131, cemaatin kapal\u0131 bir yap\u0131ya sahip olmas\u0131 nedeniyle mahkemeden \u015f\u00fcphelilerin dinlenmesine ili\u015fkin karar al\u0131nd\u0131. \u00c7al\u0131\u015fmalar sonucu \u00f6rg\u00fct\u00fcn sadece Erzincan\u2019da de\u011fil yurt genelinde yap\u0131lanmaya gitti\u011fi sonucuna var\u0131ld\u0131. <!--more--><\/p>\n<p style=\"text-align: justify;\">Ge\u00e7en 23 \u015eubat\u2019ta jandarma taraf\u0131ndan Erzincan merkez ve il\u00e7elerde dini e\u011fitim veren vak\u0131flara y\u00f6nelik olarak d\u00fczenlenen operasyonda, 10\u2019u kad\u0131n toplam 29 ki\u015fi g\u00f6zalt\u0131na al\u0131nd\u0131. Erzincan Savc\u0131l\u0131\u011f\u0131&#8217;ndan ge\u00e7en \u015fubat ay\u0131nda yap\u0131lan a\u00e7\u0131klamada, okul \u00f6ncesi ve ilk\u00f6\u011fretim \u00e7a\u011f\u0131ndaki \u00e7ocuklara yasalara ayk\u0131r\u0131 olarak e\u011fitim veren 29 ki\u015finin, yard\u0131m toplama kanununa muhalefet, doland\u0131r\u0131c\u0131l\u0131k ve benzeri su\u00e7lardan g\u00f6zalt\u0131na al\u0131nd\u0131\u011f\u0131 belirtildi. Ayn\u0131 a\u00e7\u0131klamada, bu evlerde e\u011fitime al\u0131nan 4- 6 ya\u015f grubunda 63 \u00e7ocuk ile 15- 18 ya\u015f grubunda 11 gencin e\u011fitim g\u00f6rd\u00fc\u011f\u00fcn\u00fcn tespit edildi\u011fi ve \u00e7ocuklar\u0131n ailelerine teslim edildi\u011fi belirtildi.<\/p>\n<p style=\"text-align: justify;\">G\u00f6zalt\u0131na al\u0131nanlardan 20\u2019si serbest b\u0131rak\u0131l\u0131rken, 9 ki\u015fi tutuklanarak Erzincan Cezaevi\u2019ne g\u00f6nderildi. Tutuklananlardan 7\u2019si ge\u00e7en 29 Haziran\u2019da Erzincan\u2019da, 2\u2019si de Erzurum\u2019da bug\u00fcn \u00e7\u0131kar\u0131ld\u0131klar\u0131 mahkemenin verdi\u011fi ara karar\u0131 ile tutuksuz yarg\u0131lanmak \u00fczere serbest b\u0131rak\u0131ld\u0131.<\/p>\n<p style=\"text-align: justify;\"><strong><em>13 K\u0130\u015e\u0130YE DAVA<\/em><\/strong><\/p>\n<p style=\"text-align: justify;\">\u00d6zel Yetkili Erzurum Savc\u0131s\u0131, Erzincan\u2019da yakalananlardan 13 ki\u015fi hakk\u0131nda, \u2018cebir ve \u015fiddet kullanarak, T\u00fcrkiye Cumhuriyeti Anayasas\u0131n\u0131n \u00f6ng\u00f6rd\u00fc\u011f\u00fc d\u00fczeni ortadan kald\u0131rmaya veya bu d\u00fczen yerine ba\u015fka bir d\u00fczen getirmeye veya bu d\u00fczenin fiilen uygulanmas\u0131n\u0131 \u00f6nlemeye te\u015febb\u00fcs edenlere\u2019 y\u00f6nelik TCK\u2019n\u0131n 309\u2019uncu maddesi uyar\u0131nca \u00f6m\u00fcr boyu hapis istemiyle Erzurum 2\u2019nci A\u011f\u0131r Ceza Mahkemesi\u2019nde dava a\u00e7t\u0131. Tutuksuz 13 zanl\u0131n\u0131n ilk duru\u015fmas\u0131 1 Ekim 2009\u2019da yap\u0131lacak.<\/p>\n<p style=\"text-align: justify;\">Bu arada Erzurum Cumhuriyet Ba\u015fsavc\u0131l\u0131\u011f\u0131\u2019ndan yap\u0131lan yaz\u0131l\u0131 a\u00e7\u0131klamada bir ulusal gazetede \u2018Cemaatlere dokunulamad\u0131\u2019 ba\u015fl\u0131kl\u0131 haberin ger\u00e7e\u011fi yans\u0131tmad\u0131\u011f\u0131 belirtildi. A\u00e7\u0131klamada, \u015f\u00f6yle denildi:<\/p>\n<p style=\"text-align: justify;\">\u201cErzincan Cumhuriyet Ba\u015fsavc\u0131l\u0131\u011f\u0131&#8217;n\u0131n kamuoyunda \u0130smail A\u011fa olarak bilinen cemaat ile ilgili ba\u015flatt\u0131\u011f\u0131 soru\u015fturman\u0131n Erzurum \u00d6zel Yetkili Cumhuriyet Ba\u015fsavc\u0131l\u0131\u011f\u0131&#8217;nca engellenerek s\u00fcmen alt\u0131 yap\u0131ld\u0131\u011f\u0131 \u015feklinde kamuoyunu ger\u00e7e\u011fe ayk\u0131r\u0131 bilgilendiren bir haber yap\u0131lm\u0131\u015ft\u0131r. S\u00f6z konusu olay ile ilgili soru\u015fturma Erzincan Cumhuriyet Ba\u015fsavc\u0131l\u0131\u011f\u0131 taraf\u0131ndan g\u00f6revsizlikle CMK\u2019nun 250 madde ile yetkili Erzurum Cumhuriyet Ba\u015fsavc\u0131l\u0131\u011f\u0131&#8217;na g\u00f6nderildikten sonra yap\u0131lan soru\u015fturma neticesinde CMK\u2019nun 250 madde ile yetkili Cumhuriyet Ba\u015fsavc\u0131l\u0131\u011f\u0131m\u0131za da deliler topland\u0131ktan sonra ilgili ki\u015filer hakk\u0131nda \u00d6zel Yetkili Erzurum 2\u2019nci A\u011f\u0131r Ceza Mahkemesine kamu davas\u0131 a\u00e7\u0131lm\u0131\u015f olup, halen yarg\u0131lama mahkemesinde devam etmektedir. Soru\u015fturman\u0131n engellenmesi yada s\u00fcmenalt\u0131 edilmesi s\u00f6z konusu de\u011fildir.\u201d<\/p>\n<p style=\"text-align: justify;\"><span style=\"color: #888888;\">Kaynak : <a href=\"http:\/\/www.milliyet.com.tr\/Yasam\/SonDakika.aspx?aType=SonDakika&amp;ArticleID=1128077\" target=\"_blank\">Milliyet<\/a><\/span><\/p>\n","protected":false},"excerpt":{"rendered":"<p style=\"text-align: justify;\">\n<p style=\"text-align: justify;\">NAK\u015e\u0130BEND\u0130 tarikat\u0131n\u0131n kollar\u0131ndan \u0130smaila\u011fa Cemaati hakk\u0131nda, \u2018cebir ve \u015fiddet\u2019 ile \u2018kanuna ayk\u0131r\u0131 e\u011fitim yuvas\u0131 a\u00e7ma\u2019 su\u00e7lamas\u0131yla Erzurum 2\u2019nci A\u011f\u0131r Ceza Mahkemesinde tutuksuz yarg\u0131lanan 13 ki\u015fi hakk\u0131nda \u00f6m\u00fcr boyu hapis cezas\u0131 isteniyor.<\/p>\n<p style=\"text-align: justify;\">\u0130smaila\u011fa Cemaati&#8217;nin, il\u00e7e ve k\u00f6ylerde okul \u00f6ncesi \u00e7ocuklara Medine Vakf\u0131\u2019na ait evlerde yat\u0131l\u0131 olarak e\u011fitim verdi\u011fi ihbar\u0131 <\/p>\n","protected":false},"author":1,"featured_media":0,"comment_status":"open","ping_status":"closed","sticky":false,"template":"","format":"standard","meta":{"footnotes":""},"categories":[105],"tags":[],"class_list":["post-14349","post","type-post","status-publish","format-standard","hentry","category-gundem","odd"],"_links":{"self":[{"href":"http:\/\/www.korhanyilmaz.com\/index.php?rest_route=\/wp\/v2\/posts\/14349","targetHints":{"allow":["GET"]}}],"collection":[{"href":"http:\/\/www.korhanyilmaz.com\/index.php?rest_route=\/wp\/v2\/posts"}],"about":[{"href":"http:\/\/www.korhanyilmaz.com\/index.php?rest_route=\/wp\/v2\/types\/post"}],"author":[{"embeddable":true,"href":"http:\/\/www.korhanyilmaz.com\/index.php?rest_route=\/wp\/v2\/users\/1"}],"replies":[{"embeddable":true,"href":"http:\/\/www.korhanyilmaz.com\/index.php?rest_route=%2Fwp%2Fv2%2Fcomments&post=14349"}],"version-history":[{"count":0,"href":"http:\/\/www.korhanyilmaz.com\/index.php?rest_route=\/wp\/v2\/posts\/14349\/revisions"}],"wp:attachment":[{"href":"http:\/\/www.korhanyilmaz.com\/index.php?rest_route=%2Fwp%2Fv2%2Fmedia&parent=14349"}],"wp:term":[{"taxonomy":"category","embeddable":true,"href":"http:\/\/www.korhanyilmaz.com\/index.php?rest_route=%2Fwp%2Fv2%2Fcategories&post=14349"},{"taxonomy":"post_tag","embeddable":true,"href":"http:\/\/www.korhanyilmaz.com\/index.php?rest_route=%2Fwp%2Fv2%2Ftags&post=14349"}],"curies":[{"name":"wp","href":"https:\/\/api.w.org\/{rel}","templated":true}]}}