{"id":14344,"date":"2009-09-05T22:04:18","date_gmt":"2009-09-05T19:04:18","guid":{"rendered":"http:\/\/www.korhanyilmaz.com\/?p=14344"},"modified":"2009-09-05T22:04:18","modified_gmt":"2009-09-05T19:04:18","slug":"pamukogluacilimlarla-ayrisiyoruz","status":"publish","type":"post","link":"http:\/\/www.korhanyilmaz.com\/?p=14344","title":{"rendered":"Pamuko\u011flu:A\u00e7\u0131l\u0131mlarla ayr\u0131\u015f\u0131yoruz"},"content":{"rendered":"<p style=\"text-align: center;\"><a href=\"http:\/\/www.korhanyilmaz.com\/wp-content\/uploads\/2009\/09\/2009-09-06_130405.jpg\"  class=\"lightview\"><img loading=\"lazy\" decoding=\"async\" class=\"aligncenter size-full wp-image-14345\" src=\"http:\/\/www.korhanyilmaz.com\/wp-content\/uploads\/2009\/09\/2009-09-06_130405.jpg\" alt=\"\" width=\"443\" height=\"218\" \/><\/a><\/p>\n<p style=\"text-align: justify;\"><strong><em>Tart\u0131\u015farak \u00fclkeyi ayr\u0131\u015ft\u0131r\u0131yorlar<\/em><\/strong><\/p>\n<p style=\"text-align: justify;\">HEPAR Genel Ba\u015fkan\u0131 Osman Pamuko\u011flu, iktidar\u0131n s\u00f6zde K\u00fcrt ve Ermeni a\u00e7\u0131l\u0131mlar\u0131n\u0131, \u201cBunlar cini \u00e7\u0131kart\u0131yor\u201d s\u00f6zleriyle ele\u015ftirdi.<\/p>\n<p style=\"text-align: justify;\">Hak ve E\u015fitlik Partisi Genel Ba\u015fkan\u0131 Osman Pamuko\u011flu, AKP iktidar\u0131n\u0131n \u201ca\u00e7\u0131l\u0131m\u201d s\u00f6ylemlerinin bo\u015f oldu\u011funu ve s\u00fcrecin milli mesele olarak y\u00fcr\u00fct\u00fclmedi\u011fini s\u00f6yleyerek, \u201cbir siyasi irade, g\u00fc\u00e7l\u00fc ve milli irade olmadan; da\u011flar\u0131n nas\u0131l temizleyece\u011fini bilmeden bu sorunlar \u00e7\u00f6z\u00fclemez\u201d dedi. Pamuko\u011flu, partisinin birinci kurulu\u015f y\u0131l d\u00f6n\u00fcm\u00fc nedeniyle yapt\u0131\u011f\u0131 bas\u0131n a\u00e7\u0131klamas\u0131nda, AKP iktidar\u0131n\u0131n, Ermeni ve K\u00fcrt a\u00e7\u0131l\u0131mlar\u0131na sert tepki g\u00f6sterdi. \u201cBu \u00e7ift sarmal ve bat\u0131 destekli bir hareket. Laf\u0131 gevelemesinler\u201d diyen Pamuko\u011flu, bu s\u00fcre\u00e7ten bir sonu\u00e7 al\u0131namayaca\u011f\u0131n\u0131, sorunu halk\u0131n kararlar\u0131n\u0131n \u00e7\u00f6zebilece\u011fini belirterek, iktidar\u0131 referandum yapmaya \u00e7a\u011f\u0131rd\u0131.Da\u011flar ter\u00f6ristlerden temizlenmeden ter\u00f6r sorununun \u00e7\u00f6z\u00fclemeyece\u011fini vurgulayan Pamuko\u011flu, \u201cNeyin olaca\u011f\u0131n\u0131 ar\u0131yorlar. Bir k\u00f6rebe oyunu gibi. Bu b\u00f6yle olmaz neyin olmayaca\u011f\u0131n\u0131 bileceksin\u201d ifadelerni kulland\u0131.<!--more--><\/p>\n<p style=\"text-align: justify;\"><strong><em>DTP \u015f\u0131mar\u0131kl\u0131\u011f\u0131<\/em><\/strong><\/p>\n<p style=\"text-align: justify;\">\u201cDa\u011flarda 6-7 bin e\u015fk\u0131ya elinde silahla durur\u201d diyen Pamuko\u011flu \u015f\u00f6yle devam etti: \u201cKala\u015fnikoflarla   dola\u015f\u0131rken orada yap\u0131lan se\u00e7im sahtekarl\u0131\u011f\u0131 (kastetti\u011fim DTP denen parti. Yani \u00f6rg\u00fct\u00fcn siyasi uzant\u0131s\u0131 olan meclisteki partisini kastediyorum) da\u011flar\u0131 temizleyin bak\u0131n ne kadar oy alacaklar o b\u00f6lgeden. Halk\u0131n neyi isteyip istemedi\u011fini de referanduma giderle ve g\u00fcnlerini g\u00f6r\u00fcrler. Zaten bir sonu\u00e7 alamayacaklar. T\u00fcrban\u0131 a\u00e7t\u0131lar, K\u0131br\u0131s\u2019\u0131 a\u00e7t\u0131lar, son g\u00fcnlerde konu\u015fulan Ermeni s\u0131n\u0131r kap\u0131s\u0131 meselesini a\u00e7t\u0131lar hepsi yar\u0131m kald\u0131. Bumlar cini \u00e7\u0131kart\u0131yorlar ve asla geri g\u00f6nderemiyorlar. Tart\u0131\u015farak \u00fclkeyi ayr\u0131\u015ft\u0131r\u0131yorlar.\u201d Baz\u0131 DTP\u2019lilerin Diyarbak\u0131r\u2019daki mitingde yapt\u0131klar\u0131 konu\u015fmalar\u0131 da de\u011ferlendiren Pamuko\u011flu, \u201c\u015e\u0131mar\u0131kl\u0131\u011f\u0131n tavana vurmas\u0131d\u0131r. Bir ter\u00f6r \u00f6rg\u00fct\u00fcne destek sadece silah sa\u011flamakla olmaz, onlar\u0131n d\u00fc\u015f\u00fcncelerine uyan yaz\u0131 yazmak, konu\u015fmak da ter\u00f6r \u00f6rg\u00fct\u00fcne yard\u0131m ve yatakl\u0131k etmek demektir\u201d dedi.<\/p>\n<p style=\"text-align: justify;\"><span style=\"color: #888888;\">Haber : S\u00fcmeyra YILMAZ &#8211; <a href=\"http:\/\/www.yenicaggazetesi.com.tr\/haberdetay.php?hit=22654\" target=\"_blank\">yenicaggazetesi.com.tr<\/a><\/span><\/p>\n","protected":false},"excerpt":{"rendered":"<p style=\"text-align: center;\">\n<p style=\"text-align: justify;\">Tart\u0131\u015farak \u00fclkeyi ayr\u0131\u015ft\u0131r\u0131yorlar<\/p>\n<p style=\"text-align: justify;\">HEPAR Genel Ba\u015fkan\u0131 Osman Pamuko\u011flu, iktidar\u0131n s\u00f6zde K\u00fcrt ve Ermeni a\u00e7\u0131l\u0131mlar\u0131n\u0131, \u201cBunlar cini \u00e7\u0131kart\u0131yor\u201d s\u00f6zleriyle ele\u015ftirdi.<\/p>\n<p style=\"text-align: justify;\">Hak ve E\u015fitlik Partisi Genel Ba\u015fkan\u0131 Osman Pamuko\u011flu, AKP iktidar\u0131n\u0131n \u201ca\u00e7\u0131l\u0131m\u201d s\u00f6ylemlerinin bo\u015f oldu\u011funu ve s\u00fcrecin milli mesele olarak y\u00fcr\u00fct\u00fclmedi\u011fini s\u00f6yleyerek, \u201cbir siyasi irade, g\u00fc\u00e7l\u00fc ve milli <\/p>\n","protected":false},"author":1,"featured_media":0,"comment_status":"open","ping_status":"closed","sticky":false,"template":"","format":"standard","meta":{"footnotes":""},"categories":[105],"tags":[],"class_list":["post-14344","post","type-post","status-publish","format-standard","hentry","category-gundem","odd"],"_links":{"self":[{"href":"http:\/\/www.korhanyilmaz.com\/index.php?rest_route=\/wp\/v2\/posts\/14344","targetHints":{"allow":["GET"]}}],"collection":[{"href":"http:\/\/www.korhanyilmaz.com\/index.php?rest_route=\/wp\/v2\/posts"}],"about":[{"href":"http:\/\/www.korhanyilmaz.com\/index.php?rest_route=\/wp\/v2\/types\/post"}],"author":[{"embeddable":true,"href":"http:\/\/www.korhanyilmaz.com\/index.php?rest_route=\/wp\/v2\/users\/1"}],"replies":[{"embeddable":true,"href":"http:\/\/www.korhanyilmaz.com\/index.php?rest_route=%2Fwp%2Fv2%2Fcomments&post=14344"}],"version-history":[{"count":0,"href":"http:\/\/www.korhanyilmaz.com\/index.php?rest_route=\/wp\/v2\/posts\/14344\/revisions"}],"wp:attachment":[{"href":"http:\/\/www.korhanyilmaz.com\/index.php?rest_route=%2Fwp%2Fv2%2Fmedia&parent=14344"}],"wp:term":[{"taxonomy":"category","embeddable":true,"href":"http:\/\/www.korhanyilmaz.com\/index.php?rest_route=%2Fwp%2Fv2%2Fcategories&post=14344"},{"taxonomy":"post_tag","embeddable":true,"href":"http:\/\/www.korhanyilmaz.com\/index.php?rest_route=%2Fwp%2Fv2%2Ftags&post=14344"}],"curies":[{"name":"wp","href":"https:\/\/api.w.org\/{rel}","templated":true}]}}