{"id":14317,"date":"2009-09-05T22:05:12","date_gmt":"2009-09-05T19:05:12","guid":{"rendered":"http:\/\/www.korhanyilmaz.com\/?p=14317"},"modified":"2009-09-05T22:05:12","modified_gmt":"2009-09-05T19:05:12","slug":"14317","status":"publish","type":"post","link":"http:\/\/www.korhanyilmaz.com\/?p=14317","title":{"rendered":"Trabzon&#039;da Pontus A\u00e7\u0131l\u0131m\u0131"},"content":{"rendered":"<p style=\"text-align: center;\"><a href=\"http:\/\/www.korhanyilmaz.com\/wp-content\/uploads\/2009\/09\/2009-09-06_101408.jpg\"  class=\"lightview\"><img loading=\"lazy\" decoding=\"async\" class=\"size-full wp-image-14326 aligncenter\" src=\"http:\/\/www.korhanyilmaz.com\/wp-content\/uploads\/2009\/09\/2009-09-06_101408.jpg\" alt=\"\" width=\"442\" height=\"212\" \/><\/a><\/p>\n<p style=\"text-align: justify;\">S\u00fcmela\u2019daki Rum tahrikleri sonras\u0131 Vali K\u0131z\u0131lc\u0131k\u2019\u0131n \u2018manast\u0131r\u0131 ibadete a\u00e7ma\u2019 giri\u015fimi, kenti aya\u011fa kald\u0131rd\u0131.<\/p>\n<p style=\"text-align: justify;\"><strong><em>\u00c7ok garip \u015feyler oluyor!<\/em><\/strong><\/p>\n<p style=\"text-align: justify;\">KISA bir s\u00fcre \u00f6nce Rum ve Rus turistlerin S\u00fcmela\u2019da ayin d\u00fczenlemeye kalk\u0131\u015fmas\u0131 sonras\u0131 Trabzon\u2019da garip \u015feyler olmaya ba\u015flad\u0131. Kentin yeni valisi Recep K\u0131z\u0131lc\u0131k, halen m\u00fcze olarak ziyarete a\u00e7\u0131k bulunan S\u00fcmela Manast\u0131r\u0131\u2019n\u0131n ibadete a\u00e7\u0131lmas\u0131 i\u00e7in giri\u015fimde bulunaca\u011f\u0131n\u0131 a\u00e7\u0131klad\u0131. Valinin a\u00e7\u0131klamas\u0131 Trabzon\u2019u kart\u0131\u015ft\u0131rd\u0131.<!--more--><\/p>\n<p style=\"text-align: justify;\">\n<p><a title=\"Trabzon Valisi Recep K\u0131z\u0131lc\u0131k\" href=\"http:\/\/www.korhanyilmaz.com\/wp-content\/uploads\/2009\/09\/recep_kizicik.jpg\"  class=\"lightview\"><img loading=\"lazy\" decoding=\"async\" class=\"size-full wp-image-14318 alignleft\" style=\"margin: 0px 10px;\" title=\"Trabzon Valisi Recep K\u0131z\u0131lc\u0131k\" src=\"http:\/\/www.korhanyilmaz.com\/wp-content\/uploads\/2009\/09\/recep_kizicik.jpg\" alt=\"Recep K\u0131z\u0131lc\u0131k\" width=\"78\" height=\"102\" \/><\/a><\/p>\n<p style=\"text-align: justify;\"><strong><em>AB toplant\u0131s\u0131na rapor&#8230;<\/em><\/strong><\/p>\n<p style=\"text-align: justify;\">\n<p style=\"text-align: justify;\">YARIN Trabzon\u2019da yap\u0131lacak AB Reform \u0130zleme Grubu toplant\u0131s\u0131 i\u00e7in kente gelecek olan h\u00fck\u00fcmet \u00fcyelerine konuyla ilgili bir rapor sunaca\u011f\u0131n\u0131 bildiren valiye siyaset, diyanet ve bilim \u00e7evrelerinden tepki ya\u011fd\u0131. Valinin \u201cDaha \u00e7ok turist \u00e7ekeriz\u201d gerek\u00e7esi de Trabzon halk\u0131n\u0131n ve sivil toplum kurulu\u015flar\u0131n\u0131n \u00f6fkesini dindirmedi.<\/p>\n<p style=\"text-align: justify;\"><strong><em>Bu valinin de\u011fil daha \u00fcstten birinin fikridir!<\/em><\/strong><\/p>\n<p style=\"text-align: justify;\">MHP Trabzon Milletvekili S\u00fcleyman Latif Yunuso\u011flu, valiye bask\u0131 oldu\u011funu d\u00fc\u015f\u00fcnd\u00fc\u011f\u00fcn\u00fc s\u00f6yledi: Turist ziyaret yapar, ayin yapamaz. Zaten Trabzon halk\u0131 buna izin vermez. Valiyle mutlaka g\u00f6r\u00fc\u015fece\u011fim.<\/p>\n<p style=\"text-align: justify;\"><em><strong>Biz istesek Selanik\u2019te namaz k\u0131labilir miyiz? <\/strong><\/em><\/p>\n<p style=\"text-align: justify;\">\n<p><a title=\"CHP Antalya Milletvekili H\u00fcsn\u00fc \u00c7\u00f6ll\u00fc\" href=\"http:\/\/www.korhanyilmaz.com\/wp-content\/uploads\/2009\/09\/h\u00fcsn\u00fc-collu.jpg\"  class=\"lightview\"><img loading=\"lazy\" decoding=\"async\" class=\"size-full wp-image-14319 alignleft\" style=\"margin: 0px 10px;\" title=\"CHP Antalya Milletvekili H\u00fcsn\u00fc \u00c7\u00f6ll\u00fc\" src=\"http:\/\/www.korhanyilmaz.com\/wp-content\/uploads\/2009\/09\/h\u00fcsn\u00fc-collu.jpg\" alt=\"H\u00fcsn\u00fc \u00c7\u00f6ll\u00fc\" width=\"76\" height=\"86\" \/><\/a><\/p>\n<p style=\"text-align: justify;\">\n<p style=\"text-align: justify;\">CHP Antalya Milletvekili H\u00fcsn\u00fc \u00c7\u00f6ll\u00fc, Ba\u015fbakan Erdo\u011fan\u2019\u0131n yan\u0131tlamas\u0131 istemiyle bir soru \u00f6nergesi verdi: S\u00fcmela ibadete a\u00e7\u0131lacak m\u0131? \u00c7al\u0131\u015fma var m\u0131? A\u00e7\u0131lmas\u0131n\u0131n faydal\u0131 olaca\u011f\u0131 g\u00f6r\u00fc\u015f\u00fcnde misiniz?<\/p>\n<p style=\"text-align: justify;\"><strong><em>T\u00fcrk Diyanet Vak\u0131f-Sen: Vali bir an \u00f6nce akl\u0131n\u0131 ba\u015f\u0131na als\u0131n<\/em><\/strong><\/p>\n<p style=\"text-align: justify;\">\u201cG\u0130R\u0130\u015e\u0130M, Pontus devletinin alt yap\u0131s\u0131n\u0131 olu\u015fturmaya y\u00f6nelik. T\u00fcrk Milleti i\u011fdi\u015f edilmek isteniyor. Trabzon halk\u0131n\u0131 \u00e7\u0131ld\u0131rtmas\u0131nlar. Bedeli a\u011f\u0131r olur.\u201d<\/p>\n<p style=\"text-align: justify;\"><strong><em>S\u00fcmela Manast\u0131r\u0131\u2019n\u0131 bilerek siyasi simge haline getirdiler<\/em><\/strong><\/p>\n<p style=\"text-align: justify;\">KT\u00dc Tarih B\u00f6l\u00fcm\u00fc \u00d6\u011fretim \u00dcyesi Do\u00e7. Dr. \u0130brahim Tellio\u011flu: S\u00fcmela Manast\u0131r\u0131, bug\u00fcn belirli \u00e7evreler taraf\u0131ndan siyasi bir simge haline getirildi.<\/p>\n<p style=\"text-align: justify;\"><strong><em>Venizelos\u2019u durdurduk ayn\u0131s\u0131n\u0131 yine yapar\u0131z<\/em><\/strong><\/p>\n<p style=\"text-align: justify;\">Tarihi S\u00fcmela Manast\u0131r\u0131\u2019n\u0131n ibadete a\u00e7\u0131lmas\u0131 i\u00e7in resmi giri\u015fimlerde bulunaca\u011f\u0131n\u0131 a\u00e7\u0131klayan yeni Vali K\u0131z\u0131lc\u0131k, Trabzon\u2019u aya\u011fa kald\u0131rd\u0131. Kentteki siyasiler ve sivil toplum kurulu\u015flar\u0131 Vali\u2019yi topa tuttu.<\/p>\n<p style=\"text-align: justify;\"><strong><em>Trabzon halk\u0131 bu konuda hassast\u0131r<\/em><\/strong><\/p>\n<p style=\"text-align: justify;\">\n<p><a title=\"MHP Trabzon Milletvekili S\u00fcleyman Latif Yunuso\u011flu\" href=\"http:\/\/www.korhanyilmaz.com\/wp-content\/uploads\/2009\/09\/Suleyman.jpg\"  class=\"lightview\"><img loading=\"lazy\" decoding=\"async\" class=\"size-full wp-image-14320 alignleft\" style=\"margin: 0px 10px;\" title=\"MHP Trabzon Milletvekili S\u00fcleyman Latif Yunuso\u011flu\" src=\"http:\/\/www.korhanyilmaz.com\/wp-content\/uploads\/2009\/09\/Suleyman.jpg\" alt=\"S\u00fcleyman Latif Yunuso\u011flu\" width=\"87\" height=\"97\" \/><\/a><\/p>\n<p style=\"text-align: justify;\">\n<p style=\"text-align: justify;\">MHP Trabzon Milletvekili S\u00fcleyman Latif Yunuso\u011flu: \u201cTrabzon halk\u0131 bu konuda hassast\u0131r ve bu t\u00fcr giri\u015fimlere meydan vermez. T\u00fcrkiye\u2019nin kanunlar\u0131 var. Ayasofya\u2019da namaz k\u0131l\u0131nmas\u0131na izin verilmeyece\u011fine g\u00f6re S\u00fcmela\u2019da da ayin yap\u0131lmas\u0131na izin verilmemesi laz\u0131m. \u00c7\u00fcnk\u00fc buras\u0131 m\u00fcze stat\u00fcs\u00fcndedir. Turist kazand\u0131rmak i\u00e7in ba\u015fka yollar vard\u0131r. O yollar denenir. Turistler yine ziyaretlerini yaparlar. Ayin yapamazlar. Yoksa Trabzon halk\u0131 buna \u015fiddetle kar\u015f\u0131 gelir. Daha \u00f6nce nas\u0131l ki Venizelos gemisiyle Trabzon Liman\u0131\u2019na gelenler gemiden indirilmemi\u015fse bug\u00fcn yine ayn\u0131s\u0131 yap\u0131l\u0131r. Trabzon halk\u0131 bu konuda hassast\u0131r. Ancak, \u00f6yle g\u00f6r\u00fcl\u00fcyor ki Vali\u2019ye yukar\u0131dan bir bask\u0131 var. Kendisiyle mutlaka g\u00f6r\u00fc\u015fece\u011fim.\u201d<\/p>\n<p style=\"text-align: center;\"><a title=\"S\u00fcmela Manast\u0131r\u0131\u2019nda ayin yapmak isteyen G\u00fcrc\u00fc, Rus ve Yunanl\u0131 Rumlara Trabzon M\u00fcze M\u00fcd\u00fcr\u00fc Nilg\u00fcn Y\u0131lmazer izin vermeyince tart\u0131\u015fma \u00e7\u0131km\u0131\u015ft\u0131. Y\u0131lmazer yak\u0131lan mumlar\u0131 da s\u00f6nd\u00fcrtm\u00fc\u015ft\u00fc.\" href=\"http:\/\/www.korhanyilmaz.com\/wp-content\/uploads\/2009\/09\/8707.jpg\"  class=\"lightview\"><img loading=\"lazy\" decoding=\"async\" class=\"aligncenter size-full wp-image-14321\" src=\"http:\/\/www.korhanyilmaz.com\/wp-content\/uploads\/2009\/09\/8707.jpg\" alt=\"8707\" width=\"315\" height=\"273\" \/><\/a><em><span style=\"color: #888888;\">S\u00fcmela Manast\u0131r\u0131\u2019nda ayin yapmak isteyen G\u00fcrc\u00fc, Rus ve Yunanl\u0131 Rumlara Trabzon M\u00fcze M\u00fcd\u00fcr\u00fc Nilg\u00fcn Y\u0131lmazer izin vermeyince tart\u0131\u015fma \u00e7\u0131km\u0131\u015ft\u0131. Y\u0131lmazer yak\u0131lan mumlar\u0131 da s\u00f6nd\u00fcrtm\u00fc\u015ft\u00fc (\u00fcstte).<\/span><\/em><\/p>\n<p style=\"text-align: justify;\"><em><strong>Pontus devletinin alt yap\u0131s\u0131 m\u0131 haz\u0131rlan\u0131yor? <\/strong><\/em><\/p>\n<p><a title=\"T\u00fcrk Diyanet Vak\u0131f-Sen Genel Ba\u015fkan\u0131 Haz\u0131m Zeki Sergi\" href=\"http:\/\/www.korhanyilmaz.com\/wp-content\/uploads\/2009\/09\/haz\u0131m.jpg\"  class=\"lightview\"><img loading=\"lazy\" decoding=\"async\" class=\"size-full wp-image-14322 alignleft\" style=\"margin: 0px 10px;\" title=\"T\u00fcrk Diyanet Vak\u0131f-Sen Genel Ba\u015fkan\u0131 Haz\u0131m Zeki Sergi\" src=\"http:\/\/www.korhanyilmaz.com\/wp-content\/uploads\/2009\/09\/haz\u0131m.jpg\" alt=\"T\u00fcrk Diyanet Vak\u0131f-Sen Genel Ba\u015fkan\u0131 Haz\u0131m Zeki Sergi\" width=\"76\" height=\"100\" \/><\/a><\/p>\n<p style=\"text-align: justify;\">T\u00fcrk Diyanet Vak\u0131f-Sen Genel Ba\u015fkan\u0131 Haz\u0131m Zeki Sergi: Belli \u00f6zellikleri ile milli ve dini duygular\u0131 yo\u011fun ya\u015fayan Trabzon bilerek se\u00e7ilmi\u015ftir. Giri\u015fimler Pontus devletinin alt yap\u0131s\u0131n\u0131 olu\u015fturmaya y\u00f6neliktir. Trabzon M\u00fcze M\u00fcd\u00fcr\u00fc Nilg\u00fcn Y\u0131lmazer\u2019i bu cesaretinden dolay\u0131 kutluyorum. Onu yaln\u0131z b\u0131rakan Valili\u011fi ve h\u00fck\u00fcmeti de k\u0131n\u0131yorum. Trabzon Valisini akl\u0131n\u0131 ba\u015f\u0131na almaya davet ediyoruz. Trabzon belli \u00f6zellikleri olan, dini ve milli duygular\u0131 yo\u011fun bir \u015fekilde ya\u015fayan bir \u015fehrimiz. Trabzon halk\u0131n\u0131 \u00e7\u0131ld\u0131rtmas\u0131nlar. Bedeli a\u011f\u0131r olur. Pontus devletini ilan etmek i\u00e7in alt yap\u0131 m\u0131 olu\u015fturmak istiyorlar? Devletin bu noktadaki sessizli\u011fi bizi \u00fcz\u00fcyor. B\u00f6yle bir devlet olmaz. Devlet devletli\u011fini bilsin. Oras\u0131 bir \u00f6ren yeridir.\u201d<\/p>\n<p style=\"text-align: justify;\"><strong><em>Vali iktidar\u0131n isteklerini yerine getiriyor<\/em><\/strong><\/p>\n<p><a title=\"MHP Trabzon \u0130l Ba\u015fkan\u0131 Nihat Birinci\" href=\"http:\/\/www.korhanyilmaz.com\/wp-content\/uploads\/2009\/09\/nihat.jpg\"  class=\"lightview\"><img loading=\"lazy\" decoding=\"async\" class=\"size-full wp-image-14323 alignright\" style=\"margin: 0px 10px;\" title=\"MHP Trabzon \u0130l Ba\u015fkan\u0131 Nihat Birinci\" src=\"http:\/\/www.korhanyilmaz.com\/wp-content\/uploads\/2009\/09\/nihat.jpg\" alt=\"Nihat Birinci\" width=\"79\" height=\"124\" \/><\/a><\/p>\n<p style=\"text-align: justify;\">\n<p style=\"text-align: justify;\">\n<p style=\"text-align: justify;\">MHP Trabzon \u0130l Ba\u015fkan\u0131 Nihat Birinci: \u201cTrabzon Valisi b\u00fcy\u00fck ihtimalle iktidar taraf\u0131ndan uyar\u0131ld\u0131. Vali iktidar\u0131n isteklerini yerine getirmek \u00fczere bu giri\u015fimde bulunabilir. MHP olarak \u00f6nceki konularda nas\u0131l bir duru\u015f ve hassasiyet sergilediysek bu konuda da dik duru\u015fumuzu g\u00f6sterece\u011fiz. \u00c7\u00fcnk\u00fc T\u00fcrkiye bug\u00fcn \u00e7ok \u00f6nemli kritik bir d\u00f6nemden ge\u00e7iyor.<\/p>\n<p style=\"text-align: justify;\"><strong><em>S\u00fcmela siyasi simge haline getirildi <\/em><\/strong><\/p>\n<p style=\"text-align: justify;\">\n<p><a title=\"Karadeniz Teknik \u00dcniversitesi Fen Edebiyat Fak\u00fcltesi Tarih B\u00f6l\u00fcm\u00fc \u00d6\u011fretim \u00dcyesi Do\u00e7. Dr. \u0130brahim Tellio\u011flu\" href=\"http:\/\/www.korhanyilmaz.com\/wp-content\/uploads\/2009\/09\/ibrahim.jpg\"  class=\"lightview\"><img loading=\"lazy\" decoding=\"async\" class=\"size-full wp-image-14324 alignleft\" style=\"margin: 0px 10px;\" title=\"Karadeniz Teknik \u00dcniversitesi Fen Edebiyat Fak\u00fcltesi Tarih B\u00f6l\u00fcm\u00fc \u00d6\u011fretim \u00dcyesi Do\u00e7. Dr. \u0130brahim Tellio\u011flu\" src=\"http:\/\/www.korhanyilmaz.com\/wp-content\/uploads\/2009\/09\/ibrahim.jpg\" alt=\" Do\u00e7. Dr. \u0130brahim Tellio\u011flu\" width=\"76\" height=\"109\" \/><\/a><\/p>\n<p style=\"text-align: justify;\">\n<p style=\"text-align: justify;\">Karadeniz Teknik \u00dcniversitesi Fen Edebiyat Fak\u00fcltesi Tarih B\u00f6l\u00fcm\u00fc \u00d6\u011fretim \u00dcyesi Do\u00e7. Dr. \u0130brahim Tellio\u011flu: \u201cS\u00fcmela Manast\u0131r\u0131 bug\u00fcn belirli \u00e7evreler taraf\u0131ndan siyasi bir simge haline getirildi. Manast\u0131r Hristiyan d\u00fcnyas\u0131 i\u00e7in \u00f6nemli bir inan\u00e7 merkezi de\u011fildir. S\u00fcmela Manast\u0131r\u0131n\u0131n tarih boyunca b\u00f6yle bir \u00f6zelli\u011fi olmam\u0131\u015ft\u0131r. S\u00fcmela Manast\u0131r\u0131ndaki ayin tart\u0131\u015fmalar\u0131n\u0131n temelinde neyin yatt\u0131\u011f\u0131n\u0131n \u00e7ok iyi bir \u015fekilde irdelenmesi gerekiyor.\u201d<\/p>\n<p style=\"text-align: justify;\"><strong><em>\u00d6nce Selanik\u2019teki camilerimizi ibadete a\u00e7s\u0131nlar<a title=\"CHP Antalya Milletvekili H\u00fcsn\u00fc \u00c7\u00f6ll\u00fc\" href=\"http:\/\/www.korhanyilmaz.com\/wp-content\/uploads\/2009\/09\/h\u00fcsn\u00fc-collu1.jpg\"  class=\"lightview\"><img loading=\"lazy\" decoding=\"async\" class=\"alignright size-full wp-image-14334\" style=\"margin: 0px 10px;\" title=\"CHP Antalya Milletvekili H\u00fcsn\u00fc \u00c7\u00f6ll\u00fc\" src=\"http:\/\/www.korhanyilmaz.com\/wp-content\/uploads\/2009\/09\/h\u00fcsn\u00fc-collu1.jpg\" alt=\"CHP Antalya Milletvekili H\u00fcsn\u00fc \u00c7\u00f6ll\u00fc\" width=\"95\" height=\"107\" \/><\/a><\/em><\/strong><\/p>\n<p style=\"text-align: justify;\">\n<p style=\"text-align: justify;\">S\u00fcmela\u2019n\u0131n ibadete a\u00e7\u0131lmas\u0131na y\u00f6nelik Trabzon Valisi K\u0131z\u0131lc\u0131k\u2019\u0131n giri\u015fimlerine bir ba\u015fka  tepki de CHP Antalya Milletvekili H\u00fcsn\u00fc \u00c7\u00f6ll\u00fc\u2019den geldi. Konuya b\u00fcy\u00fck bir hassasiyetle yakla\u015fan \u00c7\u00f6ll\u00fc, \u00f6nceki g\u00fcn Meclis Ba\u015fkanl\u0131\u011f\u0131\u2019na Ba\u015fbakan Erdo\u011fan\u2019\u0131n yan\u0131tlamas\u0131 istemiyle verdi\u011fi soru \u00f6nergesiyle S\u00fcmela\u2019n\u0131n ibadete a\u00e7\u0131lmas\u0131na ili\u015fkin bir \u00e7al\u0131\u015fma yap\u0131l\u0131p yap\u0131lmad\u0131\u011f\u0131n\u0131 sordu. S\u00fcmela\u2019n\u0131n ibadete a\u00e7\u0131lmas\u0131 i\u00e7in a\u00e7\u0131l\u0131m getirenlerin yar\u0131n Ayasofya M\u00fczesi\u2019nin ibadete a\u00e7\u0131lmas\u0131 i\u00e7in de yeni bir giri\u015fim ba\u015flataca\u011f\u0131n\u0131 vurgulayarak, s\u00fcreci \u00e7ok tehlikeli buldu\u011funu kaydeden \u00c7\u00f6ll\u00fc, \u201cM\u00fczeler, \u00f6ren yerleri olarak nitelenmi\u015f ya da nitelenmemi\u015f. Selanik\u2019te de camilerimiz var ama bunlar kapal\u0131. O zaman bu camileri de ibadete a\u00e7s\u0131nlar\u201d diye konu\u015ftu.<\/p>\n<p style=\"text-align: justify;\"><span style=\"color: #888888;\">Haber : \u00d6nsel \u00dcnal &#8211; <a href=\"http:\/\/www.yenicaggazetesi.com.tr\/haberdetay.php?hit=22652\" target=\"_blank\">yenicaggazetesi.com.tr<\/a><\/span><\/p>\n","protected":false},"excerpt":{"rendered":"<p style=\"text-align: center;\">\n<p style=\"text-align: justify;\">S\u00fcmela\u2019daki Rum tahrikleri sonras\u0131 Vali K\u0131z\u0131lc\u0131k\u2019\u0131n \u2018manast\u0131r\u0131 ibadete a\u00e7ma\u2019 giri\u015fimi, kenti aya\u011fa kald\u0131rd\u0131.<\/p>\n<p style=\"text-align: justify;\">\u00c7ok garip \u015feyler oluyor!<\/p>\n<p style=\"text-align: justify;\">KISA bir s\u00fcre \u00f6nce Rum ve Rus turistlerin S\u00fcmela\u2019da ayin d\u00fczenlemeye kalk\u0131\u015fmas\u0131 sonras\u0131 Trabzon\u2019da garip \u015feyler olmaya ba\u015flad\u0131. Kentin yeni valisi Recep K\u0131z\u0131lc\u0131k, halen m\u00fcze olarak ziyarete a\u00e7\u0131k bulunan <\/p>\n","protected":false},"author":1,"featured_media":0,"comment_status":"open","ping_status":"closed","sticky":false,"template":"","format":"standard","meta":{"footnotes":""},"categories":[105],"tags":[],"class_list":["post-14317","post","type-post","status-publish","format-standard","hentry","category-gundem","odd"],"_links":{"self":[{"href":"http:\/\/www.korhanyilmaz.com\/index.php?rest_route=\/wp\/v2\/posts\/14317","targetHints":{"allow":["GET"]}}],"collection":[{"href":"http:\/\/www.korhanyilmaz.com\/index.php?rest_route=\/wp\/v2\/posts"}],"about":[{"href":"http:\/\/www.korhanyilmaz.com\/index.php?rest_route=\/wp\/v2\/types\/post"}],"author":[{"embeddable":true,"href":"http:\/\/www.korhanyilmaz.com\/index.php?rest_route=\/wp\/v2\/users\/1"}],"replies":[{"embeddable":true,"href":"http:\/\/www.korhanyilmaz.com\/index.php?rest_route=%2Fwp%2Fv2%2Fcomments&post=14317"}],"version-history":[{"count":0,"href":"http:\/\/www.korhanyilmaz.com\/index.php?rest_route=\/wp\/v2\/posts\/14317\/revisions"}],"wp:attachment":[{"href":"http:\/\/www.korhanyilmaz.com\/index.php?rest_route=%2Fwp%2Fv2%2Fmedia&parent=14317"}],"wp:term":[{"taxonomy":"category","embeddable":true,"href":"http:\/\/www.korhanyilmaz.com\/index.php?rest_route=%2Fwp%2Fv2%2Fcategories&post=14317"},{"taxonomy":"post_tag","embeddable":true,"href":"http:\/\/www.korhanyilmaz.com\/index.php?rest_route=%2Fwp%2Fv2%2Ftags&post=14317"}],"curies":[{"name":"wp","href":"https:\/\/api.w.org\/{rel}","templated":true}]}}