{"id":14314,"date":"2009-09-05T23:09:37","date_gmt":"2009-09-05T21:09:37","guid":{"rendered":"http:\/\/www.korhanyilmaz.com\/?p=14314"},"modified":"2009-09-05T23:09:37","modified_gmt":"2009-09-05T21:09:37","slug":"bahceli-hukumeti-topa-tuttu","status":"publish","type":"post","link":"http:\/\/www.korhanyilmaz.com\/?p=14314","title":{"rendered":"Bah\u00e7eli h\u00fck\u00fcmeti topa tuttu"},"content":{"rendered":"<p style=\"text-align: center;\"><a href=\"http:\/\/www.korhanyilmaz.com\/wp-content\/uploads\/2009\/09\/2009-09-06_100920.jpg\"  class=\"lightview\"><img loading=\"lazy\" decoding=\"async\" class=\"aligncenter size-full wp-image-14315\" src=\"http:\/\/www.korhanyilmaz.com\/wp-content\/uploads\/2009\/09\/2009-09-06_100920.jpg\" alt=\"\" width=\"446\" height=\"221\" \/><\/a><\/p>\n<p style=\"text-align: justify;\"><strong><em>Teslimiyet halindeler<\/em><\/strong><\/p>\n<p style=\"text-align: justify;\">Bah\u00e7eli: \u0130\u00e7ten ve d\u0131\u015ftan gelen bask\u0131 ve telkinler kar\u015f\u0131s\u0131nda tam bir teslimiyet hali g\u00f6steren H\u00fck\u00fcmet, millet ve devlet hayat\u0131m\u0131z\u0131n b\u00fct\u00fcn diren\u00e7 ve emniyet mekanizmalar\u0131n\u0131 zay\u0131flatmaya \u00e7al\u0131\u015fm\u0131\u015ft\u0131r.<\/p>\n<p style=\"text-align: justify;\">MHP Genel Ba\u015fkan\u0131 Devlet Bah\u00e7eli, \u201c60. H\u00fck\u00fcmetin 2. y\u0131l\u0131 dolay\u0131s\u0131yla\u201d yaz\u0131l\u0131 bir a\u00e7\u0131klama yapt\u0131. Bah\u00e7eli, a\u00e7\u0131klamada, AKP\u2019nin \u201cgerilim, tart\u0131\u015fma ve \u00e7at\u0131\u015fmaya dayal\u0131 kutupla\u015fma siyasetine h\u0131z verdi\u011fini\u201d s\u00f6yleyerek \u201c\u0130\u00e7ten ve d\u0131\u015ftan gelen bask\u0131 ve telkinler kar\u015f\u0131s\u0131nda tam bir teslimiyet hali g\u00f6steren h\u00fck\u00fcmet, millet ve devlet hayat\u0131m\u0131z\u0131n b\u00fct\u00fcn diren\u00e7 ve emniyet mekanizmalar\u0131n\u0131 zay\u0131flatmaya \u00e7al\u0131\u015fm\u0131\u015ft\u0131r\u201d dedi. Bah\u00e7eli \u00f6zetle \u015funlar\u0131 s\u00f6yledi: <!--more--><\/p>\n<p style=\"text-align: justify;\"><strong><em>Siyasi \u00e7\u00f6z\u00fcm tezgah\u0131<\/em><\/strong><\/p>\n<p style=\"text-align: justify;\">l H\u00fck\u00fcmet bu d\u00f6nemde silahl\u0131 ter\u00f6ristle pazarl\u0131k a\u015famas\u0131na ge\u00e7mi\u015f, \u0130mral\u0131 ve Kandil, h\u00fck\u00fcmetin i\u015fbirli\u011fi yapt\u0131\u011f\u0131 adresler aras\u0131na girmi\u015ftir. Siyasi \u00e7\u00f6z\u00fcm ad\u0131 alt\u0131nda tezgah alt\u0131 g\u00f6r\u00fc\u015fmeler bir yandan devam ederken b\u00f6l\u00fcc\u00fc ter\u00f6r de da\u011fda kanl\u0131 eylemlerini, \u015fehirde ihanet provalar\u0131n\u0131 s\u00fcrd\u00fcrm\u00fc\u015ft\u00fcr. Su\u00e7 olan b\u00f6l\u00fcc\u00fc tasavvurlar ve giri\u015fimler y\u0131llar sonra el de\u011fi\u015ftirerek AKP taraf\u0131ndan temsil edilmeye ba\u015flanm\u0131\u015ft\u0131r. Etnik b\u00f6l\u00fcc\u00fcl\u00fc\u011f\u00fcn siyasi arenaya ta\u015f\u0131nmas\u0131 ve b\u00f6l\u00fcc\u00fc ter\u00f6r\u00fcn kanl\u0131 y\u00fcz\u00fcn\u00fcn yeni bir maske ile T\u00fcrkiye\u2019nin kar\u015f\u0131s\u0131na \u00e7\u0131kar\u0131lmas\u0131 i\u00e7in \u2019a\u00e7\u0131l\u0131m\u2019, ve \u2019f\u0131rsat\u2019ad\u0131 alt\u0131nda seferberlik ba\u015flat\u0131lm\u0131\u015ft\u0131r. Etnik kimlikler ka\u015f\u0131narak tahrik edilmi\u015f ve milletimizi \u00f6nce otuz alt\u0131ya b\u00f6len ba\u015fbakan sonra \u2019biriz, beraberiz\u2019 diyerek b\u00f6l\u00fcnerek b\u00fct\u00fcnle\u015fme gibi bir mant\u0131k garabetini savunmu\u015ftur.<\/p>\n<p style=\"text-align: justify;\"><strong><em>Nifak tohumlar\u0131 at\u0131l\u0131yor<\/em><\/strong><\/p>\n<p style=\"text-align: justify;\">* ABD\u2019nin deste\u011fi, AB\u2019nin himayesi ve AKP\u2019nin vesayeti alt\u0131nda T\u00fcrkiye\u2019de tahrik ve nifak tohumlar\u0131n\u0131n at\u0131lmas\u0131nda yeni bir zemin kazan\u0131ld\u0131.<\/p>\n<p style=\"text-align: justify;\"><strong><em>Teslimiyet s\u00fcreci<\/em><\/strong><\/p>\n<p style=\"text-align: justify;\">* E\u011fitimde ikinci dilin resmile\u015ftirilmesine ve oradan \u0130mral\u0131 canisini de i\u00e7ine alacak geni\u015f kapsaml\u0131 bir af ile ter\u00f6r\u00fcn ve ter\u00f6ristlerin aklanarak, d\u00f6kt\u00fckleri kan\u0131n AKP eliyle temizlenmesine do\u011fru yol al\u0131nm\u0131\u015ft\u0131r. \u0130mral\u0131\u2019daki infaz \u015fartlar\u0131n\u0131n gev\u015fetilmesi, buran\u0131n bir misafirhaneye d\u00f6n\u00fc\u015ft\u00fcr\u00fclmesi \u00e7abalar\u0131n\u0131n arkas\u0131ndaki niyet, bu s\u00fcrecin teslimiyetle sona erecek yol haritas\u0131n\u0131n ara istasyonlar\u0131 olarak g\u00f6r\u00fclmeye ba\u015flanm\u0131\u015ft\u0131r.<\/p>\n<p style=\"text-align: justify;\"><strong><em>Ermenistan\u2019a taviz<\/em><\/strong><\/p>\n<p style=\"text-align: justify;\">* Ad\u0131na \u201cnormalle\u015fme\u201d denilerek, bir yandan Ermenistan ile ikili, \u00fc\u00e7l\u00fc g\u00f6r\u00fc\u015fmelerle, ma\u00e7 izleme bahanesi ile y\u00fcr\u00fct\u00fclen ili\u015fkilerle s\u00fcre\u00e7 Ermenistan\u2019a tek tarafl\u0131 taviz verme a\u015famas\u0131na kadar dayand\u0131. Di\u011fer taraftan T\u00fcrk milletini aldatmak ve Azerbaycanl\u0131 karde\u015flerimizi oyalamak \u00fczerine bir sinsi oyun da sahneye konulmu\u015ftur. Azerbaycan\u2019dan k\u00fcresel projeler u\u011fruna Karaba\u011f\u2019daki haklar\u0131ndan vazge\u00e7mesi ve katliamlar\u0131 unutmas\u0131 istenmektedir.<\/p>\n<p style=\"text-align: justify;\"><strong><em>ABD ve AB projesi<\/em><\/strong><\/p>\n<p style=\"text-align: justify;\">Devlet Bah\u00e7eli, \u201cABD\u2019nin projelerini ve Avrupa Birli\u011fi\u2019nin i\u00e7 ve d\u0131\u015f politikalar\u0131n\u0131 tek kurtulu\u015f yolu ve iktidar\u0131 i\u00e7in me\u015fruiyet f\u0131rsat\u0131 olarak g\u00f6ren AKP zihniyeti, T\u00fcrkiye\u2019nin haysiyetiyle oynanmas\u0131na g\u00f6z yummaya devam etmi\u015ftir\u201d dedi. Bah\u00e7eli \u015funlar\u0131 s\u00f6yledi: \u201cAB\u2019nin, bu s\u00fcreci T\u00fcrkiye\u2019de zorla milli az\u0131nl\u0131k yaratmak i\u00e7in kullanmak istemesi, s\u00f6zde \u2018K\u00fcrt sorunu\u2019 odakl\u0131 bir dizi listeyi h\u00fck\u00fcmete dayatmas\u0131 al\u0131\u015f\u0131lm\u0131\u015f AKP teslimiyet\u00e7ili\u011fi olarak devam etmi\u015ftir. Bu kapsamda, T\u00fcrkiye\u2019de M\u00fcsl\u00fcman milli az\u0131nl\u0131k oldu\u011funun kabul\u00fc, T\u00fcrk\u00e7e\u2019den ba\u015fka dillerin T\u00fcrk e\u011fitim sistemi i\u00e7ine al\u0131nmas\u0131, PKK aff\u0131 \u00e7\u0131kart\u0131lmas\u0131, Rum ve Ermeni dini az\u0131nl\u0131k toplumlar\u0131na ve kurumlar\u0131na t\u00fczel ki\u015filik kazand\u0131r\u0131lmas\u0131, Ermenistan\u2019la sorunlar\u0131n \u00e7\u00f6z\u00fclmesi, Fener Rum Patrikli\u011fine \u2018ek\u00fcmenik\u2019 stat\u00fcs\u00fcn\u00fcn tan\u0131nmas\u0131, Heybeliada Ruhban Okulu\u2019nun Patrikhaneye ba\u011fl\u0131 olarak yeniden a\u00e7\u0131lmas\u0131 g\u00fcndeme gelmi\u015ftir.<\/p>\n<p style=\"text-align: justify;\"><span style=\"color: #888888;\">Kaynak : <a href=\"http:\/\/www.yenicaggazetesi.com.tr\/haberdetay.php?hit=22661\" target=\"_blank\">yenicagazetesi.com.tr<\/a><\/span><\/p>\n","protected":false},"excerpt":{"rendered":"<p style=\"text-align: center;\">\n<p style=\"text-align: justify;\">Teslimiyet halindeler<\/p>\n<p style=\"text-align: justify;\">Bah\u00e7eli: \u0130\u00e7ten ve d\u0131\u015ftan gelen bask\u0131 ve telkinler kar\u015f\u0131s\u0131nda tam bir teslimiyet hali g\u00f6steren H\u00fck\u00fcmet, millet ve devlet hayat\u0131m\u0131z\u0131n b\u00fct\u00fcn diren\u00e7 ve emniyet mekanizmalar\u0131n\u0131 zay\u0131flatmaya \u00e7al\u0131\u015fm\u0131\u015ft\u0131r.<\/p>\n<p style=\"text-align: justify;\">MHP Genel Ba\u015fkan\u0131 Devlet Bah\u00e7eli, \u201c60. H\u00fck\u00fcmetin 2. y\u0131l\u0131 dolay\u0131s\u0131yla\u201d yaz\u0131l\u0131 bir a\u00e7\u0131klama yapt\u0131. Bah\u00e7eli, a\u00e7\u0131klamada, AKP\u2019nin \u201cgerilim, <\/p>\n","protected":false},"author":1,"featured_media":0,"comment_status":"open","ping_status":"closed","sticky":false,"template":"","format":"standard","meta":{"footnotes":""},"categories":[105],"tags":[],"class_list":["post-14314","post","type-post","status-publish","format-standard","hentry","category-gundem","odd"],"_links":{"self":[{"href":"http:\/\/www.korhanyilmaz.com\/index.php?rest_route=\/wp\/v2\/posts\/14314","targetHints":{"allow":["GET"]}}],"collection":[{"href":"http:\/\/www.korhanyilmaz.com\/index.php?rest_route=\/wp\/v2\/posts"}],"about":[{"href":"http:\/\/www.korhanyilmaz.com\/index.php?rest_route=\/wp\/v2\/types\/post"}],"author":[{"embeddable":true,"href":"http:\/\/www.korhanyilmaz.com\/index.php?rest_route=\/wp\/v2\/users\/1"}],"replies":[{"embeddable":true,"href":"http:\/\/www.korhanyilmaz.com\/index.php?rest_route=%2Fwp%2Fv2%2Fcomments&post=14314"}],"version-history":[{"count":0,"href":"http:\/\/www.korhanyilmaz.com\/index.php?rest_route=\/wp\/v2\/posts\/14314\/revisions"}],"wp:attachment":[{"href":"http:\/\/www.korhanyilmaz.com\/index.php?rest_route=%2Fwp%2Fv2%2Fmedia&parent=14314"}],"wp:term":[{"taxonomy":"category","embeddable":true,"href":"http:\/\/www.korhanyilmaz.com\/index.php?rest_route=%2Fwp%2Fv2%2Fcategories&post=14314"},{"taxonomy":"post_tag","embeddable":true,"href":"http:\/\/www.korhanyilmaz.com\/index.php?rest_route=%2Fwp%2Fv2%2Ftags&post=14314"}],"curies":[{"name":"wp","href":"https:\/\/api.w.org\/{rel}","templated":true}]}}