{"id":14309,"date":"2009-09-05T22:30:51","date_gmt":"2009-09-05T20:30:51","guid":{"rendered":"http:\/\/www.korhanyilmaz.com\/?p=14309"},"modified":"2009-09-05T22:30:51","modified_gmt":"2009-09-05T20:30:51","slug":"hukumet-kimin-icin-calisiyor","status":"publish","type":"post","link":"http:\/\/www.korhanyilmaz.com\/?p=14309","title":{"rendered":"H\u00fck\u00fcmet kimin i\u00e7in \u00e7al\u0131\u015f\u0131yor!"},"content":{"rendered":"<p style=\"text-align: center;\"><a href=\"http:\/\/www.korhanyilmaz.com\/wp-content\/uploads\/2009\/09\/2009-09-06_100449.jpg\"  class=\"lightview\"><img loading=\"lazy\" decoding=\"async\" class=\"aligncenter size-full wp-image-14310\" src=\"http:\/\/www.korhanyilmaz.com\/wp-content\/uploads\/2009\/09\/2009-09-06_100449.jpg\" alt=\"\" width=\"442\" height=\"220\" \/><\/a><\/p>\n<p style=\"text-align: justify;\">AKP\u2019nin eski a\u011f\u0131r topu, T\u00fcrkiye Partisi lideri Abd\u00fcllatif \u015eener\u2019den Ermeni a\u00e7\u0131l\u0131m\u0131na sert tepki ve ince bir uyar\u0131 geldi: Halk\u0131m\u0131z, ekonomi ve a\u00e7\u0131l\u0131mlar konusunda \u015fu soruyu sormal\u0131: H\u00fck\u00fcmet kime \u00e7al\u0131\u015f\u0131yor?<\/p>\n<p style=\"text-align: justify;\"><strong><em>H\u00fck\u00fcmet kime \u00e7al\u0131\u015f\u0131yor!<\/em><\/strong><\/p>\n<p style=\"text-align: justify;\">Protokollerin tek tarafl\u0131 olarak Ermenistan\u2019a yarad\u0131\u011f\u0131n\u0131 ifade eden \u015eener, \u201c\u0130mzalanan metinde Karaba\u011f i\u015fgalinden ve s\u00f6zde soyk\u0131r\u0131m iddias\u0131ndan vazge\u00e7ildi\u011fine dair bir ifade yok\u201d dedi.<\/p>\n<p style=\"text-align: justify;\">T\u00fcrkiye Partisi Genel Ba\u015fkan\u0131 Abd\u00fcllatif \u015eener, \u201cHalk\u0131m\u0131z, ekonomi meseleleri ile demokratik a\u00e7\u0131l\u0131m, Ermeni a\u00e7\u0131l\u0131m\u0131 ve di\u011fer konularda \u015funu sormal\u0131d\u0131r: H\u00fck\u00fcmet kime \u00e7al\u0131\u015f\u0131yor?\u201d dedi. <!--more-->\u015eener, parti genel merkezinde d\u00fczenlenen \u201c1. \u0130l Ba\u015fkanlar\u0131 Toplant\u0131s\u0131\u201d \u00f6ncesinde yapt\u0131\u011f\u0131 a\u00e7\u0131klamada, T\u00fcrkiye\u2019nin sorunlar yuma\u011f\u0131 haline geldi\u011fini, ekonomik sorunlar ba\u015fta olmak \u00fczere bir\u00e7ok sorunun \u00e7\u00f6z\u00fcm bekledi\u011fini ifade ederek, h\u00fck\u00fcmetin ve di\u011fer siyasi partilerin, \u00fclkenin sorunlar\u0131na \u00e7\u00f6z\u00fcm \u00fcretmek yerine polemiklerle ayr\u0131\u015fmay\u0131 derinle\u015ftirdiklerini savundu. H\u00fck\u00fcmetin, T\u00fcrkiye\u2019nin de\u011fil, Bat\u0131 ekonomilerinin ihtiya\u00e7lar\u0131n\u0131 kar\u015f\u0131layacak politikalar uygulad\u0131\u011f\u0131n\u0131 \u00f6ne s\u00fcren \u015eener, tar\u0131msal alanda y\u00fczy\u0131llard\u0131r Anadolu topraklar\u0131nda \u00fcretilen \u00fcr\u00fcnlerin bile art\u0131k d\u0131\u015far\u0131dan kar\u015f\u0131lan\u0131r hale geldi\u011fini kaydetti. \u015eener, tar\u0131msal has\u0131lat\u0131n maliyetleri bile kar\u015f\u0131layamad\u0131\u011f\u0131n\u0131, \u00e7al\u0131\u015fanlar\u0131n \u00fccretlerinde yap\u0131lan art\u0131\u015flar\u0131n elektri\u011fe yap\u0131lan zamm\u0131n gerisinde kald\u0131\u011f\u0131n\u0131 belirtti.<\/p>\n<p style=\"text-align: justify;\"><strong><em>Tek tarafl\u0131 a\u00e7\u0131l\u0131m<\/em><\/strong><\/p>\n<p style=\"text-align: justify;\">\u00d6te yandan, di\u011fer siyasi konularla ilgili de bir kaos ortam\u0131n\u0131n olu\u015ftu\u011funu ileri s\u00fcren \u015eener, \u201cBu s\u00fcrecin (Demokratik a\u00e7\u0131l\u0131m) endi\u015feleri art\u0131rmas\u0131na, hayal k\u0131r\u0131kl\u0131\u011f\u0131 yaratmas\u0131na g\u00f6nl\u00fcm\u00fcz raz\u0131 de\u011fildir. Herkes h\u0131rs\u0131n\u0131 bir yana b\u0131rakmal\u0131d\u0131r\u201d diye konu\u015ftu. \u015eener, a\u00e7\u0131l\u0131mla ilgili, \u201chalka kulak verilmesi, demokrat olunmadan demokratik a\u00e7\u0131l\u0131m yap\u0131lamayaca\u011f\u0131, T\u00fcrkiye\u2019nin g\u00fcndemini kendisinin belirlemesi gerekti\u011fi, konunun kurumlarla uyum i\u00e7inde ve bir devlet politikas\u0131 olarak ele al\u0131nmas\u0131 gerekti\u011fi\u201d \u015feklinde h\u00fck\u00fcmete tavsiyelerde bulunduklar\u0131n\u0131 fakat h\u00fck\u00fcmetin bu \u00f6nerileri dikkate almad\u0131\u011f\u0131n\u0131 kaydetti. Ermeni a\u00e7\u0131l\u0131m\u0131 konusunda haz\u0131rlanan metinde ise Karaba\u011f sorununa ve 1915 olaylar\u0131na ili\u015fkin Ermeni iddialar\u0131ndan vazge\u00e7ildi\u011fine dair bir ifadenin yer almad\u0131\u011f\u0131n\u0131 dile getiren \u015eener, a\u00e7\u0131l\u0131m\u0131n sadece T\u00fcrkiye\u2019nin Ermenistan s\u0131n\u0131r\u0131n\u0131 a\u00e7mas\u0131n\u0131 \u00f6ng\u00f6rd\u00fc\u011f\u00fcn\u00fc savundu. \u015eener, \u201cBu, Ermenistan lehine tek tarafl\u0131 bir a\u00e7\u0131l\u0131m de\u011fil mi? H\u00fck\u00fcmet kim i\u00e7in \u00e7al\u0131\u015f\u0131yor? Halk\u0131m\u0131z, ekonomi meselelerinde, demokratik a\u00e7\u0131l\u0131m, Ermeni a\u00e7\u0131l\u0131m\u0131 ve di\u011fer konularda \u015funu sormal\u0131d\u0131r: H\u00fck\u00fcmet kime \u00e7al\u0131\u015f\u0131yor?\u201d dedi.<\/p>\n<p style=\"text-align: justify;\"><span style=\"color: #888888;\">Kaynak : <a href=\"http:\/\/www.yenicaggazetesi.com.tr\/haberdetay.php?hit=22656\" target=\"_blank\">yenicaggazetesi.com.tr<\/a><\/span><\/p>\n","protected":false},"excerpt":{"rendered":"<p style=\"text-align: center;\">\n<p style=\"text-align: justify;\">AKP\u2019nin eski a\u011f\u0131r topu, T\u00fcrkiye Partisi lideri Abd\u00fcllatif \u015eener\u2019den Ermeni a\u00e7\u0131l\u0131m\u0131na sert tepki ve ince bir uyar\u0131 geldi: Halk\u0131m\u0131z, ekonomi ve a\u00e7\u0131l\u0131mlar konusunda \u015fu soruyu sormal\u0131: H\u00fck\u00fcmet kime \u00e7al\u0131\u015f\u0131yor?<\/p>\n<p style=\"text-align: justify;\">H\u00fck\u00fcmet kime \u00e7al\u0131\u015f\u0131yor!<\/p>\n<p style=\"text-align: justify;\">Protokollerin tek tarafl\u0131 olarak Ermenistan\u2019a yarad\u0131\u011f\u0131n\u0131 ifade eden \u015eener, \u201c\u0130mzalanan metinde Karaba\u011f i\u015fgalinden ve <\/p>\n","protected":false},"author":1,"featured_media":0,"comment_status":"open","ping_status":"closed","sticky":false,"template":"","format":"standard","meta":{"footnotes":""},"categories":[105],"tags":[],"class_list":["post-14309","post","type-post","status-publish","format-standard","hentry","category-gundem","odd"],"_links":{"self":[{"href":"http:\/\/www.korhanyilmaz.com\/index.php?rest_route=\/wp\/v2\/posts\/14309","targetHints":{"allow":["GET"]}}],"collection":[{"href":"http:\/\/www.korhanyilmaz.com\/index.php?rest_route=\/wp\/v2\/posts"}],"about":[{"href":"http:\/\/www.korhanyilmaz.com\/index.php?rest_route=\/wp\/v2\/types\/post"}],"author":[{"embeddable":true,"href":"http:\/\/www.korhanyilmaz.com\/index.php?rest_route=\/wp\/v2\/users\/1"}],"replies":[{"embeddable":true,"href":"http:\/\/www.korhanyilmaz.com\/index.php?rest_route=%2Fwp%2Fv2%2Fcomments&post=14309"}],"version-history":[{"count":0,"href":"http:\/\/www.korhanyilmaz.com\/index.php?rest_route=\/wp\/v2\/posts\/14309\/revisions"}],"wp:attachment":[{"href":"http:\/\/www.korhanyilmaz.com\/index.php?rest_route=%2Fwp%2Fv2%2Fmedia&parent=14309"}],"wp:term":[{"taxonomy":"category","embeddable":true,"href":"http:\/\/www.korhanyilmaz.com\/index.php?rest_route=%2Fwp%2Fv2%2Fcategories&post=14309"},{"taxonomy":"post_tag","embeddable":true,"href":"http:\/\/www.korhanyilmaz.com\/index.php?rest_route=%2Fwp%2Fv2%2Ftags&post=14309"}],"curies":[{"name":"wp","href":"https:\/\/api.w.org\/{rel}","templated":true}]}}