{"id":14293,"date":"2009-09-05T07:26:39","date_gmt":"2009-09-05T04:26:39","guid":{"rendered":"http:\/\/www.korhanyilmaz.com\/?p=14293"},"modified":"2009-09-05T07:26:39","modified_gmt":"2009-09-05T04:26:39","slug":"kacmaz-engizisyon-yargilamasina-dondu","status":"publish","type":"post","link":"http:\/\/www.korhanyilmaz.com\/?p=14293","title":{"rendered":"Ka\u00e7maz: Engizisyon yarg\u0131lamas\u0131na d\u00f6nd\u00fc"},"content":{"rendered":"<p style=\"text-align: center;\"><a href=\"http:\/\/www.korhanyilmaz.com\/wp-content\/uploads\/2009\/09\/2009-09-05_2126081.jpg\"  class=\"lightview\"><img loading=\"lazy\" decoding=\"async\" class=\"aligncenter size-full wp-image-14295\" src=\"http:\/\/www.korhanyilmaz.com\/wp-content\/uploads\/2009\/09\/2009-09-05_2126081.jpg\" alt=\"\" width=\"446\" height=\"223\" \/><\/a><\/p>\n<p style=\"text-align: justify;\"><strong><em>Engizisyon yarg\u0131lamas\u0131na d\u00f6nd\u00fc<\/em><\/strong><\/p>\n<p style=\"text-align: justify;\">Adalet Bakanl\u0131\u011f\u0131 taraf\u0131ndan hakk\u0131nda inceleme ba\u015flat\u0131lan Sincan A\u011f\u0131r Ceza Mahkemesi Ba\u015fkan\u0131 Ka\u00e7maz, \u015fahs\u0131 \u00fczerinden yarg\u0131n\u0131n y\u0131prat\u0131ld\u0131\u011f\u0131n\u0131 s\u00f6yledi.<\/p>\n<p style=\"text-align: justify;\">Cumhurba\u015fkan\u0131 Abdullah G\u00fcl \u201cyarg\u0131lans\u0131n\u201d dedi\u011fi i\u00e7in AKP iktidar\u0131n\u0131n hedefi haline gelen Sincan A\u011f\u0131r Ceza Mahkemesi Ba\u015fkan\u0131 Osman Ka\u00e7maz, hakk\u0131nda incelemenin engizisyon yarg\u0131lamas\u0131na d\u00f6nd\u00fc\u011f\u00fcn\u00fc s\u00f6yledi. NTV\u2019nin sorular\u0131n\u0131 cevaplayan Ka\u00e7maz, \u201cCumhurba\u015fkan\u0131 ve Ba\u015fbakan\u2019la ilgili verdi\u011finiz karar\u0131n hemen ard\u0131ndan g\u00f6revden al\u0131nman\u0131z istendi, bir de tefti\u015f s\u00fcreci ba\u015flad\u0131. Neler ya\u015fan\u0131yor Tefti\u015f Kurulu ve sizin aran\u0131zda\u201d sorusu \u00fczerine \u015funlar\u0131 kaydetti: \u201cEngizisyon yarg\u0131lamas\u0131na d\u00f6nd\u00fc bu i\u015f. Benim \u00fczerimde yarg\u0131n\u0131n y\u0131prat\u0131lmas\u0131na \u00e7ok \u00fczg\u00fcn\u00fcm bunu hazmedemiyorum. Bas\u0131nda g\u00f6r\u00fcyorum ki ger\u00e7ekten hedef se\u00e7ilmi\u015fim. Ama verdi\u011fim kararlar\u0131n hepsinin arkas\u0131nday\u0131m bundan sonra verece\u011fim kararlar\u0131n da arkas\u0131nday\u0131m. Ben hukukun d\u0131\u015f\u0131na hi\u00e7 \u00e7\u0131kmad\u0131m \u00e7\u0131kmayaca\u011f\u0131m da. Bu konuda beni kimse y\u0131ld\u0131ramaz. Allah\u2019tan ba\u015fka kimseden de korkum yok\u201d <!--more--><\/p>\n<p style=\"text-align: justify;\"><em><strong>Bir tak\u0131m medya hedef se\u00e7ti<\/strong><\/em><\/p>\n<p style=\"text-align: justify;\">\u201cVerdi\u011finiz kararlar nedeni ile mi hedef se\u00e7ildiniz\u201d sorusuna Ka\u00e7maz, \u201cBir tak\u0131m medya bu konuda yay\u0131nlar yap\u0131yor.  Benim o yay\u0131nlara kar\u015f\u0131l\u0131k bunlar\u0131n hangi dayana\u011fa, hangi belgeye dayand\u0131\u011f\u0131n\u0131 bilmek i\u00e7in,  istedi\u011fim halde bana verilmeyen belgeler maalesef hem de imzas\u0131z bir \u015fekilde bas\u0131na s\u0131zd\u0131r\u0131lm\u0131\u015f. Bunu halk\u0131m\u0131z\u0131n takdirine sunuyorum\u201d kar\u015f\u0131l\u0131\u011f\u0131n\u0131 verdi. \u201cBa\u015fbakan ve Cumhurba\u015fkan\u0131 karar\u0131n\u0131z\u0131n arkas\u0131nda m\u0131s\u0131n\u0131z?\u201d sorusu \u00fczerine Ka\u00e7maz, \u201cKesinlikle. Herkesle bunu tart\u0131\u015f\u0131r\u0131m. Zaten ger\u00e7ek hukuk\u00e7ular bunun do\u011fru oldu\u011funu biliyorlar\u201d dedi.<\/p>\n<p style=\"text-align: justify;\"><em><strong>YARSAV: Adalet Bakanl\u0131\u011f\u0131 hukuka uymal\u0131d\u0131r<\/strong><\/em><\/p>\n<p style=\"text-align: justify;\">YARSAV Ba\u015fkan\u0131 \u00d6mer Faruk Emina\u011fao\u011flu, Adalet Bakanl\u0131\u011f\u0131 Tefti\u015f Kurulu Ba\u015fkanl\u0131\u011f\u0131\u2019n\u0131n her soru\u015fturmada tarafs\u0131z kalmas\u0131 gerekti\u011fini savunarak, \u201cAdalet Bakanl\u0131\u011f\u0131 hukuk i\u00e7ersinde hareket etmeli, yap\u0131lan yanl\u0131\u015flardan d\u00f6nmelidir. Hi\u00e7bir hukuk devletinde e\u015fine ve \u00f6rne\u011fine rastlanmayan bu davran\u0131\u015flar, yarg\u0131 \u00fczerinde yarat\u0131lan bask\u0131y\u0131 ve bask\u0131n\u0131n da ula\u015ft\u0131\u011f\u0131 boyutu yans\u0131tmaktad\u0131r\u201d dedi. Emina\u011fao\u011flu, yapt\u0131\u011f\u0131 yaz\u0131l\u0131 a\u00e7\u0131klamada, isim vermeden, Sincan A\u011f\u0131r Ceza Mahkemesi Ba\u015fkan\u0131 Osman Ka\u00e7maz\u2019la ilgili y\u00fcr\u00fct\u00fclen soru\u015fturmay\u0131 ele\u015ftirdi. Adalet Bakanl\u0131\u011f\u0131 Bas\u0131n ve Halkla \u0130li\u015fkiler M\u00fc\u015favirli\u011fi dururken, soru\u015fturmalar\u0131 tarafs\u0131zl\u0131kla y\u00fcr\u00fctmesi gereken Adalet Bakanl\u0131\u011f\u0131 Tefti\u015f Kurulu Ba\u015fkanl\u0131\u011f\u0131\u2019n\u0131n, \u201c\u00d6rne\u011fine rastlanmad\u0131k bi\u00e7imde bir bas\u0131n a\u00e7\u0131klamas\u0131\u201d yapt\u0131\u011f\u0131n\u0131  kaydeden Emina\u011fao\u011flu \u201cBu durum, yarg\u0131 \u00fczerindeki tavsiye ve telkini de a\u015fan bask\u0131 ve vesayet halinin ikrar\u0131d\u0131r. Tefti\u015f Kurulu Ba\u015fkanl\u0131\u011f\u0131\u2019n\u0131n mahkemelerin ba\u011f\u0131ms\u0131zl\u0131\u011f\u0131 kural\u0131n\u0131, sadece ve sadece kendi talep etti\u011fi kararlar\u0131 ald\u0131\u011f\u0131 mahkemeler konusunda vurgulama gere\u011fi duymas\u0131 dikkat \u00e7ekicidir. Ama\u00e7 meslekta\u015flar\u0131m\u0131z \u00fczerinde bask\u0131 yaratmak, yarg\u0131y\u0131 hizaya getirmek, yarg\u0131y\u0131 bask\u0131 alt\u0131na almak olarak ortaya \u00e7\u0131km\u0131\u015ft\u0131r\u201d diye konu\u015ftu.<\/p>\n<p style=\"text-align: justify;\"><span style=\"color: #888888;\">Kaynak : yenicaggazetesi.com.tr<\/span><\/p>\n","protected":false},"excerpt":{"rendered":"<p style=\"text-align: center;\">\n<p style=\"text-align: justify;\">Engizisyon yarg\u0131lamas\u0131na d\u00f6nd\u00fc<\/p>\n<p style=\"text-align: justify;\">Adalet Bakanl\u0131\u011f\u0131 taraf\u0131ndan hakk\u0131nda inceleme ba\u015flat\u0131lan Sincan A\u011f\u0131r Ceza Mahkemesi Ba\u015fkan\u0131 Ka\u00e7maz, \u015fahs\u0131 \u00fczerinden yarg\u0131n\u0131n y\u0131prat\u0131ld\u0131\u011f\u0131n\u0131 s\u00f6yledi.<\/p>\n<p style=\"text-align: justify;\">Cumhurba\u015fkan\u0131 Abdullah G\u00fcl \u201cyarg\u0131lans\u0131n\u201d dedi\u011fi i\u00e7in AKP iktidar\u0131n\u0131n hedefi haline gelen Sincan A\u011f\u0131r Ceza Mahkemesi Ba\u015fkan\u0131 Osman Ka\u00e7maz, hakk\u0131nda incelemenin engizisyon yarg\u0131lamas\u0131na d\u00f6nd\u00fc\u011f\u00fcn\u00fc s\u00f6yledi. NTV\u2019nin sorular\u0131n\u0131 <\/p>\n","protected":false},"author":1,"featured_media":0,"comment_status":"open","ping_status":"closed","sticky":false,"template":"","format":"standard","meta":{"footnotes":""},"categories":[105],"tags":[],"class_list":["post-14293","post","type-post","status-publish","format-standard","hentry","category-gundem","odd"],"_links":{"self":[{"href":"http:\/\/www.korhanyilmaz.com\/index.php?rest_route=\/wp\/v2\/posts\/14293","targetHints":{"allow":["GET"]}}],"collection":[{"href":"http:\/\/www.korhanyilmaz.com\/index.php?rest_route=\/wp\/v2\/posts"}],"about":[{"href":"http:\/\/www.korhanyilmaz.com\/index.php?rest_route=\/wp\/v2\/types\/post"}],"author":[{"embeddable":true,"href":"http:\/\/www.korhanyilmaz.com\/index.php?rest_route=\/wp\/v2\/users\/1"}],"replies":[{"embeddable":true,"href":"http:\/\/www.korhanyilmaz.com\/index.php?rest_route=%2Fwp%2Fv2%2Fcomments&post=14293"}],"version-history":[{"count":0,"href":"http:\/\/www.korhanyilmaz.com\/index.php?rest_route=\/wp\/v2\/posts\/14293\/revisions"}],"wp:attachment":[{"href":"http:\/\/www.korhanyilmaz.com\/index.php?rest_route=%2Fwp%2Fv2%2Fmedia&parent=14293"}],"wp:term":[{"taxonomy":"category","embeddable":true,"href":"http:\/\/www.korhanyilmaz.com\/index.php?rest_route=%2Fwp%2Fv2%2Fcategories&post=14293"},{"taxonomy":"post_tag","embeddable":true,"href":"http:\/\/www.korhanyilmaz.com\/index.php?rest_route=%2Fwp%2Fv2%2Ftags&post=14293"}],"curies":[{"name":"wp","href":"https:\/\/api.w.org\/{rel}","templated":true}]}}