{"id":14284,"date":"2009-09-05T11:01:13","date_gmt":"2009-09-05T08:01:13","guid":{"rendered":"http:\/\/www.korhanyilmaz.com\/?p=14284"},"modified":"2009-09-05T11:01:13","modified_gmt":"2009-09-05T08:01:13","slug":"trtye-tuncay-guney-sorusturmasi","status":"publish","type":"post","link":"http:\/\/www.korhanyilmaz.com\/?p=14284","title":{"rendered":"TRT&#039;ye Tuncay G\u00fcney soru\u015fturmas\u0131"},"content":{"rendered":"<p style=\"text-align: center;\"><a href=\"http:\/\/www.korhanyilmaz.com\/wp-content\/uploads\/2009\/09\/050920091100270391235.jpg\"  class=\"lightview\"><img loading=\"lazy\" decoding=\"async\" class=\"size-full wp-image-14285 aligncenter\" src=\"http:\/\/www.korhanyilmaz.com\/wp-content\/uploads\/2009\/09\/050920091100270391235.jpg\" alt=\"\" width=\"320\" height=\"100\" \/><\/a><\/p>\n<p style=\"text-align: justify;\">S\u0130NCAN 1. A\u011f\u0131r Ceza Mahkemesi Ba\u015fkan\u0131 Hakim Osman Ka\u00e7maz, Ergenekon\u2019un kilit isimlerinden Tuncay G\u00fcney\u2019i TRT\u2019ye konuk eden y\u00f6neticiler hakk\u0131nda verilen takipsizlik karar\u0131n\u0131 kald\u0131rd\u0131.<\/p>\n<p style=\"text-align: justify;\">TRT\u2019de yay\u0131mlanan \u201cB\u00fcy\u00fcte\u00e7\u201d isimli programa canl\u0131 yay\u0131nda konuk olan G\u00fcney, CHP Genel Ba\u015fkan\u0131 Deniz Baykal\u2019a a\u011f\u0131r su\u00e7lamalarda bulunmu\u015ftu. Bunun \u00fczerine CHP\u2019nin avukatlar\u0131, G\u00fcney\u2019i konuk eden TRT Genel M\u00fcd\u00fcr\u00fc \u0130brahim \u015eahin ile program yap\u0131mc\u0131lar\u0131 hakk\u0131nda, \u201ckurumda kadrola\u015fma yapmak\u201d ve \u201cg\u00f6revi k\u00f6t\u00fcye kullanmak\u201d iddias\u0131yla su\u00e7 duyurusunda bulunmu\u015flard\u0131. <!--more--><\/p>\n<p style=\"text-align: justify;\"><strong><em>Savc\u0131l\u0131k takipsizlik vermi\u015fti<\/em><\/strong><\/p>\n<p style=\"text-align: justify;\">Soru\u015fturmay\u0131 y\u00fcr\u00fcten Ankara Cumhuriyet Savc\u0131s\u0131 \u015eadan Sak\u0131nan, ad\u0131 ge\u00e7en ki\u015filer hakk\u0131ndaki \u015fikayeti \u201ciddialar\u0131n soyut ve genel\u201d olmas\u0131 nedeniyle \u201ctakipsizlik\u201d karar\u0131 verdi. CHP\u2019nin avukatlar\u0131, takipsizlik karar\u0131na itiraz ettiler. \u0130tiraz\u0131 de\u011ferlendiren hakim Ka\u00e7maz, \u201ctakipsizlik\u201d karar\u0131n\u0131 kald\u0131rarak, TRT Genel M\u00fcd\u00fcr\u00fc \u0130brahim \u015eahin, Ba\u015fkan\u0131 Ahmet \u00c7avu\u015fo\u011flu, program sunucusu \u0130brahim G\u00fcrkan Sar\u0131 ve yap\u0131mc\u0131 Cengiz Yel\u2019in yarg\u0131lanmalar\u0131 y\u00f6n\u00fcnde karar verdi.<\/p>\n<p style=\"text-align: justify;\">Ka\u00e7maz, 31 A\u011fustos tarihli karar\u0131nda \u201cKovu\u015fturmaya yer olmad\u0131\u011f\u0131na dair karar y\u00f6n\u00fcnden m\u00fc\u015ftekilerin iddialar\u0131, CD \u00e7\u00f6z\u00fcm\u00fc tutana\u011f\u0131 ve di\u011fer deliller irdelendi\u011finde delillerin mahkemesince de\u011ferlendirilmesi uygun olaca\u011f\u0131 sonucuna var\u0131lmakla itiraz\u0131n kabul\u00fc ile takipsizlik karar\u0131n\u0131n kald\u0131r\u0131lmas\u0131na karar vermek gerekmi\u015ftir\u201d dedi.<\/p>\n<p style=\"text-align: justify;\"><span style=\"color: #888888;\">Nurettin Kurt &#8211; H\u00fcrriyet<\/span><\/p>\n","protected":false},"excerpt":{"rendered":"<p style=\"text-align: center;\">\n<p style=\"text-align: justify;\">S\u0130NCAN 1. A\u011f\u0131r Ceza Mahkemesi Ba\u015fkan\u0131 Hakim Osman Ka\u00e7maz, Ergenekon\u2019un kilit isimlerinden Tuncay G\u00fcney\u2019i TRT\u2019ye konuk eden y\u00f6neticiler hakk\u0131nda verilen takipsizlik karar\u0131n\u0131 kald\u0131rd\u0131.<\/p>\n<p style=\"text-align: justify;\">TRT\u2019de yay\u0131mlanan \u201cB\u00fcy\u00fcte\u00e7\u201d isimli programa canl\u0131 yay\u0131nda konuk olan G\u00fcney, CHP Genel Ba\u015fkan\u0131 Deniz Baykal\u2019a a\u011f\u0131r su\u00e7lamalarda bulunmu\u015ftu. Bunun \u00fczerine CHP\u2019nin avukatlar\u0131, G\u00fcney\u2019i konuk eden <\/p>\n","protected":false},"author":1,"featured_media":0,"comment_status":"open","ping_status":"closed","sticky":false,"template":"","format":"standard","meta":{"footnotes":""},"categories":[105],"tags":[],"class_list":["post-14284","post","type-post","status-publish","format-standard","hentry","category-gundem","odd"],"_links":{"self":[{"href":"http:\/\/www.korhanyilmaz.com\/index.php?rest_route=\/wp\/v2\/posts\/14284","targetHints":{"allow":["GET"]}}],"collection":[{"href":"http:\/\/www.korhanyilmaz.com\/index.php?rest_route=\/wp\/v2\/posts"}],"about":[{"href":"http:\/\/www.korhanyilmaz.com\/index.php?rest_route=\/wp\/v2\/types\/post"}],"author":[{"embeddable":true,"href":"http:\/\/www.korhanyilmaz.com\/index.php?rest_route=\/wp\/v2\/users\/1"}],"replies":[{"embeddable":true,"href":"http:\/\/www.korhanyilmaz.com\/index.php?rest_route=%2Fwp%2Fv2%2Fcomments&post=14284"}],"version-history":[{"count":0,"href":"http:\/\/www.korhanyilmaz.com\/index.php?rest_route=\/wp\/v2\/posts\/14284\/revisions"}],"wp:attachment":[{"href":"http:\/\/www.korhanyilmaz.com\/index.php?rest_route=%2Fwp%2Fv2%2Fmedia&parent=14284"}],"wp:term":[{"taxonomy":"category","embeddable":true,"href":"http:\/\/www.korhanyilmaz.com\/index.php?rest_route=%2Fwp%2Fv2%2Fcategories&post=14284"},{"taxonomy":"post_tag","embeddable":true,"href":"http:\/\/www.korhanyilmaz.com\/index.php?rest_route=%2Fwp%2Fv2%2Ftags&post=14284"}],"curies":[{"name":"wp","href":"https:\/\/api.w.org\/{rel}","templated":true}]}}