{"id":14272,"date":"2009-09-05T09:58:07","date_gmt":"2009-09-05T06:58:07","guid":{"rendered":"http:\/\/www.korhanyilmaz.com\/?p=14272"},"modified":"2009-09-05T09:58:07","modified_gmt":"2009-09-05T06:58:07","slug":"yazar-metiner-basbakanin-makam-aracinda","status":"publish","type":"post","link":"http:\/\/www.korhanyilmaz.com\/?p=14272","title":{"rendered":"Yazar Metiner Ba\u015fbakan&#039;\u0131n makam arac\u0131nda"},"content":{"rendered":"<p><a href=\"http:\/\/www.korhanyilmaz.com\/wp-content\/uploads\/2009\/09\/MEHMET.jpg\"  class=\"lightview\"><img loading=\"lazy\" decoding=\"async\" class=\"aligncenter size-full wp-image-14273\" src=\"http:\/\/www.korhanyilmaz.com\/wp-content\/uploads\/2009\/09\/MEHMET.jpg\" alt=\"\" width=\"292\" height=\"171\" \/><\/a><\/p>\n<p><a href=\"http:\/\/www.korhanyilmaz.com\/wp-content\/uploads\/2009\/09\/MEHMETMET\u0130NER.jpg\"  class=\"lightview\"><img loading=\"lazy\" decoding=\"async\" class=\"size-full wp-image-14274 alignleft\" style=\"margin: 0px 10px;\" title=\"Mehmet Metiner\" src=\"http:\/\/www.korhanyilmaz.com\/wp-content\/uploads\/2009\/09\/MEHMETMET\u0130NER.jpg\" alt=\"\" width=\"140\" height=\"132\" \/><\/a><\/p>\n<p style=\"text-align: justify;\">Ba\u015fbakan Recep Tayyip Erdo\u011fan d\u00fcn cuma namaz\u0131n\u0131n ard\u0131ndan partisinin \u0130stanbul \u0130l Ba\u015fkanl\u0131\u011f\u0131&#8217;na ge\u00e7ti. \u00c7\u0131k\u0131\u015fta Erdo\u011fan&#8217;\u0131n yan\u0131ndaki bir isim dikkat \u00e7ekti. Ba\u015fbakan Erdo\u011fan&#8217;la birlikte \u00e7\u0131kan gazeteci-yazar Mehmet Metiner, Erdo\u011fan&#8217;\u0131n makam arac\u0131na bindi.<\/p>\n<p style=\"text-align: justify;\">Erdo\u011fan ve Metiner, \u0130stanbul B\u00fcy\u00fck\u015fehir Belediye Ba\u015fkanl\u0131\u011f\u0131&#8217;n\u0131n verdi\u011fi iftar yeme\u011fine birlikte gitti.<\/p>\n<p style=\"text-align: justify;\">Star gazetesinde k\u00f6\u015fe yazarl\u0131\u011f\u0131 yapan Metiner, kapat\u0131lan HADEP&#8217;in genel ba\u015fkan yard\u0131mc\u0131l\u0131\u011f\u0131 g\u00f6revinde bulunmu\u015ftu.<\/p>\n<p style=\"text-align: justify;\"><span style=\"color: #888888;\">CNN T\u00dcRK<\/span><\/p>\n","protected":false},"excerpt":{"rendered":"<\/p>\n<p style=\"text-align: justify;\">Ba\u015fbakan Recep Tayyip Erdo\u011fan d\u00fcn cuma namaz\u0131n\u0131n ard\u0131ndan partisinin \u0130stanbul \u0130l Ba\u015fkanl\u0131\u011f\u0131&#8217;na ge\u00e7ti. \u00c7\u0131k\u0131\u015fta Erdo\u011fan&#8217;\u0131n yan\u0131ndaki bir isim dikkat \u00e7ekti. Ba\u015fbakan Erdo\u011fan&#8217;la birlikte \u00e7\u0131kan gazeteci-yazar Mehmet Metiner, Erdo\u011fan&#8217;\u0131n makam arac\u0131na bindi.<\/p>\n<p style=\"text-align: justify;\">Erdo\u011fan ve Metiner, \u0130stanbul B\u00fcy\u00fck\u015fehir Belediye Ba\u015fkanl\u0131\u011f\u0131&#8217;n\u0131n verdi\u011fi iftar yeme\u011fine birlikte gitti.<\/p>\n<p style=\"text-align: justify;\">Star gazetesinde k\u00f6\u015fe yazarl\u0131\u011f\u0131 <\/p>\n","protected":false},"author":1,"featured_media":0,"comment_status":"open","ping_status":"closed","sticky":false,"template":"","format":"standard","meta":{"footnotes":""},"categories":[105],"tags":[],"class_list":["post-14272","post","type-post","status-publish","format-standard","hentry","category-gundem","odd"],"_links":{"self":[{"href":"http:\/\/www.korhanyilmaz.com\/index.php?rest_route=\/wp\/v2\/posts\/14272","targetHints":{"allow":["GET"]}}],"collection":[{"href":"http:\/\/www.korhanyilmaz.com\/index.php?rest_route=\/wp\/v2\/posts"}],"about":[{"href":"http:\/\/www.korhanyilmaz.com\/index.php?rest_route=\/wp\/v2\/types\/post"}],"author":[{"embeddable":true,"href":"http:\/\/www.korhanyilmaz.com\/index.php?rest_route=\/wp\/v2\/users\/1"}],"replies":[{"embeddable":true,"href":"http:\/\/www.korhanyilmaz.com\/index.php?rest_route=%2Fwp%2Fv2%2Fcomments&post=14272"}],"version-history":[{"count":0,"href":"http:\/\/www.korhanyilmaz.com\/index.php?rest_route=\/wp\/v2\/posts\/14272\/revisions"}],"wp:attachment":[{"href":"http:\/\/www.korhanyilmaz.com\/index.php?rest_route=%2Fwp%2Fv2%2Fmedia&parent=14272"}],"wp:term":[{"taxonomy":"category","embeddable":true,"href":"http:\/\/www.korhanyilmaz.com\/index.php?rest_route=%2Fwp%2Fv2%2Fcategories&post=14272"},{"taxonomy":"post_tag","embeddable":true,"href":"http:\/\/www.korhanyilmaz.com\/index.php?rest_route=%2Fwp%2Fv2%2Ftags&post=14272"}],"curies":[{"name":"wp","href":"https:\/\/api.w.org\/{rel}","templated":true}]}}