{"id":14269,"date":"2009-09-05T11:48:12","date_gmt":"2009-09-05T08:48:12","guid":{"rendered":"http:\/\/www.korhanyilmaz.com\/?p=14269"},"modified":"2009-09-05T11:48:12","modified_gmt":"2009-09-05T08:48:12","slug":"erdogan-basbakanin-yol-arkadasi-olmayacagiz","status":"publish","type":"post","link":"http:\/\/www.korhanyilmaz.com\/?p=14269","title":{"rendered":"Erdo\u011fan: &quot;Ba\u015fbakan&#039;\u0131n yol arkada\u015f\u0131 olmayaca\u011f\u0131z&quot;"},"content":{"rendered":"<p><a href=\"http:\/\/www.korhanyilmaz.com\/wp-content\/uploads\/2009\/09\/BAYKAL2.jpg\"  class=\"lightview\"><img loading=\"lazy\" decoding=\"async\" class=\"aligncenter size-full wp-image-14270\" src=\"http:\/\/www.korhanyilmaz.com\/wp-content\/uploads\/2009\/09\/BAYKAL2.jpg\" alt=\"\" width=\"292\" height=\"194\" \/><\/a><\/p>\n<p style=\"text-align: justify;\">CHP Genel Ba\u015fkan\u0131 Deniz Baykal, Ba\u015fbakan Recep Tayyip Erdo\u011fa&#8217;\u0131n, &#8220;Onlar gelmezse biz gideriz&#8221; s\u00f6zlerine yan\u0131t verdi. Baykal, &#8220;Biz demokratik a\u00e7\u0131l\u0131m konusunda Ba\u015fbakan&#8217;n yol arkada\u015f\u0131 olmayaca\u011f\u0131z&#8221; dedi.<\/p>\n<p style=\"text-align: justify;\">Ayd\u0131n&#8217;\u0131n Didim ve Ku\u015fadas\u0131 il\u00e7elerindeki t\u00f6renler i\u00e7in \u0130zmir Adnan Menderes Havalan\u0131&#8217;na gelen CHP Genel Ba\u015fkan\u0131 Deniz Baykal, Ba\u015fbakan Erdo\u011fan\u00b4\u0131n, &#8220;Onlar gelmezse biz gideriz&#8221; s\u00f6zlerini de\u011ferlendirdi.<\/p>\n<p style=\"text-align: justify;\">Baykal, &#8220;Biz demokratik a\u00e7\u0131l\u0131m konusunda Ba\u015fbakan\u00b4\u0131n yol arkada\u015f\u0131 olmayaca\u011f\u0131z. Onun yan\u0131nda yeterince yol arkada\u015f\u0131 var. Ba\u015fbakan bu yolculu\u011funda durup de\u011ferlendirme yaparak, \u0130mral\u0131&#8217;dan gelen yol haritas\u0131n\u0131 de\u011fil Anadolu&#8217;daki K\u00fcrtlerin yol haritas\u0131n\u0131 benimsemeli. CHP bu s\u00fcrecin i\u00e7inde kesinlikle yer almayacak&#8221; dedi. <!--more--><\/p>\n<p style=\"text-align: justify;\">CHP, K\u00fcrt a\u00e7\u0131l\u0131m\u0131yla ilgili randevu isteyen \u0130\u00e7i\u015fleri Bakan\u0131 Be\u015fir Atalay&#8217;a yan\u0131t vermemi\u015f, &#8220;Ba\u015fbakan Recep Tayyip Erdo\u011fan kendi neden gelmiyor?&#8221; diye tepki g\u00f6stermi\u015fti.<\/p>\n<p style=\"text-align: justify;\">Ba\u015fbakan Erdo\u011fan da d\u00fcn \u0130stanbul&#8217;da K\u00fcrt a\u00e7\u0131l\u0131m\u0131yla ilgili olarak, &#8220;CHP gelmezse randevu al\u0131r biz gideriz&#8221; demi\u015f ve &#8220;S\u00fcre\u00e7 ba\u015flay\u0131nca i\u00e7eri\u011fini halka anlataca\u011f\u0131z&#8221; diye konu\u015fmu\u015ftu.<\/p>\n<p style=\"text-align: justify;\"><span style=\"color: #888888;\">CNN T\u00dcRK<\/span><\/p>\n","protected":false},"excerpt":{"rendered":"<\/p>\n<p style=\"text-align: justify;\">CHP Genel Ba\u015fkan\u0131 Deniz Baykal, Ba\u015fbakan Recep Tayyip Erdo\u011fa&#8217;\u0131n, &#8220;Onlar gelmezse biz gideriz&#8221; s\u00f6zlerine yan\u0131t verdi. Baykal, &#8220;Biz demokratik a\u00e7\u0131l\u0131m konusunda Ba\u015fbakan&#8217;n yol arkada\u015f\u0131 olmayaca\u011f\u0131z&#8221; dedi.<\/p>\n<p style=\"text-align: justify;\">Ayd\u0131n&#8217;\u0131n Didim ve Ku\u015fadas\u0131 il\u00e7elerindeki t\u00f6renler i\u00e7in \u0130zmir Adnan Menderes Havalan\u0131&#8217;na gelen CHP Genel Ba\u015fkan\u0131 Deniz Baykal, Ba\u015fbakan Erdo\u011fan\u00b4\u0131n, &#8220;Onlar gelmezse biz gideriz&#8221; s\u00f6zlerini <\/p>\n","protected":false},"author":1,"featured_media":0,"comment_status":"open","ping_status":"closed","sticky":false,"template":"","format":"standard","meta":{"footnotes":""},"categories":[105],"tags":[],"class_list":["post-14269","post","type-post","status-publish","format-standard","hentry","category-gundem","odd"],"_links":{"self":[{"href":"http:\/\/www.korhanyilmaz.com\/index.php?rest_route=\/wp\/v2\/posts\/14269","targetHints":{"allow":["GET"]}}],"collection":[{"href":"http:\/\/www.korhanyilmaz.com\/index.php?rest_route=\/wp\/v2\/posts"}],"about":[{"href":"http:\/\/www.korhanyilmaz.com\/index.php?rest_route=\/wp\/v2\/types\/post"}],"author":[{"embeddable":true,"href":"http:\/\/www.korhanyilmaz.com\/index.php?rest_route=\/wp\/v2\/users\/1"}],"replies":[{"embeddable":true,"href":"http:\/\/www.korhanyilmaz.com\/index.php?rest_route=%2Fwp%2Fv2%2Fcomments&post=14269"}],"version-history":[{"count":0,"href":"http:\/\/www.korhanyilmaz.com\/index.php?rest_route=\/wp\/v2\/posts\/14269\/revisions"}],"wp:attachment":[{"href":"http:\/\/www.korhanyilmaz.com\/index.php?rest_route=%2Fwp%2Fv2%2Fmedia&parent=14269"}],"wp:term":[{"taxonomy":"category","embeddable":true,"href":"http:\/\/www.korhanyilmaz.com\/index.php?rest_route=%2Fwp%2Fv2%2Fcategories&post=14269"},{"taxonomy":"post_tag","embeddable":true,"href":"http:\/\/www.korhanyilmaz.com\/index.php?rest_route=%2Fwp%2Fv2%2Ftags&post=14269"}],"curies":[{"name":"wp","href":"https:\/\/api.w.org\/{rel}","templated":true}]}}