{"id":14265,"date":"2009-09-05T11:00:17","date_gmt":"2009-09-05T08:00:17","guid":{"rendered":"http:\/\/www.korhanyilmaz.com\/?p=14265"},"modified":"2021-10-19T20:53:53","modified_gmt":"2021-10-19T17:53:53","slug":"erdogan-chp-gelmezse-biz-gideriz","status":"publish","type":"post","link":"http:\/\/www.korhanyilmaz.com\/?p=14265","title":{"rendered":"Erdo\u011fan: &quot;CHP gelmezse biz gideriz&quot;"},"content":{"rendered":"<p style=\"text-align: center;\">\n<p><a href=\"http:\/\/www.korhanyilmaz.com\/wp-content\/uploads\/2009\/09\/527d56ea992df10804779d80.webp\"><img loading=\"lazy\" decoding=\"async\" class=\"aligncenter wp-image-69913\" src=\"http:\/\/www.korhanyilmaz.com\/wp-content\/uploads\/2009\/09\/527d56ea992df10804779d80.webp\" alt=\"\" width=\"400\" height=\"200\" \/><\/a><\/p>\n<p style=\"text-align: justify;\">CHP, K\u00fcrt a\u00e7\u0131l\u0131m\u0131yla ilgili randevu isteyen \u0130\u00e7i\u015fleri Bakan\u0131 Be\u015fir Atalay&#8217;a yan\u0131t vermemi\u015f, &#8220;Ba\u015fbakan Recep Tayyip Erdo\u011fan kendi neden gelmiyor?&#8221; diye tepki g\u00f6stermi\u015fti. Ba\u015fbakan Erdo\u011fan \u0130stanbul&#8217;da K\u00fcrt a\u00e7\u0131l\u0131m\u0131yla ilgili olarak, &#8220;CHP gelmezse randevu al\u0131r biz gideriz&#8221; dedi; &#8220;S\u00fcre\u00e7 ba\u015flay\u0131nca i\u00e7eri\u011fini halka anlataca\u011f\u0131z&#8221; diye konu\u015ftu. CHP&#8217;den an\u0131nda yan\u0131t geldi, CHP S\u00f6zc\u00fcs\u00fc Mustafa \u00d6zy\u00fcrek, &#8220;Erdo\u011fan hen\u00fcz bizden randevu talep etmedi. Olursa de\u011ferlendiririz&#8221; dedi.<\/p>\n<p style=\"text-align: justify;\">Erdo\u011fan, \u0130stanbul B\u00fcy\u00fck\u015fehir Belediyesi&#8217;nin iftar yeme\u011finde yapt\u0131\u011f\u0131 konu\u015fmada T\u00fcrkiye&#8217;nin b\u00fcy\u00fckl\u00fc\u011f\u00fcn\u00fc, g\u00fcc\u00fcn\u00fc ve etkisini idrak edemeyenlerin \u00f6z g\u00fcven sorunu ya\u015fayabildiklerini ancak milletin, T\u00fcrkiye&#8217;nin geldi\u011fi noktay\u0131 \u00e7ok iyi g\u00f6rd\u00fc\u011f\u00fcn\u00fc s\u00f6yledi. <!--more--><\/p>\n<p style=\"text-align: justify;\">Ba\u015fbakan Erdo\u011fan, &#8220;Att\u0131\u011f\u0131m\u0131z her ad\u0131m kar\u015f\u0131s\u0131nda &#8216;T\u00fcrkiye b\u00f6l\u00fcnd\u00fc, b\u00f6l\u00fcn\u00fcyor, b\u00f6l\u00fcnecek&#8217; demek, bu korkuyu g\u00fcn be g\u00fcn b\u00fcy\u00fctmek, \u00e7ok b\u00fcy\u00fck bir \u00f6zg\u00fcven eksikli\u011fine i\u015faret eder&#8221; dedi.<\/p>\n<p style=\"text-align: justify;\">6,5 y\u0131l \u00f6nce g\u00f6reve geldiklerinde &#8216;Biz. bu milletin efendisi olmaya de\u011fil, hizmetkar\u0131 olmaya geldik&#8221; dediklerini hat\u0131rlatan Erdo\u011fan, &#8220;Bizim fark\u0131m\u0131z bu. \u00c7\u00fcnk\u00fc, hizmet etmek istiyoruz ve bu \u00fclkede petrol yok. Yok ama ondan \u00e7ok daha \u00f6nemli de\u011ferler var. Bizim gen\u00e7 dinamik bir n\u00fcfusumuz, insan potansiyelimiz var. Fakat nereye el atsan kar\u015f\u0131nda stat\u00fcko. Bak\u0131yorsun bariyerler. Size ad\u0131m att\u0131rm\u0131yorlar, engelliyorlar. \u015ea\u015fars\u0131n\u0131z. Hay\u0131rd\u0131r ne oluyor? Her \u015feyi konu\u015fam\u0131yorsunuz ki&#8230; &#8216;Ya siz Ba\u015fbakans\u0131n\u0131z nas\u0131l konu\u015fam\u0131yorsunuz?&#8217; Evet konu\u015fam\u0131yoruz, ama konu\u015faca\u011f\u0131m\u0131z g\u00fcnler de gelecek. Onu da s\u00f6yleyeyim&#8221; dedi.<\/p>\n<p style=\"text-align: justify;\">Kimilerinin kendisine &#8220;Sak\u0131n dokunma yanars\u0131n&#8221;, &#8220;Elini ta\u015f\u0131n alt\u0131na sokma, risk alma&#8221; dediklerini anlatan Erdo\u011fan, &#8220;Hocam, &#8216;Ekonomi risktir&#8217; derdi. Daha sonra okuduk\u00e7a \u015funu \u00f6\u011frendik. Siyaset de risk. Ama \u015fimdi g\u00f6r\u00fcyorum ki, ya\u015fam risktir. Bunu b\u00f6yle biliniz. Ya\u015fam risk oldu\u011funa g\u00f6re, art\u0131k diyoruz ki, biz bu yola \u00e7\u0131kt\u0131k, \u00f6yleyse bu riski \u00fczerimize ald\u0131k. Bedeli ne olursa olsun bunu \u00f6demek suretiyle bu yola devam edece\u011fiz&#8221; dedi.<\/p>\n<p style=\"text-align: justify;\">Erdo\u011fan, T\u00fcrkiye&#8217;nin bir \u00e7ok kronik meselesiyle uzun zaman kaybetti\u011fine dikkat \u00e7ekerek, &#8220;Bunun s\u00fcrd\u00fcr\u00fclebilir bir durum olmad\u0131\u011f\u0131n\u0131 art\u0131k aziz milletimiz de biz de \u00e7ok iyi biliyoruz. Stat\u00fckoyu savunanlar, \u00e7\u00f6z\u00fcms\u00fczl\u00fc\u011f\u00fc devam ettirmek isteyenlerin anlamak istemedikleri ger\u00e7ek \u015fudur. Bug\u00fcn ne stat\u00fckoyu devam ettirmek m\u00fcmk\u00fcnd\u00fcr, ne \u00e7\u00f6z\u00fcms\u00fczl\u00fc\u011f\u00fc \u00e7\u00f6z\u00fcm olarak s\u00fcrd\u00fcrmek m\u00fcmk\u00fcnd\u00fcr&#8221; diye konu\u015ftu.<\/p>\n<p style=\"text-align: justify;\"><strong>&#8220;Biz \u015fu an dinliyoruz&#8221; <\/strong><\/p>\n<p style=\"text-align: justify;\">&#8220;T\u00fcrkiye&#8217;nin \u00e7\u0131kar\u0131, T\u00fcrk milletinin \u00e7\u0131kar\u0131 ge\u00e7mi\u015fin politikalar\u0131n\u0131n s\u00fcrd\u00fcrmekten ge\u00e7miyor. Biz art\u0131k onlarda \u0131srar etmiyoruz. T\u00fcrkiye&#8217;nin milli menfaatleri neyi gerektiriyorsa biz bundan bahsediyoruz&#8221; diyen Erdo\u011fan, &#8220;\u0130\u015fte biz buna \u00e7\u00f6z\u00fcm diyoruz. Bir ay \u00f6nce ba\u015flatt\u0131\u011f\u0131m\u0131z milli birlik projemiz bu s\u00fcrecin \u00f6nemli bir aya\u011f\u0131 olarak son derece sa\u011fl\u0131kl\u0131 bir zeminde ilerlemeye devam ediyor. Demokratik a\u00e7\u0131l\u0131m diyerek demokratik, laik, sosyal bir hukuk devletinin en ideal anlamda b\u00f6yle bir demokratik a\u00e7\u0131l\u0131mla ba\u015fta ter\u00f6r sorunu olmak \u00fczere atmas\u0131 gereken en \u00f6nemli ad\u0131m\u0131 att\u0131k&#8221; \u015feklinde konu\u015ftu.<\/p>\n<p style=\"text-align: justify;\">Bir ay\u0131 a\u015fk\u0131n s\u00fcredir T\u00fcrkiye&#8217;nin meselelerini cesaretle tart\u0131\u015ft\u0131\u011f\u0131n\u0131, \u0130\u00e7i\u015fleri Bakan\u0131 Be\u015fir Atalay&#8217;\u0131n siyasi partilerden sivil toplum \u00f6rg\u00fctlerine akademisyenlere yaz\u0131l\u0131 ve g\u00f6rsel medya temsilcilerine kadar herkesle g\u00f6r\u00fc\u015ft\u00fc\u011f\u00fcn\u00fc an\u0131msatan Erdo\u011fan, kendilerinin \u015fu an konu\u015fmad\u0131klar\u0131n\u0131 sadece dinlediklerini bildirdi.<\/p>\n<p style=\"text-align: justify;\">Y\u00fczde 1&#8217;in \u00fczerinde oy alm\u0131\u015f siyasi partilerin hepsinden Bakan Atalay&#8217;\u0131n bizzat yaz\u0131l\u0131 olarak randevu talep etti\u011fini ifade eden Erdo\u011fan, &#8220;Ve bir siyasi parti yaz\u0131l\u0131 olarak olumsuz cevap verdi. CHP&#8217;den herhangi bir cevap almad\u0131k. S\u00f6zl\u00fc olarak onlar da olumsuz yakla\u015ft\u0131. Temenni ederim ki, Meclis a\u00e7\u0131l\u0131ncaya kadar belki CHP&#8217;den de gelir. Gelmedi\u011fi takdirde biz gideriz&#8221; dedi.<\/p>\n<p style=\"text-align: justify;\">Erdo\u011fan ayr\u0131ca, &#8220;Ger\u00e7i CHP&#8217;nin bu konuyla ilgili olarak 89 ve 99 K\u00fcrt Raporu belli. Ve ge\u00e7enlerde biliyorsunuz say\u0131n Baykal a\u00e7\u0131klad\u0131. Dedi ki &#8216;Biz, raporumuzun arkas\u0131nday\u0131z&#8217; O da zaten i\u015fimizi kolayla\u015ft\u0131r\u0131yor asl\u0131nda. Tabii Say\u0131n Baykal&#8217;\u0131n o raporundakileri, biz hayal dahi edemeyiz. O denli ileri ma\u015fallah. Ama buna ra\u011fmen biz yine de gerekirse hem randevumuzu talep ederiz ve gider kendileriyle hem raporlar\u0131n\u0131 da ortaya koyar\u0131z hem bize b\u00fct\u00fcn gelen d\u00fc\u015f\u00fcncelerini orada kendileri ile m\u00fczakere ederiz&#8221; diye konu\u015ftu.<\/p>\n<p style=\"text-align: justify;\"><strong>&#8220;Reformlar\u0131m\u0131z\u0131 kamuoyuna a\u00e7\u0131klayaca\u011f\u0131z&#8221;<br \/>\n<\/strong><\/p>\n<p style=\"text-align: justify;\">Ba\u015fbakan Recep Tayyip Erdo\u011fan, TBMM&#8217;de yap\u0131lacak bir oturumla s\u00fcreci ba\u015flatacaklar\u0131n\u0131 ve ba\u015flatt\u0131klar\u0131nda i\u00e7erikte neler oldu\u011funu halka anlatacaklar\u0131n\u0131 bildirerek, &#8220;Reformlar\u0131m\u0131z\u0131 kamuoyuna a\u00e7\u0131klayaca\u011f\u0131z. Tabii bunlar k\u0131sa, orta, uzun vadede&#8230;Bunlar\u0131n hepsi bir anda olacak i\u015fler de\u011fil, kusura bakmay\u0131n. Kutlu bir do\u011fum 9 ay 10 g\u00fcnde oluyor. Bir anda olmuyor. Dolay\u0131s\u0131yla sab\u0131rla bu olacak&#8221; diye konu\u015ftu.<\/p>\n<p style=\"text-align: justify;\">Erdo\u011fan, b\u00f6ylece T\u00fcrkiye i\u00e7in karde\u015fli\u011fin peki\u015fti\u011fi, demokrasinin, hukukun daha da g\u00fc\u00e7lendi\u011fi bir d\u00f6nemi ba\u015flatm\u0131\u015f olacaklar\u0131n\u0131 s\u00f6yledi.<\/p>\n<p style=\"text-align: justify;\">&#8220;30 y\u0131l askeri b\u00fct\u00fcn tedbirleri g\u00fcvenlik olarak polisimizle b\u00fct\u00fcn tedbirleri uygulad\u0131k m\u0131? Uygulad\u0131k. Geldi\u011fimiz nokta ortada. \u00c7\u00f6zebildik mi? \u00c7\u00f6zemedik&#8221; diyen Erdo\u011fan, \u00e7\u00f6z\u00fcm olaca\u011f\u0131n\u0131 ancak \u00f6ncelikle bu i\u015fin psikolojik, sosyolojik, siyasi ve diplomatik boyutunun bulundu\u011funu kaydetti.<\/p>\n<p style=\"text-align: justify;\">Erdo\u011fan, T\u00fcrkiye&#8217;nin 81 vilayetinde annelerin babalar\u0131n 24 saat yolu g\u00f6zlediklerini belirterek, &#8220;24 saat boyunca \u00e7alan her telefona korkuyla, \u00fcrpertiyle, tedirginlikle bir y\u00fcrek s\u0131z\u0131s\u0131yla ko\u015fan bir annenin psikolojisini hi\u00e7 bir siyasi deme\u00e7, hi\u00e7bir siyasi a\u00e7\u0131klama, hi\u00e7bir siyasi s\u00f6ylem ve nutuk izah edemez. Bu anneleri anlamak, bu annelerin y\u00fcrek s\u0131z\u0131s\u0131na ortak olmak, senin benim herkesin en \u00f6ncelikli vazifesidir&#8221; dedi.<\/p>\n<p style=\"text-align: justify;\">&#8220;Demokratik a\u00e7\u0131l\u0131ma kar\u015f\u0131 duranlar \u00e7\u0131ks\u0131nlar annelerin y\u00fcre\u011fini serinletecek, annelerin g\u00f6zya\u015f\u0131n\u0131 dindirecek bir \u00f6neri getirsinler. Yok. Hi\u00e7 duydunuz mu Allah a\u015fk\u0131na? &#8216;Olmaz&#8217; diyenlerin &#8216;\u015e\u00f6yle olur&#8217; dedi\u011fini hi\u00e7 duydunuz mu? S\u0131k\u0131nt\u0131 bunda&#8221; diyen Ba\u015fbakan, &#8220;E\u011fer diyorlar da biz yapm\u0131yorsak, bizi ta\u015fa tutsunlar, topa tutsunlar. Demiyorlar. Aksi halde desinler ki, &#8216;Siz, bu ac\u0131lar\u0131 y\u00fcre\u011finize g\u00f6meceksiniz. Daha fazla ac\u0131 \u00e7ekmeye tahamm\u00fcl edeceksiniz&#8217; T\u00fcrkiye bu ac\u0131lar\u0131 sineye \u00e7ekmek, kaynaklar\u0131n\u0131 heba etmek, insanlar aras\u0131nda yeni ayr\u0131\u015fmalar \u00fcretmek durumunda de\u011fildir&#8221; \u015feklinde konu\u015ftu.<\/p>\n<p style=\"text-align: justify;\">Annelerin a\u011flad\u0131\u011f\u0131 bir \u00fclkede hi\u00e7bir ekonomik g\u00f6stergenin, hi\u00e7bir bir ekonomik ba\u015far\u0131n\u0131n anlaml\u0131 olmad\u0131\u011f\u0131na i\u015faret eden Erdo\u011fan, \u00fclkenin bir b\u00f6l\u00fcm\u00fc kendini itilmi\u015f yok say\u0131lm\u0131\u015f hissediyorsa o \u00fclkede huzurdan, refahtan ve g\u00fcven ortam\u0131ndan bahsedilemeyece\u011fini s\u00f6yledi.<\/p>\n<p style=\"text-align: justify;\">&#8220;T\u00fcrkiye&#8217;nin birli\u011fi de b\u00fct\u00fcnl\u00fc\u011f\u00fc de huzuru da refah\u0131 da g\u00fcvenli\u011fi de bu meseleyi \u00e7\u00f6zmekten ge\u00e7iyor&#8221; diyen Erdo\u011fan, bu nedenle ellerini ta\u015f\u0131n alt\u0131na koyduklar\u0131n\u0131, T\u00fcrkiye&#8217;deki 71,5 milyon insan\u0131n tamam\u0131n\u0131 etnik kimlik ay\u0131rt etmeksizin sevdiklerini kaydetti.<\/p>\n<p style=\"text-align: justify;\"><strong><em>&#8220;Kimse bize ayr\u0131mc\u0131l\u0131k damgas\u0131n\u0131 vuramaz&#8221;<\/em><\/strong><\/p>\n<p style=\"text-align: justify;\">Ba\u015fbakan Erdo\u011fan, \u015funlar\u0131 s\u00f6yledi: &#8220;Kimse bize ayr\u0131mc\u0131l\u0131k damgas\u0131n\u0131 vuramaz. Bize ayr\u0131mc\u0131l\u0131k damgas\u0131n\u0131 vuranlara sesleniyorum. Git 81 vilayeti dola\u015f. Biz, 81 vilayetin 61 tanesinde birinci partiyiz. Di\u011ferlerinde ikinci partiyiz. Siz ka\u00e7 tanesinde vars\u0131n\u0131z? \u00d6nce bunu kendinize sorun. Biz gidilmedik il, il\u00e7e b\u0131rakmad\u0131k. B\u00f6yle ko\u015fuyoruz. Biz, halk\u0131m\u0131z\u0131 kucakl\u0131yoruz. Halk\u0131m\u0131z da bizi kucakl\u0131yor. Aram\u0131zdaki fark bu&#8221; dedi.<\/p>\n<p style=\"text-align: justify;\">Konu\u015fmas\u0131nda Mu\u015flu bir gencin kendisine yazd\u0131\u011f\u0131 mektubu da aktaran Erdo\u011fan, bu gencin mektubunda babas\u0131n\u0131n 12 y\u0131l, kendisinin de 2 y\u0131l hapis yapt\u0131\u011f\u0131n\u0131, k\u0131z karde\u015finin da\u011fda oldu\u011funu belirtti\u011fini ve sorununu \u00e7\u00f6z\u00fcm\u00fcne y\u00f6nelik temennisini dile getirdi\u011fini anlatt\u0131.<\/p>\n<p style=\"text-align: justify;\">Erdo\u011fan, daha sonra telefonla arad\u0131\u011f\u0131 gencin kendisine &#8220;Ba\u015fka partiye oy verdim ama \u015fimdi \u00fclkemde Cumhurba\u015fkan\u0131na benim Cumhurba\u015fkan\u0131m&#8217;, Ba\u015fbakana benim Ba\u015fbakan\u0131m diyebiliyorum. Ne olur bu sorunu \u00e7\u00f6z\u00fcn&#8221; dedi\u011fini belirtti.<\/p>\n<p style=\"text-align: justify;\"><strong><em>ERMEN\u0130STAN KONUSU <\/em><\/strong><\/p>\n<p style=\"text-align: justify;\">Ermenistan konusuna da de\u011finen Erdo\u011fan, \u0130svi\u00e7re&#8217;nin arabuluculu\u011fuyla Ermenistan ve T\u00fcrkiye aras\u0131ndaki meselelerin g\u00f6r\u00fc\u015f\u00fclmeye ba\u015fland\u0131\u011f\u0131 bir protokol\u00fcn imzaland\u0131\u011f\u0131n\u0131 hat\u0131rlatt\u0131. &#8220;Hemen birileri bak\u0131yorsunuz rahats\u0131z oldular. Feryad\u0131 figan&#8230; Hemen bak\u0131yorsunuz Azerbaycan&#8217;a \u00e7e\u015fitli olumsuz haberler oradaki karde\u015flerimizi rahats\u0131z etmek \u00fczere&#8230; \u0130\u00e7inde ne var haberi yok. Ne oluyor haberi yok. Bu her iki \u00fclkenin parlamentosundan ge\u00e7ecek, oralardan onay alacak. Bu onay olmadan y\u00fcr\u00fcrl\u00fc\u011fe girmesi diye bir \u015fey s\u00f6z konusu de\u011fil. Yani biz bunlar\u0131 konu\u015fmakla ne kaybederiz? Konu\u015farak anla\u015faca\u011f\u0131z. Konu\u015fmadan anla\u015fmam\u0131z m\u00fcmk\u00fcn m\u00fc? Yap\u0131lan bu&#8221; dedi.<\/p>\n<p style=\"text-align: justify;\">Ba\u015fbakan Erdo\u011fan s\u00f6zlerini &#8220;Art\u0131k bunlar\u0131 a\u015fan bir T\u00fcrkiye var. Ve \u00e7ok daha iyi bir noktaya bunu in\u015fallah getirece\u011fiz. T\u00fcrkiye&#8217;yi g\u00fczel g\u00fcnlerin bekledi\u011fine t\u00fcm y\u00fcre\u011fimle inan\u0131yorum&#8221; diye tamamlad\u0131.<\/p>\n<p style=\"text-align: justify;\"><strong><em>AB S\u00dcREC\u0130<\/em><\/strong><\/p>\n<p style=\"text-align: justify;\">Avrupa Birli\u011fi&#8217;ne y\u00f6nelik birilerinin korku \u00e7\u0131\u011fl\u0131klar\u0131 att\u0131\u011f\u0131n\u0131 s\u00f6yleyen Erdo\u011fan, &#8220;T\u00fcrkiye, AB&#8217;ye girer veya girmez. Biz girecekmi\u015f gibi \u00e7al\u0131\u015f\u0131yoruz. Ve ne gerekiyorsa onu da yap\u0131yoruz. AB, T\u00fcrkiye&#8217;yi kabul ederse kendi kazan\u0131r, biz de kazan\u0131r\u0131z. Fakat AB, T\u00fcrkiye&#8217;yi i\u00e7ine almazsa kendi kaybeder. Niye bunu s\u00f6yl\u00fcyorum? \u00c7\u00fcnk\u00fc, T\u00fcrkiye, bir bu\u00e7uk milyarl\u0131k \u0130slam d\u00fcnyas\u0131n\u0131n temsilcisi olarak AB i\u00e7erisinde yerini alacak ve bir k\u00f6pr\u00fc olacak. Bu \u00e7ok \u00f6nemlidir. Ve \u015fu anda 1,5 milyarl\u0131k \u0130slam d\u00fcnyas\u0131 T\u00fcrkiye&#8217;nin AB&#8217;ye giri\u015fini merakla bekliyor&#8221; \u015feklinde konu\u015ftu.<\/p>\n<p style=\"text-align: justify;\"><strong><em>KIBRIS MESELES\u0130 <\/em><\/strong><\/p>\n<p style=\"text-align: justify;\">Konu\u015fmas\u0131nda, K\u0131br\u0131s konusundaki ele\u015ftirilere de de\u011finen Ba\u015fbakan Erdo\u011fan, &#8220;K\u0131br\u0131s meselesinin \u00fczerine gittik. Bize dediler ki &#8216;Ne yap\u0131yorsunuz siz? Bug\u00fcne kadar kim geldi bunu \u00e7\u00f6zd\u00fc de siz \u00e7\u00f6zeceksiniz.&#8217; Bir taraf bunu s\u00f6ylerken, bir taraf kalkt\u0131 ve dediler ki, &#8216;K\u0131br\u0131s&#8217;\u0131 pe\u015fke\u015f \u00e7ekiyorlar.&#8217; Hangisi do\u011fru? O mu do\u011fru, bu mu do\u011fru? K\u0131br\u0131s yerinde duruyor. \u015eu anda Say\u0131n Talat&#8217;\u0131n d\u00fcnyadaki itibar\u0131 hi\u00e7bir bundan \u00f6nceki gerek Cumhurba\u015fkan\u0131, gerek di\u011ferlerinin g\u00f6rmedi\u011fi itibarla mukayese edilmeyecek kadar fazla&#8221; \u015feklinde konu\u015ftu.<\/p>\n<p style=\"text-align: justify;\"><span style=\"color: #888888;\">CNN T\u00dcRK<\/span><\/p>\n","protected":false},"excerpt":{"rendered":"<p style=\"text-align: center;\">\n<p style=\"text-align: justify;\">CHP, K\u00fcrt a\u00e7\u0131l\u0131m\u0131yla ilgili randevu isteyen \u0130\u00e7i\u015fleri Bakan\u0131 Be\u015fir Atalay&#8217;a yan\u0131t vermemi\u015f, &#8220;Ba\u015fbakan Recep Tayyip Erdo\u011fan kendi neden gelmiyor?&#8221; diye tepki g\u00f6stermi\u015fti. Ba\u015fbakan Erdo\u011fan \u0130stanbul&#8217;da K\u00fcrt a\u00e7\u0131l\u0131m\u0131yla ilgili olarak, &#8220;CHP gelmezse randevu al\u0131r biz gideriz&#8221; dedi; &#8220;S\u00fcre\u00e7 ba\u015flay\u0131nca i\u00e7eri\u011fini halka anlataca\u011f\u0131z&#8221; diye konu\u015ftu. CHP&#8217;den an\u0131nda yan\u0131t geldi, CHP S\u00f6zc\u00fcs\u00fc <\/p>\n","protected":false},"author":1,"featured_media":0,"comment_status":"open","ping_status":"closed","sticky":false,"template":"","format":"standard","meta":{"footnotes":""},"categories":[105],"tags":[],"class_list":["post-14265","post","type-post","status-publish","format-standard","hentry","category-gundem","odd"],"_links":{"self":[{"href":"http:\/\/www.korhanyilmaz.com\/index.php?rest_route=\/wp\/v2\/posts\/14265","targetHints":{"allow":["GET"]}}],"collection":[{"href":"http:\/\/www.korhanyilmaz.com\/index.php?rest_route=\/wp\/v2\/posts"}],"about":[{"href":"http:\/\/www.korhanyilmaz.com\/index.php?rest_route=\/wp\/v2\/types\/post"}],"author":[{"embeddable":true,"href":"http:\/\/www.korhanyilmaz.com\/index.php?rest_route=\/wp\/v2\/users\/1"}],"replies":[{"embeddable":true,"href":"http:\/\/www.korhanyilmaz.com\/index.php?rest_route=%2Fwp%2Fv2%2Fcomments&post=14265"}],"version-history":[{"count":0,"href":"http:\/\/www.korhanyilmaz.com\/index.php?rest_route=\/wp\/v2\/posts\/14265\/revisions"}],"wp:attachment":[{"href":"http:\/\/www.korhanyilmaz.com\/index.php?rest_route=%2Fwp%2Fv2%2Fmedia&parent=14265"}],"wp:term":[{"taxonomy":"category","embeddable":true,"href":"http:\/\/www.korhanyilmaz.com\/index.php?rest_route=%2Fwp%2Fv2%2Fcategories&post=14265"},{"taxonomy":"post_tag","embeddable":true,"href":"http:\/\/www.korhanyilmaz.com\/index.php?rest_route=%2Fwp%2Fv2%2Ftags&post=14265"}],"curies":[{"name":"wp","href":"https:\/\/api.w.org\/{rel}","templated":true}]}}