{"id":14261,"date":"2009-09-04T18:17:44","date_gmt":"2009-09-04T15:17:44","guid":{"rendered":"http:\/\/www.korhanyilmaz.com\/?p=14261"},"modified":"2009-09-04T18:17:44","modified_gmt":"2009-09-04T15:17:44","slug":"baykala-gore-acilimin-tadi-kacti","status":"publish","type":"post","link":"http:\/\/www.korhanyilmaz.com\/?p=14261","title":{"rendered":"Baykal&#039;a g\u00f6re &#039;a\u00e7\u0131l\u0131m\u0131n tad\u0131 ka\u00e7t\u0131&#039;"},"content":{"rendered":"<p style=\"text-align: center;\"><a href=\"http:\/\/www.korhanyilmaz.com\/wp-content\/uploads\/2009\/09\/baykal.jpg\"  class=\"lightview\"><img loading=\"lazy\" decoding=\"async\" class=\"aligncenter size-full wp-image-14262\" src=\"http:\/\/www.korhanyilmaz.com\/wp-content\/uploads\/2009\/09\/baykal.jpg\" alt=\"\" width=\"307\" height=\"236\" \/><\/a><\/p>\n<p style=\"text-align: justify;\">H\u00fck\u00fcmetin K\u00fcrt a\u00e7\u0131l\u0131m\u0131 i\u00e7in &#8220;Ben bir yanl\u0131\u015f\u0131 \u00f6nlemeye \u00e7al\u0131\u015f\u0131yorum&#8221; diyen CHP lideri Deniz Baykal&#8217;a g\u00f6re, &#8220;a\u00e7\u0131l\u0131m\u0131n art\u0131k tad\u0131 ka\u00e7t\u0131&#8221;. CHP lideri, DTP&#8217;nin Diyarbak\u0131r mitingiyle ilgili &#8220;S\u00fcreci te\u015fhir etti&#8221; ifadesini kulland\u0131; &#8220;A\u00e7\u0131l\u0131m dedikleri olay, bizim bir\u015fey s\u00f6ylememize gerek kalmadan \u00e7ok ciddi \u00e7\u00f6k\u00fcnt\u00fcye u\u011frad\u0131&#8221; yorumunu yapt\u0131.<\/p>\n<p style=\"text-align: justify;\">Deniz Baykal, CHP y\u00f6neticileri ile g\u00fcncel geli\u015fmeleri de\u011ferlendirdi; CHP bas\u0131n b\u00fcrosu da o de\u011ferlendirmeleri a\u00e7\u0131klad\u0131.<\/p>\n<p style=\"text-align: justify;\">A\u00e7\u0131klamaya g\u00f6re Baykal, toplumda ciddi bir gerilim ya\u015fand\u0131\u011f\u0131 g\u00f6r\u00fc\u015f\u00fcnde. Bunu da ayr\u0131lma tart\u0131\u015fmalar\u0131na ba\u011flad\u0131.<\/p>\n<p style=\"text-align: justify;\">Baykal, &#8220;Bat\u0131&#8217;da ya\u015fayan K\u00fcrt k\u00f6kenli insanlar\u0131m\u0131z ciddi s\u0131k\u0131nt\u0131lar ile kar\u015f\u0131 kar\u015f\u0131ya kalmaya ba\u015flad\u0131&#8221; dedi. <!--more--><\/p>\n<p style=\"text-align: justify;\">DTP&#8217;nin Diyarbak\u0131r mitingi i\u00e7in &#8220;Bu ayr\u0131\u015fmay\u0131 kamufle edemez hale getirdi&#8221; de\u011ferlendirmesini yapan Baykal, &#8220;Acil m\u00fcdahale ihtiyac\u0131 birden kalkt\u0131. Pazartesi bas\u0131n toplant\u0131s\u0131 yapmak istiyordum, Diyarbak\u0131r mitingini g\u00f6r\u00fcnce anlam\u0131 kalmad\u0131&#8221; dedi.<\/p>\n<p style=\"text-align: justify;\">Baykal, Ba\u015fbakanl\u0131k&#8217;taki g\u00fcvenlik zirvesini de &#8220;Art\u0131k resmi \u00e7evreler dahi bu konuda gerilim i\u00e7ine girmi\u015flerdir&#8221; s\u00f6zleri ile de\u011ferlendirdi.<\/p>\n<p style=\"text-align: justify;\">Abdullah \u00d6calan&#8217;\u0131n \u0130mral\u0131&#8217;dan g\u00f6nderdi\u011fi metnin hala a\u00e7\u0131klanmad\u0131\u011f\u0131na da dikkat \u00e7eken CHP lideri, &#8220;saklayarak bir yere varman\u0131n m\u00fcmk\u00fcn olmayaca\u011f\u0131n\u0131&#8221; s\u00f6yledi.<\/p>\n<p style=\"text-align: justify;\"><span style=\"color: #888888;\">CNN T\u00dcRK<\/span><\/p>\n","protected":false},"excerpt":{"rendered":"<p style=\"text-align: center;\">\n<p style=\"text-align: justify;\">H\u00fck\u00fcmetin K\u00fcrt a\u00e7\u0131l\u0131m\u0131 i\u00e7in &#8220;Ben bir yanl\u0131\u015f\u0131 \u00f6nlemeye \u00e7al\u0131\u015f\u0131yorum&#8221; diyen CHP lideri Deniz Baykal&#8217;a g\u00f6re, &#8220;a\u00e7\u0131l\u0131m\u0131n art\u0131k tad\u0131 ka\u00e7t\u0131&#8221;. CHP lideri, DTP&#8217;nin Diyarbak\u0131r mitingiyle ilgili &#8220;S\u00fcreci te\u015fhir etti&#8221; ifadesini kulland\u0131; &#8220;A\u00e7\u0131l\u0131m dedikleri olay, bizim bir\u015fey s\u00f6ylememize gerek kalmadan \u00e7ok ciddi \u00e7\u00f6k\u00fcnt\u00fcye u\u011frad\u0131&#8221; yorumunu yapt\u0131.<\/p>\n<p style=\"text-align: justify;\">Deniz Baykal, CHP y\u00f6neticileri <\/p>\n","protected":false},"author":1,"featured_media":0,"comment_status":"open","ping_status":"closed","sticky":false,"template":"","format":"standard","meta":{"footnotes":""},"categories":[105],"tags":[],"class_list":["post-14261","post","type-post","status-publish","format-standard","hentry","category-gundem","odd"],"_links":{"self":[{"href":"http:\/\/www.korhanyilmaz.com\/index.php?rest_route=\/wp\/v2\/posts\/14261","targetHints":{"allow":["GET"]}}],"collection":[{"href":"http:\/\/www.korhanyilmaz.com\/index.php?rest_route=\/wp\/v2\/posts"}],"about":[{"href":"http:\/\/www.korhanyilmaz.com\/index.php?rest_route=\/wp\/v2\/types\/post"}],"author":[{"embeddable":true,"href":"http:\/\/www.korhanyilmaz.com\/index.php?rest_route=\/wp\/v2\/users\/1"}],"replies":[{"embeddable":true,"href":"http:\/\/www.korhanyilmaz.com\/index.php?rest_route=%2Fwp%2Fv2%2Fcomments&post=14261"}],"version-history":[{"count":0,"href":"http:\/\/www.korhanyilmaz.com\/index.php?rest_route=\/wp\/v2\/posts\/14261\/revisions"}],"wp:attachment":[{"href":"http:\/\/www.korhanyilmaz.com\/index.php?rest_route=%2Fwp%2Fv2%2Fmedia&parent=14261"}],"wp:term":[{"taxonomy":"category","embeddable":true,"href":"http:\/\/www.korhanyilmaz.com\/index.php?rest_route=%2Fwp%2Fv2%2Fcategories&post=14261"},{"taxonomy":"post_tag","embeddable":true,"href":"http:\/\/www.korhanyilmaz.com\/index.php?rest_route=%2Fwp%2Fv2%2Ftags&post=14261"}],"curies":[{"name":"wp","href":"https:\/\/api.w.org\/{rel}","templated":true}]}}