{"id":14258,"date":"2009-09-05T10:20:21","date_gmt":"2009-09-05T07:20:21","guid":{"rendered":"http:\/\/www.korhanyilmaz.com\/?p=14258"},"modified":"2009-09-05T10:20:21","modified_gmt":"2009-09-05T07:20:21","slug":"munevver-cinayetinde-sona-mi-gelindi","status":"publish","type":"post","link":"http:\/\/www.korhanyilmaz.com\/?p=14258","title":{"rendered":"M\u00fcnevver cinayetinde sona m\u0131 gelindi?"},"content":{"rendered":"<p style=\"text-align: center;\"><a href=\"http:\/\/www.korhanyilmaz.com\/wp-content\/uploads\/2009\/09\/KARABULUT.jpg\"  class=\"lightview\"><img loading=\"lazy\" decoding=\"async\" class=\"size-full wp-image-14259 aligncenter\" src=\"http:\/\/www.korhanyilmaz.com\/wp-content\/uploads\/2009\/09\/KARABULUT.jpg\" alt=\"\" width=\"307\" height=\"236\" \/><\/a><\/p>\n<p style=\"text-align: justify;\">\u0130stanbul Valisi Muammer G\u00fcler, \u00f6ld\u00fcr\u00fclen M\u00fcnevver Karabulut&#8217;un babas\u0131 S\u00fcreyya Karabulut&#8217;a sab\u0131r diledi\u011fini belirtirken, &#8220;Bu sefer ki sab\u0131r tavsiyem \u00e7ok uzun bir zaman\u0131 kapsamayacak&#8221; dedi.<\/p>\n<p style=\"text-align: justify;\">Vali Muammer G\u00fcler, d\u00fcn yapt\u0131\u011f\u0131 bas\u0131n a\u00e7\u0131klamas\u0131ndaki tav\u0131rlar\u0131 ile herkesi \u015fa\u015f\u0131rtan M\u00fcnevver Karabulut&#8217;un babas\u0131 S\u00fcreyya Karabulut&#8217;a bas\u0131r tavsiyeinde ulundu\u011funu s\u00f6yleyerek katil zanl\u0131s\u0131 oldu\u011fu iddias\u0131 ile aranan Cem Garipo\u011flu&#8217;nun yakalanmas\u0131 i\u00e7in hassasiyetle takibi s\u00fcrd\u00fcrd\u00fcklerini belirtti.<\/p>\n<p style=\"text-align: justify;\">Vali G\u00fcler, &#8220;\u00c7emberi daraltacak her \u015fey yap\u0131l\u0131yor. Biraz sab\u0131r tavsiye ediyorum. Bu sefer ki sab\u0131r tavsiyem \u00e7ok uzun bir zaman\u0131 kapsamayacak in\u015fallah&#8221; dedi.<\/p>\n<p style=\"text-align: justify;\"><span style=\"color: #888888;\">CNN T\u00dcRK<\/span><\/p>\n","protected":false},"excerpt":{"rendered":"<p style=\"text-align: center;\">\n<p style=\"text-align: justify;\">\u0130stanbul Valisi Muammer G\u00fcler, \u00f6ld\u00fcr\u00fclen M\u00fcnevver Karabulut&#8217;un babas\u0131 S\u00fcreyya Karabulut&#8217;a sab\u0131r diledi\u011fini belirtirken, &#8220;Bu sefer ki sab\u0131r tavsiyem \u00e7ok uzun bir zaman\u0131 kapsamayacak&#8221; dedi.<\/p>\n<p style=\"text-align: justify;\">Vali Muammer G\u00fcler, d\u00fcn yapt\u0131\u011f\u0131 bas\u0131n a\u00e7\u0131klamas\u0131ndaki tav\u0131rlar\u0131 ile herkesi \u015fa\u015f\u0131rtan M\u00fcnevver Karabulut&#8217;un babas\u0131 S\u00fcreyya Karabulut&#8217;a bas\u0131r tavsiyeinde ulundu\u011funu s\u00f6yleyerek katil zanl\u0131s\u0131 oldu\u011fu iddias\u0131 <\/p>\n","protected":false},"author":1,"featured_media":0,"comment_status":"open","ping_status":"closed","sticky":false,"template":"","format":"standard","meta":{"footnotes":""},"categories":[105],"tags":[],"class_list":["post-14258","post","type-post","status-publish","format-standard","hentry","category-gundem","odd"],"_links":{"self":[{"href":"http:\/\/www.korhanyilmaz.com\/index.php?rest_route=\/wp\/v2\/posts\/14258","targetHints":{"allow":["GET"]}}],"collection":[{"href":"http:\/\/www.korhanyilmaz.com\/index.php?rest_route=\/wp\/v2\/posts"}],"about":[{"href":"http:\/\/www.korhanyilmaz.com\/index.php?rest_route=\/wp\/v2\/types\/post"}],"author":[{"embeddable":true,"href":"http:\/\/www.korhanyilmaz.com\/index.php?rest_route=\/wp\/v2\/users\/1"}],"replies":[{"embeddable":true,"href":"http:\/\/www.korhanyilmaz.com\/index.php?rest_route=%2Fwp%2Fv2%2Fcomments&post=14258"}],"version-history":[{"count":0,"href":"http:\/\/www.korhanyilmaz.com\/index.php?rest_route=\/wp\/v2\/posts\/14258\/revisions"}],"wp:attachment":[{"href":"http:\/\/www.korhanyilmaz.com\/index.php?rest_route=%2Fwp%2Fv2%2Fmedia&parent=14258"}],"wp:term":[{"taxonomy":"category","embeddable":true,"href":"http:\/\/www.korhanyilmaz.com\/index.php?rest_route=%2Fwp%2Fv2%2Fcategories&post=14258"},{"taxonomy":"post_tag","embeddable":true,"href":"http:\/\/www.korhanyilmaz.com\/index.php?rest_route=%2Fwp%2Fv2%2Ftags&post=14258"}],"curies":[{"name":"wp","href":"https:\/\/api.w.org\/{rel}","templated":true}]}}