{"id":14254,"date":"2009-09-04T23:08:55","date_gmt":"2009-09-04T20:08:55","guid":{"rendered":"http:\/\/www.korhanyilmaz.com\/?p=14254"},"modified":"2009-09-04T23:08:55","modified_gmt":"2009-09-04T20:08:55","slug":"tsk-sahte-belge-uretenler-yargilansin","status":"publish","type":"post","link":"http:\/\/www.korhanyilmaz.com\/?p=14254","title":{"rendered":"TSK: &#039;Sahte belge \u00fcretenler yarg\u0131lans\u0131n&#039;"},"content":{"rendered":"<p style=\"text-align: justify;\"><a href=\"http:\/\/www.korhanyilmaz.com\/wp-content\/uploads\/2009\/09\/GENELKURMAY.jpg\"  class=\"lightview\"><img loading=\"lazy\" decoding=\"async\" class=\"size-full wp-image-14255 aligncenter\" src=\"http:\/\/www.korhanyilmaz.com\/wp-content\/uploads\/2009\/09\/GENELKURMAY.jpg\" alt=\"\" width=\"292\" height=\"204\" \/><\/a><\/p>\n<p style=\"text-align: justify;\">T\u00fcrk Silahl\u0131 Kuvvetleri, Taraf gazetesinde yay\u0131mlanan irtica eylem plan\u0131 konusunda, &#8220;Sahte belge \u00fcretenler adalet \u00f6n\u00fcne \u00e7\u0131kar\u0131ls\u0131n&#8221; a\u00e7\u0131klamas\u0131n\u0131 yapt\u0131. TSK, PKK&#8217;n\u0131n 13 Nisan 2009 tarihli s\u00f6zde eylemsizlik ilan\u0131n\u0131n ard\u0131ndan da eylemlerine ayn\u0131 \u015fekilde devam etti\u011fini bildirdi.<\/p>\n<p style=\"text-align: justify;\">Genelkurmay Ba\u015fkanl\u0131\u011f\u0131 \u0130leti\u015fim Daire Ba\u015fkan\u0131 Tu\u011fgeneral Metin G\u00fcrak, Genelkurmay Ba\u015fkanl\u0131\u011f\u0131 Karargah\u0131&#8217;ndaki haftal\u0131k bas\u0131n bilgilendirme toplant\u0131s\u0131nda, a\u00e7\u0131klamalarda bulundu.<\/p>\n<p style=\"text-align: justify;\"><strong><em>\u0130rtica eylem plan\u0131<\/em><\/strong><\/p>\n<p style=\"text-align: justify;\">Bir gazetede 12 Haziran 2009 tarihinde yay\u0131mlanan &#8220;\u0130rticayla M\u00fccadele Eylem Plan\u0131&#8221; ba\u015fl\u0131kl\u0131 haberle ilgili olarak, Genelkurmay Askeri Savc\u0131l\u0131\u011f\u0131 taraf\u0131ndan soru\u015fturma ba\u015flat\u0131ld\u0131\u011f\u0131n\u0131 hat\u0131rlatan Tu\u011fgeneral G\u00fcrak, soru\u015fturma sonucu askeri savc\u0131l\u0131k taraf\u0131ndan kovu\u015fturmaya yer olmad\u0131\u011f\u0131na karar verildi\u011fini bildirdi. <!--more--><\/p>\n<p style=\"text-align: justify;\">Tu\u011fgeneral G\u00fcrak, ayr\u0131ca do\u011frulu\u011fu ortaya konulamayan belgeyi \u00fcretenler, s\u0131zd\u0131ranlar ve yay\u0131mlayanlar hakk\u0131nda gerekli soru\u015fturman\u0131n yap\u0131lmas\u0131 amac\u0131yla dosyan\u0131n \u0130stanbul Cumhuriyet Ba\u015fsavc\u0131l\u0131\u011f\u0131na g\u00f6nderilmesinin kararla\u015ft\u0131rd\u0131\u011f\u0131n\u0131 da an\u0131msatt\u0131.<\/p>\n<p style=\"text-align: justify;\">Tu\u011fgeneral G\u00fcrak, &#8220;Devam eden s\u00fcre\u00e7te, \u0130stanbul Cumhuriyet Ba\u015fsavc\u0131l\u0131\u011f\u0131&#8217;n\u0131n; belgenin sahte olarak tanzim edilmesine ili\u015fkin soru\u015fturman\u0131n Ankara Cumhuriyet Ba\u015fsavc\u0131l\u0131\u011f\u0131 taraf\u0131ndan, bunun soru\u015fturma dosyas\u0131ndan s\u0131zd\u0131r\u0131lmas\u0131 ve bir gazetede yay\u0131nlanmas\u0131 ile ilgili soru\u015fturman\u0131n ise Kad\u0131k\u00f6y Cumhuriyet Ba\u015fsavc\u0131l\u0131\u011f\u0131 taraf\u0131ndan y\u00fcr\u00fct\u00fclmesine y\u00f6nelik olarak, 7 A\u011fustos 2009 tarihinde yetkisizlik karar\u0131 verdi\u011fi \u00f6\u011frenilmi\u015ftir. T\u00fcrk Silahl\u0131 Kuvvetleri, \u00f6zellikle iddia edilen belgeyi maksatl\u0131 olarak \u00fcreten ve bas\u0131n organlar\u0131na s\u0131zd\u0131ran ki\u015filerin tespit edilmelerini ve adalet \u00f6n\u00fcne \u00e7\u0131kar\u0131lmalar\u0131n\u0131 beklemekte, geli\u015fmeleri yak\u0131ndan takip etmektedir&#8221; ifadelerini kulland\u0131.<\/p>\n<p style=\"text-align: justify;\"><strong><em>PKK&#8217;n\u0131n s\u00f6zde eylemsizlik karar\u0131<\/em><\/strong><\/p>\n<p style=\"text-align: justify;\">G\u00fcrak, PKK&#8217;n\u0131n 13 Nisan 2009 tarihinden itibaren ilan edilen s\u00f6zde eylemsizlik d\u00f6neminde eylemlerine ayn\u0131 \u015fekilde devam etti\u011fini belirtti.<\/p>\n<p style=\"text-align: justify;\">Bu d\u00f6nemde g\u00fcvenlik g\u00fc\u00e7leri ile b\u00f6l\u00fcc\u00fc ter\u00f6r \u00f6rg\u00fct\u00fc mensuplar\u0131 aras\u0131nda 45 \u00e7at\u0131\u015fma meydana geldi\u011fini, 116 el yap\u0131m\u0131 may\u0131n\u0131n g\u00fcvenlik g\u00fc\u00e7lerince patlamadan bulunarak etkisiz hale getirildi\u011fini belirten Tu\u011fgeneral G\u00fcrak, 3 Temmuz 2009 tarihinde yap\u0131lan son bas\u0131n bilgilendirme toplant\u0131s\u0131ndan bug\u00fcne kadar ge\u00e7en s\u00fcrede, 31 ter\u00f6ristin kendili\u011finden teslim oldu\u011funu s\u00f6yledi.<\/p>\n<p style=\"text-align: justify;\">Tu\u011fgeneral G\u00fcrak \u015funlar\u0131 kaydetti: &#8220;Bu d\u00f6nemde de b\u00f6l\u00fcc\u00fc ter\u00f6r \u00f6rg\u00fct\u00fcnden ka\u00e7\u0131\u015flar dikkat \u00e7ekmektedir. D\u00f6nem i\u00e7inde kendili\u011finden teslim olan 31 ki\u015fi ile yap\u0131lan m\u00fclakatlarda; &#8216;Kand\u0131r\u0131lma sonucu \u00f6rg\u00fcte kat\u0131ld\u0131klar\u0131n\u0131, kat\u0131ld\u0131ktan k\u0131sa bir s\u00fcre sonra b\u00f6l\u00fcc\u00fc ter\u00f6r \u00f6rg\u00fct\u00fcn\u00fcn ger\u00e7ek y\u00fcz\u00fcn\u00fc g\u00f6rd\u00fcklerini ve ka\u00e7maya karar verdiklerini, aileleriyle g\u00f6r\u00fc\u015ft\u00fcr\u00fclmediklerini, bu konuda tehdit edildiklerini, ailelerini ve \u00f6zellikle annelerini \u00e7ok \u00f6zlediklerini, son d\u00f6nemde b\u00f6l\u00fcc\u00fc ter\u00f6r \u00f6rg\u00fct\u00fc i\u00e7indeki anla\u015fmazl\u0131klar\u0131n artt\u0131\u011f\u0131n\u0131, bu durumdan bilgisi olan ailelerin, \u00e7ocuklar\u0131n\u0131 da\u011fdan kurtarmak i\u00e7in giri\u015fimlerini art\u0131rd\u0131klar\u0131n\u0131&#8217; belirttikleri g\u00f6r\u00fclm\u00fc\u015ft\u00fcr&#8221; dedi.<\/p>\n<p style=\"text-align: justify;\">Son iki ayda teslim olan 31 ter\u00f6ristin 11&#8217;inin serbest, 10&#8217;unun tutuksuz yarg\u0131lanmak \u00fczere serbest b\u0131rak\u0131ld\u0131\u011f\u0131n\u0131 bildiren Tu\u011fgeneral G\u00fcrak, ter\u00f6ristlerin 8&#8217;inin tutukland\u0131\u011f\u0131n\u0131 2&#8217;sinin adli soru\u015fturmas\u0131n\u0131n ise devam etti\u011fini belirtti.<\/p>\n<p style=\"text-align: justify;\"><strong><em>&#8220;\u015eanl\u0131urfa&#8217;da alev kuyusuna atlanmaya zorlanma&#8221; iddias\u0131 <\/em><\/strong><\/p>\n<p style=\"text-align: justify;\">Toplant\u0131da a\u00e7\u0131klamalarda bulunan Genelkurmay Ba\u015fkanl\u0131\u011f\u0131 Genel Sekreteri T\u00fcmgeneral Ferit G\u00fcler ise d\u00fcn medyada, &#8220;\u015eanl\u0131urfa&#8217;da erlerin alev kuyusuna atlamaya zorland\u0131\u011f\u0131&#8221; iddialar\u0131na yer verildi\u011fini hat\u0131rlatarak olay\u0131n haberde belirtildi\u011fi \u015fekilde ger\u00e7ekle\u015fmedi\u011fini s\u00f6yledi.<\/p>\n<p style=\"text-align: justify;\">T\u00fcmgeneral G\u00fcler, &#8220;M\u0131nt\u0131ka temizli\u011fi sonunda toplanan otlar\u0131n \u00e7\u00f6p yakma yerinde ara\u00e7tan indirilmesi esnas\u0131nda \u00e7\u0131kan yang\u0131n sonucu iki erimiz hafif olarak yaralanm\u0131\u015ft\u0131r. Konuyla ilgili hemen idari soru\u015fturma yap\u0131lm\u0131\u015f ve sorumlular hakk\u0131nda gerekli yasal i\u015flem ba\u015flat\u0131lm\u0131\u015ft\u0131r&#8221; dedi.<\/p>\n<p style=\"text-align: justify;\"><strong><em>&#8220;G\u00fc\u00e7l\u00fc Ordu G\u00fc\u00e7l\u00fc T\u00fcrkiye&#8221;<\/em><\/strong><\/p>\n<p style=\"text-align: justify;\">T\u00fcmgeneral Ferit G\u00fcler, &#8220;G\u00fc\u00e7l\u00fc Ordu, G\u00fc\u00e7l\u00fc T\u00fcrkiye&#8221; temas\u0131 ile ilgili olarak, &#8220;Bizce hangisinin \u00f6nde oldu\u011fu konusu \u00f6nemli de\u011fil. \u00c7\u00fcnk\u00fc &#8216;g\u00fc\u00e7l\u00fc ordu&#8217; ve &#8216;g\u00fc\u00e7l\u00fc T\u00fcrkiye&#8217; kavramlar\u0131 tamamen birbirine ba\u011fl\u0131d\u0131r&#8221; dedi.<\/p>\n<p style=\"text-align: justify;\">T\u00fcmgeneral G\u00fcler, bunun Zafer Haftas\u0131&#8217;n\u0131n slogan\u0131 olarak tespit edildi\u011fini belirterek, bu sloganla ilgili birka\u00e7 g\u00fcnd\u00fcr &#8216;Hangisi \u00f6nde olmal\u0131d\u0131r?&#8221; tart\u0131\u015fmalar\u0131n\u0131n y\u00fcr\u00fct\u00fcld\u00fc\u011f\u00fcn\u00fc dile getirdi. T\u00fcmgeneral G\u00fcler, &#8220;Bizce hangisinin \u00f6nde oldu\u011fu konusu \u00f6nemli de\u011fil. \u00c7\u00fcnk\u00fc &#8216;g\u00fc\u00e7l\u00fc ordu&#8217; ve &#8216;g\u00fc\u00e7l\u00fc T\u00fcrkiye&#8217; kavramlar\u0131 tamamen birbirine ba\u011fl\u0131d\u0131r. G\u00fc\u00e7s\u00fcz ordunun olmas\u0131 durumunda g\u00fc\u00e7l\u00fc T\u00fcrkiye&#8217;den s\u00f6z edilemez. Ayn\u0131 \u015fekilde, g\u00fc\u00e7s\u00fcz T\u00fcrkiye&#8217;de g\u00fc\u00e7l\u00fc ordunun varl\u0131\u011f\u0131 s\u00f6z konusu olamaz diye d\u00fc\u015f\u00fcn\u00fcyoruz&#8221; dedi.<\/p>\n<p style=\"text-align: justify;\">Ba\u015fbakanl\u0131k&#8217;ta d\u00fcn yap\u0131lan &#8220;g\u00fcvenlik toplant\u0131s\u0131&#8221; ile ilgili sorular \u00fczerine, T\u00fcmgeneral G\u00fcler, toplant\u0131 sonras\u0131nda Ba\u015fbakanl\u0131k&#8217;\u00e7a gerekli a\u00e7\u0131klaman\u0131n yap\u0131ld\u0131\u011f\u0131n\u0131, buna ilave edecekleri bir husus bulunmad\u0131\u011f\u0131n\u0131 kaydetti.<\/p>\n<p style=\"text-align: justify;\">T\u00fcmgeneral G\u00fcler, benzer toplant\u0131lar\u0131n ihtiya\u00e7 olduk\u00e7a zaman zaman yap\u0131ld\u0131\u011f\u0131n\u0131 s\u00f6yledi. Bir gazetecinin &#8220;T\u00fcrkiye&#8217;de bir sava\u015f ortam\u0131 m\u0131 var ki bar\u0131\u015ftan s\u00f6z ediliyor?&#8221; sorusu \u00fczerine de, T\u00fcmgeneral G\u00fcler, &#8220;Bu konuda komutan\u0131m\u0131z\u0131n 25 A\u011fustos 2009 tarihinde yapt\u0131\u011f\u0131 Zafer Haftas\u0131 ile ilgili mesaj\u0131nda konu a\u00e7\u0131k olarak ifade edilmi\u015ftir. Buna ilave edece\u011fimiz herhangi bir husus yoktur&#8221; dedi.<\/p>\n<p style=\"text-align: justify;\"><strong><em>Hakkari&#8217;deki may\u0131n patlamas\u0131<\/em><\/strong><\/p>\n<p style=\"text-align: justify;\">Toplant\u0131da, Genelkurmay Ba\u015fkanl\u0131\u011f\u0131 Hukuk M\u00fc\u015faviri Tu\u011fgeneral H\u0131fz\u0131 \u00c7ubuklu ise hukuki konulara ili\u015fkin sorular\u0131 yan\u0131tlad\u0131. Tu\u011fgeneral \u00c7ubuklu, 27 May\u0131s&#8217;ta Hakkari&#8217;de 6 askerin \u015fehit oldu\u011fu may\u0131n patlamas\u0131 ile ilgili soruyu yan\u0131tlarken olaya \u00c7ukurca Cumhuriyet Ba\u015fsavc\u0131l\u0131\u011f\u0131 taraf\u0131ndan derhal el konularak soru\u015fturma ba\u015flat\u0131ld\u0131\u011f\u0131n\u0131 belirtti.<\/p>\n<p style=\"text-align: justify;\">Daha sonra yap\u0131lan soru\u015fturma neticesinde eylemin &#8220;\u00f6l\u00fcmle sonu\u00e7lanan ter\u00f6r olay\u0131&#8221; kapsam\u0131nda de\u011ferlendirilerek, 23 Haziran 2009 tarihinde Ceza Muhakemesi Kanunu 250. maddesi ile yetkili Van Cumhuriyet Ba\u015fsavc\u0131l\u0131\u011f\u0131na g\u00f6nderildi\u011fini, halen yarg\u0131 s\u00fcrecinin devam etti\u011fini bildirdi.<\/p>\n<p style=\"text-align: justify;\"><strong><em>Elaz\u0131\u011f&#8217;da 4 askerin \u015fehit olmas\u0131 <\/em><\/strong><\/p>\n<p style=\"text-align: justify;\">Elaz\u0131\u011f&#8217;da 4 askerin \u015fehit oldu\u011fu olayla ilgili soru \u00fczerine Tu\u011fgeneral \u00c7ubuklu, yap\u0131lan soru\u015fturma neticesinde 31 A\u011fustos 2009 tarihinde iddianame d\u00fczenlenerek mahkemeye g\u00f6nderildi\u011fini, 3 Eyl\u00fcl 2009 tarihinde 8. Kolordu Askeri Mahkemesi taraf\u0131ndan iddianamenin kabul edildi\u011fini kaydetti.<\/p>\n<p style=\"text-align: justify;\">Tu\u011fgeneral \u00c7ubuklu, ilk duru\u015fman\u0131n 14 Ekim 2009 tarihinde yap\u0131laca\u011f\u0131n\u0131 s\u00f6yledi. Askeri yarg\u0131da yap\u0131lacak d\u00fczenlemelerle ilgili bir \u00e7al\u0131\u015fma ba\u015flat\u0131l\u0131p ba\u015flat\u0131lmad\u0131\u011f\u0131na ili\u015fkin soruyu yan\u0131tlarken de Tu\u011fgeneral \u00c7ubuklu, CHP&#8217;nin bir yasan\u0131n anayasaya ayk\u0131r\u0131l\u0131\u011f\u0131 konusunda Anayasa Mahkemesi&#8217;ne iptal ba\u015fvurusu yapt\u0131\u011f\u0131n\u0131 hat\u0131rlatt\u0131.<\/p>\n<p style=\"text-align: justify;\">Tu\u011fgeneral \u00c7ubuklu, o ba\u015fvurunun sonucunun da beklendi\u011fini belirtti.<\/p>\n<p style=\"text-align: justify;\"><em><strong>D\u0130\u011eER SORULAR <\/strong><\/em><\/p>\n<p style=\"text-align: justify;\">Bir gazetecinin &#8220;\u0130rtica ile M\u00fccadele Eylem Plan\u0131&#8221; haberleriyle ilgili soru\u015fturma konusunda a\u00e7\u0131klama yap\u0131lmas\u0131na ni\u00e7in gerek duyuldu\u011funu sormas\u0131 \u00fczerine Tu\u011fgeneral \u00c7ubuklu, iddialar bir gazetede yer ald\u0131ktan sonra &#8220;\u00e7ok b\u00fcy\u00fck k\u0131yamet kopar\u0131ld\u0131\u011f\u0131n\u0131&#8221; belirterek, Genelkurmay Askeri Savc\u0131l\u0131\u011f\u0131n\u0131n \u00e7ok s\u00fcratli bir \u015fekilde hukuka, usul yasalar\u0131na uygun olarak bir hafta kadar k\u0131sa bir s\u00fcre i\u00e7erisinde soru\u015fturmay\u0131 tamamlad\u0131\u011f\u0131n\u0131 hat\u0131rlatt\u0131.<\/p>\n<p style=\"text-align: justify;\">Tu\u011fgeneral \u00c7ubuklu, &#8220;Zaman zaman bas\u0131nda farkl\u0131 bilgiler yer al\u0131yor, bu bilgileri bertaraf etmek ve bu i\u015fin, Say\u0131n Genelkurmay Ba\u015fkan\u0131m\u0131z\u0131n bas\u0131n toplant\u0131s\u0131nda da s\u00f6yledi\u011fi gibi, takip\u00e7isi oldu\u011fumuzu belirtmek i\u00e7in bir a\u00e7\u0131klama ihtiyac\u0131 duyduk&#8221; dedi.<\/p>\n<p style=\"text-align: justify;\"><em><strong>Afganistan<\/strong><\/em><\/p>\n<p style=\"text-align: justify;\">Afganistan&#8217;a Kabil B\u00f6lge Komutanl\u0131\u011f\u0131 d\u0131\u015f\u0131nda T\u00fcrk askeri g\u00f6nderilip g\u00f6nderilmeyece\u011fi y\u00f6n\u00fcndeki soru \u00fczerine de Genelkurmay Ba\u015fkanl\u0131\u011f\u0131 \u0130leti\u015fim Daire Ba\u015fkan\u0131 Tu\u011fgeneral Metin G\u00fcrak, T\u00fcrkiye&#8217;nin daha \u00f6nceden yap\u0131lan plan \u00e7er\u00e7evesinde 1 Kas\u0131m 2009 tarihinden itibaren Kabil B\u00f6lge Komutanl\u0131\u011f\u0131 liderli\u011fini \u00fcstlenece\u011fini s\u00f6yledi.<\/p>\n<p style=\"text-align: justify;\">Liderlik d\u00f6neminde lider \u00fclkelerin sorumluluklar\u0131n\u0131 yerine getirebilmek i\u00e7in di\u011fer \u00fclkelerden daha fazla asker g\u00f6nderdi\u011fini belirten Tu\u011fgeneral G\u00fcrak, T\u00fcrkiye&#8217;nin 2002 y\u0131l\u0131nda ISAF-2&#8217;de, 2005 y\u0131l\u0131nda ISAF-4&#8217;te ve 2007 y\u0131l\u0131nda Kabil B\u00f6lge Komutanl\u0131\u011f\u0131 liderli\u011fi d\u00f6neminde asker say\u0131s\u0131n\u0131 art\u0131rd\u0131\u011f\u0131n\u0131 daha sonra bu say\u0131lar\u0131n eski d\u00fczeyine d\u00fc\u015f\u00fcr\u00fcld\u00fc\u011f\u00fcn\u00fc ifade etti.<\/p>\n<p style=\"text-align: justify;\">Tu\u011fgeneral G\u00fcrak, Kabil B\u00f6lge Komutan\u0131 olarak T\u00fcrkiye&#8217;nin hangi s\u0131n\u0131rlarda g\u00f6revi \u00fcstlenece\u011finin belli oldu\u011funu kaydetti.<\/p>\n<p style=\"text-align: justify;\"><span style=\"color: #888888;\">CNN T\u00dcRK<\/span><\/p>\n","protected":false},"excerpt":{"rendered":"<p style=\"text-align: justify;\">\n<p style=\"text-align: justify;\">T\u00fcrk Silahl\u0131 Kuvvetleri, Taraf gazetesinde yay\u0131mlanan irtica eylem plan\u0131 konusunda, &#8220;Sahte belge \u00fcretenler adalet \u00f6n\u00fcne \u00e7\u0131kar\u0131ls\u0131n&#8221; a\u00e7\u0131klamas\u0131n\u0131 yapt\u0131. TSK, PKK&#8217;n\u0131n 13 Nisan 2009 tarihli s\u00f6zde eylemsizlik ilan\u0131n\u0131n ard\u0131ndan da eylemlerine ayn\u0131 \u015fekilde devam etti\u011fini bildirdi.<\/p>\n<p style=\"text-align: justify;\">Genelkurmay Ba\u015fkanl\u0131\u011f\u0131 \u0130leti\u015fim Daire Ba\u015fkan\u0131 Tu\u011fgeneral Metin G\u00fcrak, Genelkurmay Ba\u015fkanl\u0131\u011f\u0131 Karargah\u0131&#8217;ndaki haftal\u0131k bas\u0131n <\/p>\n","protected":false},"author":1,"featured_media":0,"comment_status":"open","ping_status":"closed","sticky":false,"template":"","format":"standard","meta":{"footnotes":""},"categories":[105],"tags":[],"class_list":["post-14254","post","type-post","status-publish","format-standard","hentry","category-gundem","odd"],"_links":{"self":[{"href":"http:\/\/www.korhanyilmaz.com\/index.php?rest_route=\/wp\/v2\/posts\/14254","targetHints":{"allow":["GET"]}}],"collection":[{"href":"http:\/\/www.korhanyilmaz.com\/index.php?rest_route=\/wp\/v2\/posts"}],"about":[{"href":"http:\/\/www.korhanyilmaz.com\/index.php?rest_route=\/wp\/v2\/types\/post"}],"author":[{"embeddable":true,"href":"http:\/\/www.korhanyilmaz.com\/index.php?rest_route=\/wp\/v2\/users\/1"}],"replies":[{"embeddable":true,"href":"http:\/\/www.korhanyilmaz.com\/index.php?rest_route=%2Fwp%2Fv2%2Fcomments&post=14254"}],"version-history":[{"count":0,"href":"http:\/\/www.korhanyilmaz.com\/index.php?rest_route=\/wp\/v2\/posts\/14254\/revisions"}],"wp:attachment":[{"href":"http:\/\/www.korhanyilmaz.com\/index.php?rest_route=%2Fwp%2Fv2%2Fmedia&parent=14254"}],"wp:term":[{"taxonomy":"category","embeddable":true,"href":"http:\/\/www.korhanyilmaz.com\/index.php?rest_route=%2Fwp%2Fv2%2Fcategories&post=14254"},{"taxonomy":"post_tag","embeddable":true,"href":"http:\/\/www.korhanyilmaz.com\/index.php?rest_route=%2Fwp%2Fv2%2Ftags&post=14254"}],"curies":[{"name":"wp","href":"https:\/\/api.w.org\/{rel}","templated":true}]}}