{"id":14245,"date":"2009-09-04T09:09:03","date_gmt":"2009-09-04T06:09:03","guid":{"rendered":"http:\/\/www.korhanyilmaz.com\/?p=14245"},"modified":"2009-09-04T09:09:03","modified_gmt":"2009-09-04T06:09:03","slug":"%e2%80%9cdayakci-polisler%e2%80%9d-ile-%e2%80%9ccezaci-askerler%e2%80%9d","status":"publish","type":"post","link":"http:\/\/www.korhanyilmaz.com\/?p=14245","title":{"rendered":"\u201cDayak\u00e7\u0131 polisler\u201d ile \u201ccezac\u0131 askerler\u201d"},"content":{"rendered":"<p style=\"text-align: justify;\">\n<div id=\"attachment_14246\" style=\"width: 102px\" class=\"wp-caption alignleft\"><a href=\"http:\/\/www.korhanyilmaz.com\/wp-content\/uploads\/2009\/09\/ruhat_mengi.jpg\"  class=\"lightview\"><img loading=\"lazy\" decoding=\"async\" aria-describedby=\"caption-attachment-14246\" class=\"size-full wp-image-14246\" style=\"margin: 0px 10px;\" title=\"Ruhat Mengi\" src=\"http:\/\/www.korhanyilmaz.com\/wp-content\/uploads\/2009\/09\/ruhat_mengi.jpg\" alt=\"Ruhat Mengi\" width=\"92\" height=\"92\" \/><\/a><p id=\"caption-attachment-14246\" class=\"wp-caption-text\">Ruhat Mengi<\/p><\/div>\n<p style=\"text-align: justify;\">\u0130\u00e7i\u015fleri Bakan\u0131 Be\u015fir Atalay, Erzurum\u2019da ehliyetsiz ara\u00e7 kullan\u0131rken \u201cdur\u201d ihtar\u0131na uymay\u0131p ka\u00e7an 18 ya\u015f\u0131ndaki gencin, yakaland\u0131ktan sonra polisler taraf\u0131ndan sille tokat d\u00f6v\u00fclmesi olay\u0131 i\u00e7in \u201cbireysel ve m\u00fcnferit bir davran\u0131\u015f\u201d savunmas\u0131 yapm\u0131\u015f.<\/p>\n<p style=\"text-align: justify;\">\u201cHaklar\u0131nda \u015fikayet olmamas\u0131na ra\u011fmen\u201d haklar\u0131nda soru\u015fturma ba\u015flat\u0131ld\u0131\u011f\u0131n\u0131 ve g\u00f6rev yerlerinin de\u011fi\u015ftirildi\u011fini bildirmi\u015f. Bakan ayr\u0131ca \u201cmeslek ilkelerine uygun olmayan davran\u0131\u015flar\u0131 ortadan kald\u0131rmak i\u00e7in Emniyet personeline hizmet i\u00e7i e\u011fitim\u201d verildi\u011fini s\u00f6ylemi\u015f.<\/p>\n<p style=\"text-align: justify;\">E\u011fer bir olay \u201cmilyonda bir g\u00f6r\u00fclen, nadir rastlanan\u201d t\u00fcrden ise ona bireysel, m\u00fcnferit denebilir. Ama s\u0131k s\u0131k g\u00f6r\u00fcl\u00fcyor, \u00fcstelik foto\u011fraflarla ve TV g\u00f6r\u00fcnt\u00fcleriyle belgelenerek kesin kan\u0131t\u0131 da ortaya konuyorsa art\u0131k ona \u201ckurumsalla\u015fan bir eylem, tutum tarz\u0131\u201d olarak bak\u0131l\u0131r. <!--more--><\/p>\n<p style=\"text-align: justify;\">Sadece son aylarda bile ka\u00e7 \u201cpolis daya\u011f\u0131\u201d olay\u0131 bas\u0131na yans\u0131d\u0131; \u00f6rne\u011fin Ortak\u00f6y\u2019de polise itiraz eden genci yere yat\u0131r\u0131p kafas\u0131na basanlar veya siyaset\u00e7ilerin bulundu\u011fu yerlerde konu\u015fmaya kalkan veya tepki g\u00f6steren gen\u00e7lerin kafas\u0131n\u0131 boynundan makasa al\u0131p s\u0131kan, kolunu b\u00fckenler&#8230; Arabay\u0131 durdurmad\u0131\u011f\u0131 i\u00e7in vurup \u00f6ld\u00fcrd\u00fckleri ya da d\u00f6v\u00fcp hastanelik ettikleri ka\u00e7 ki\u015fiyi duyduk.<\/p>\n<p style=\"text-align: justify;\">Demek ki olay m\u00fcnferit de\u011fil. Haklar\u0131nda \u015fik\u00e2yet olmas\u0131 da hi\u00e7 \u00f6nemli de\u011fil bunlar kamu davas\u0131 a\u00e7\u0131lacak olaylard\u0131r. Hizmet i\u00e7i e\u011fitim de yetmez, yetseydi zaten mesle\u011fe ba\u015flamadan \u201cilkelerini\u201d \u00f6\u011frenmi\u015f olmalar\u0131 yeterdi. Burada \u00e7\u00f6z\u00fcm ancak su\u00e7 i\u015fleyen, g\u00f6rev ihlali de yapan polislerin hem hak ettikleri hukuki cezay\u0131 mutlaka almalar\u0131 (olaylar\u0131n gizlenip, su\u00e7lular\u0131n kurtar\u0131lmamas\u0131) hem de psikolojik tedavi g\u00f6rmeleridir.<\/p>\n<p style=\"text-align: justify;\">Ayn\u0131 \u015fekilde orduda \u201cas\u201dlar\u0131 olan, alt r\u00fctbedeki askerlerin eline pimi \u00e7ekilmi\u015f bomba verip cezaland\u0131rmaya kalkan ve 4 erin \u015fehit olmas\u0131na sebep olan te\u011fmen (olay sava\u015f \u015fartlar\u0131nda ge\u00e7iyor ve asker n\u00f6bette uyuyarak koca bir b\u00f6l\u00fc\u011f\u00fc \u00f6l\u00fcm tehlikesine at\u0131yor olsa bile) ve son haberde \u201ci\u00e7ine kuru ot at\u0131lan ate\u015f kuyusuna\u201d erlerin uyar\u0131s\u0131na ra\u011fmen, asker\u00ee arac\u0131n ate\u015f alacak kadar yak\u0131n oldu\u011fu \u015fartlarda \u0131srarla ot att\u0131ran ve erlerin hastanelik olmas\u0131na neden olan \u00e7avu\u015f da hem hak ettikleri hukuki cezay\u0131 almal\u0131, hem de psikolojik tedavi g\u00f6rmelidirler.<\/p>\n<p style=\"text-align: justify;\">Biz toplum olarak zaten \u00e7\u00f6z\u00fcm arayan bir h\u00fck\u00fcmet olmad\u0131\u011f\u0131 i\u00e7in her g\u00fcn bu t\u00fcr \u015fiddet, vah\u015fet haberlerini duyarak ya\u015famak zorunda b\u0131rak\u0131l\u0131yoruz. Bir de Emniyet\u2019te veya orduda, yani \u00fclkenin g\u00fcvenlik g\u00fc\u00e7lerinde duymak hakikaten barda\u011f\u0131 ta\u015f\u0131r\u0131yor.<\/p>\n<p style=\"text-align: justify;\">\u0130lgililerden acilen bir \u201cceza a\u00e7\u0131l\u0131m\u0131\u201d bekliyoruz L\u00dcTFEN!<\/p>\n<p style=\"text-align: justify;\">*****<\/p>\n<p style=\"text-align: justify;\"><strong>ESK\u0130 Y\u00d6K \u00dcYES\u0130\u2019NDEN MEKTUP <\/strong><\/p>\n<p style=\"text-align: justify;\">Y\u00d6K\u2019ten bir s\u00fcre \u00f6nce istifa eden B\u00fclent Serim 1 Eyl\u00fcl Sal\u0131 g\u00fcnk\u00fc yaz\u0131mda kendisinin de ad\u0131n\u0131n ge\u00e7ti\u011fi b\u00f6l\u00fcme bir itiraz mektubu g\u00f6ndermi\u015f. Ne demi\u015ftim hat\u0131rlayal\u0131m:<\/p>\n<p style=\"text-align: justify;\">\u2018&#8230; Ama yine de ben en \u00e7ok Y\u00d6K, Adalet Akademisi, Adli T\u0131p Kurumu gibi \u00e7ok \u00f6nemli kurullardaki g\u00f6revinden (Y\u00d6K \u00fcyesi B\u00fclent Serim de g\u00f6revinden bask\u0131lar nedeniyle istifa etmi\u015fti) y\u0131ld\u0131rma sonucu kolay yolu se\u00e7erek istifa edenlere k\u0131z\u0131yorum. Ya Kurtulu\u015f m\u00fccadelesini yapanlar da onlar gibi olsayd\u0131?\u2019<\/p>\n<p style=\"text-align: justify;\">B\u00fclent Serim\u2019in \u201cHi\u00e7 hak etmedi\u011fim halde beni \u00e7ok a\u011f\u0131r bi\u00e7imde su\u00e7luyorsunuz. Bu devlete 43 y\u0131l hizmet verdim. Son g\u00f6revim Y\u00d6K \u00fcyeli\u011fiydi. Bu g\u00f6revden ayr\u0131lmam\u0131n nedeni \u2018bask\u0131 sonucu y\u0131lg\u0131nl\u0131k duyup, kolay yolu se\u00e7mem\u2019 de\u011fildi\u201d diye ba\u015flad\u0131\u011f\u0131 mektubu \u015f\u00f6yle devam ediyor:<\/p>\n<p style=\"text-align: justify;\">\u201cBana g\u00f6re kolay yol \u2018hi\u00e7 dikkate al\u0131nmasa\u2019, \u2018hi\u00e7 etkili olmasa\u2019, \u2018\u00e7a\u011fda\u015f, laik e\u011fitim d\u00fczenini korumaya hi\u00e7 yarar\u0131 bulunmasa\u2019 da toplant\u0131larda g\u00f6r\u00fc\u015f\u00fcm\u00fc belirtip, Y\u00d6K \u00fcyeli\u011fi titrinden yararlanmay\u0131 s\u00fcrd\u00fcrmekti.<\/p>\n<p style=\"text-align: justify;\">Ne yaz\u0131k ki t\u00fcm kurumlar gibi Y\u00d6K de AKP yanda\u015flar\u0131n\u0131n eline ge\u00e7ti. Ama\u00e7lar\u0131 AKP\u2019nin Anayasa Mahkemesi\u2019nin saptad\u0131\u011f\u0131 hedefini ad\u0131m ad\u0131m ger\u00e7ekle\u015ftirmek. Y\u00d6K\u2019\u00fcn, biri ba\u015fkan 21 \u00fcyesi var. Prof. Dr. Celal \u015eeng\u00f6r, \u00dcniversiteler Aras\u0131 Kurul\u2019ca se\u00e7ilmesine ra\u011fmen iki y\u0131ld\u0131r atanmad\u0131\u011f\u0131 i\u00e7in Y\u00d6K 20 \u00fcyeyle g\u00f6rev yap\u0131yordu. Bu \u00fcyelerin b\u00fcy\u00fck \u00e7o\u011funlu\u011fu \u2018AKP\u2019ye yak\u0131nl\u0131\u011f\u0131yla bilinen\u2019, \u2018AKP milletvekili aday\u0131 olmu\u015f\u2019, ya da \u2018ilahiyat\u00e7\u0131 \u00f6zelli\u011fi \u00f6ne \u00e7\u0131km\u0131\u015f\u2019 ki\u015filerden se\u00e7ilip atand\u0131.<\/p>\n<p style=\"text-align: justify;\">T\u00fcrban, imam hatip liseleri, ilahiyat fak\u00fclteleri, vak\u0131f \u00fcniversitesi kurulmas\u0131 gibi konularda onaylanmas\u0131 imk\u00e2ns\u0131z kararlar al\u0131n\u0131yor. Bu kararlar al\u0131n\u0131rken, b\u00fcy\u00fck \u00e7o\u011funluk konulara \u00f6nyarg\u0131l\u0131 yakla\u015ft\u0131\u011f\u0131 i\u00e7in, daha do\u011fru bir anlat\u0131mla sonu\u00e7lar \u00f6nceden belli oldu\u011fu i\u00e7in, toplant\u0131larda ileri s\u00fcr\u00fclen en hakl\u0131 gerek\u00e7eler bile dikkate al\u0131nm\u0131yor.<\/p>\n<p style=\"text-align: justify;\">K\u0131sacas\u0131 Y\u00d6K, bir anayasal kurum gibi de\u011fil, AKP\u2019nin organ\u0131 gibi \u00e7al\u0131\u015f\u0131yor. Bu durumu \u00e7ok a\u011f\u0131r ifadelerle ele\u015ftirip kamuoyunun dikkatini \u00e7ekmem gerekiyordu. Ben bunu yapt\u0131m. Yapt\u0131\u011f\u0131m i\u015f Y\u00d6K\u2019te kal\u0131p, toplant\u0131larda (i\u015fe yaramaz (!) do\u011frular\u0131 s\u00f6ylemekten daha \u00f6nemli ve daha zor idi.\u201d<\/p>\n<p style=\"text-align: justify;\">B\u00fclent Serim\u2019in mektubunun \u00f6nemli bir k\u0131sm\u0131 b\u00f6yle&#8230; AKP\u2019nin \u201cen ba\u015fta demokratikle\u015fmesi gereken ilk 4 kurum aras\u0131nda\u201d sayd\u0131\u011f\u0131 \u00fcniversitelerin nas\u0131l demokratikle\u015fti\u011fini anlat\u0131yor. Mektubu \u201ckat\u0131ld\u0131\u011f\u0131m i\u00e7in\u201d de\u011fil, cevap hakk\u0131na sayg\u0131 duydu\u011fum i\u00e7in yay\u0131mlad\u0131m. Bence ne olursa olsun b\u00f6yle \u00f6nemli kurumlarda, kurullarda g\u00f6rev yapanlar benzer \u015fartlar alt\u0131nda istifa etmeden de durumu topluma duyurabilirler. As\u0131l b\u00f6yle zamanlarda sab\u0131r g\u00f6stermek, hep ele\u015ftirip hem de devam etmek gerekiyor. Benim g\u00f6r\u00fc\u015f\u00fcme g\u00f6re yapmalar\u0131 gereken bu&#8230; Ama herkesin g\u00f6r\u00fc\u015f\u00fc kendine tabii!<\/p>\n<p style=\"text-align: justify;\"><span style=\"color: #888888;\">Ruhat Mengi &#8211; Vatan<\/span><\/p>\n<p style=\"text-align: justify;\"><span style=\"color: #888888;\">Yazara Ula\u015fmak \u0130\u00e7in : <a href=\"mailto:rmengi@gazetevatan.com\">rmengi@gazetevatan.com<\/a><\/span><\/p>\n","protected":false},"excerpt":{"rendered":"<p style=\"text-align: justify;\">\n<p id=\"caption-attachment-14246\" class=\"wp-caption-text\">Ruhat Mengi<\/p>\n<p style=\"text-align: justify;\">\u0130\u00e7i\u015fleri Bakan\u0131 Be\u015fir Atalay, Erzurum\u2019da ehliyetsiz ara\u00e7 kullan\u0131rken \u201cdur\u201d ihtar\u0131na uymay\u0131p ka\u00e7an 18 ya\u015f\u0131ndaki gencin, yakaland\u0131ktan sonra polisler taraf\u0131ndan sille tokat d\u00f6v\u00fclmesi olay\u0131 i\u00e7in \u201cbireysel ve m\u00fcnferit bir davran\u0131\u015f\u201d savunmas\u0131 yapm\u0131\u015f.<\/p>\n<p style=\"text-align: justify;\">\u201cHaklar\u0131nda \u015fikayet olmamas\u0131na ra\u011fmen\u201d haklar\u0131nda soru\u015fturma ba\u015flat\u0131ld\u0131\u011f\u0131n\u0131 ve g\u00f6rev yerlerinin de\u011fi\u015ftirildi\u011fini bildirmi\u015f. Bakan <\/p>\n","protected":false},"author":1,"featured_media":0,"comment_status":"open","ping_status":"closed","sticky":false,"template":"","format":"standard","meta":{"footnotes":""},"categories":[16],"tags":[],"class_list":["post-14245","post","type-post","status-publish","format-standard","hentry","category-kose-yazilari","odd"],"_links":{"self":[{"href":"http:\/\/www.korhanyilmaz.com\/index.php?rest_route=\/wp\/v2\/posts\/14245","targetHints":{"allow":["GET"]}}],"collection":[{"href":"http:\/\/www.korhanyilmaz.com\/index.php?rest_route=\/wp\/v2\/posts"}],"about":[{"href":"http:\/\/www.korhanyilmaz.com\/index.php?rest_route=\/wp\/v2\/types\/post"}],"author":[{"embeddable":true,"href":"http:\/\/www.korhanyilmaz.com\/index.php?rest_route=\/wp\/v2\/users\/1"}],"replies":[{"embeddable":true,"href":"http:\/\/www.korhanyilmaz.com\/index.php?rest_route=%2Fwp%2Fv2%2Fcomments&post=14245"}],"version-history":[{"count":0,"href":"http:\/\/www.korhanyilmaz.com\/index.php?rest_route=\/wp\/v2\/posts\/14245\/revisions"}],"wp:attachment":[{"href":"http:\/\/www.korhanyilmaz.com\/index.php?rest_route=%2Fwp%2Fv2%2Fmedia&parent=14245"}],"wp:term":[{"taxonomy":"category","embeddable":true,"href":"http:\/\/www.korhanyilmaz.com\/index.php?rest_route=%2Fwp%2Fv2%2Fcategories&post=14245"},{"taxonomy":"post_tag","embeddable":true,"href":"http:\/\/www.korhanyilmaz.com\/index.php?rest_route=%2Fwp%2Fv2%2Ftags&post=14245"}],"curies":[{"name":"wp","href":"https:\/\/api.w.org\/{rel}","templated":true}]}}