{"id":14240,"date":"2009-09-04T09:51:34","date_gmt":"2009-09-04T06:51:34","guid":{"rendered":"http:\/\/www.korhanyilmaz.com\/?p=14240"},"modified":"2009-09-04T09:51:34","modified_gmt":"2009-09-04T06:51:34","slug":"michael-jackson-aile-ici-torenle-topraga-verildi","status":"publish","type":"post","link":"http:\/\/www.korhanyilmaz.com\/?p=14240","title":{"rendered":"Michael Jackson aile i\u00e7i t\u00f6renle topra\u011fa verildi"},"content":{"rendered":"<p style=\"text-align: justify;\"><a href=\"http:\/\/www.korhanyilmaz.com\/wp-content\/uploads\/2009\/09\/popun_krali.jpg\"  class=\"lightview\"><img loading=\"lazy\" decoding=\"async\" class=\"aligncenter size-full wp-image-14241\" src=\"http:\/\/www.korhanyilmaz.com\/wp-content\/uploads\/2009\/09\/popun_krali.jpg\" alt=\"\" width=\"307\" height=\"236\" \/><\/a><\/p>\n<p style=\"text-align: justify;\">25 Haziran&#8217;da \u00f6len popun kral\u0131 Michael Jackson, Los Angeles yak\u0131nlar\u0131ndaki Forest Lawn Mezarl\u0131\u011f\u0131&#8217;nda topra\u011fa verildi.<\/p>\n<p style=\"text-align: justify;\">Amerikal\u0131 pop y\u0131ld\u0131z\u0131 Michael Jackson&#8217;un cenazesi, aile \u00fcyeleri ile Elizabeth Taylor ve Macaulay Culkin gibi \u00fcnl\u00fclerin kat\u0131ld\u0131\u011f\u0131 t\u00f6renle, California eyaletine ba\u011fl\u0131 Forest Lawn Glendale&#8217;deki an\u0131t mezarda defnedildi.<\/p>\n<p style=\"text-align: justify;\">Jackson&#8217;\u0131n anne ve babas\u0131 Joe ve Katherine ile 3 \u00e7ocu\u011fu; 12 ya\u015f\u0131ndaki Prince Michael, 10 ya\u015f\u0131ndaki Paris Michael ile 7 ya\u015f\u0131ndaki Prince Michael II&#8217;den olu\u015fan aile \u00fcyelerinin gecikmeleri nedeniyle 1,5 saat sonra ba\u015flayan cenaze t\u00f6reninde, 200 kadar davetli ile 435 bas\u0131n ve g\u00f6r\u00fcnt\u00fc \u00e7ekim mensubu haz\u0131r bulundu. <!--more--><\/p>\n<p style=\"text-align: justify;\">Polis ara\u00e7lar\u0131, aralar\u0131nda Rolls-Royce&#8217;lar ve Cadillac&#8217;lar\u0131n bulundu\u011fu 31 ara\u00e7l\u0131k cenaze konvoyuna Encino&#8217;dan Forest Lawn&#8217;a kadar e\u015flik ederken, film ve televizyon yap\u0131mlar\u0131nda kullan\u0131lan t\u00fcrden geni\u015f, balona benzer \u015fekilde \u015fi\u015firilmi\u015f \u0131\u015f\u0131kland\u0131rma ara\u00e7lar\u0131yla, ileri geri hareket ederek \u00e7ekim yapan bir kameran\u0131n, \u00f6zel olarak in\u015fa edilmi\u015f mermer an\u0131t mezar\u0131n \u00f6n\u00fcnde konuklara ayr\u0131lan b\u00f6l\u00fcmde \u00e7ekim yapt\u0131\u011f\u0131 g\u00f6r\u00fcld\u00fc.<\/p>\n<p style=\"text-align: justify;\">\u00c7ekim s\u0131ras\u0131nda kullan\u0131lan ekipman, burada elde edilen g\u00f6r\u00fcnt\u00fclerin &#8220;\u0130\u015fte Bu&#8221; adl\u0131 belgeselde kullan\u0131laca\u011f\u0131 ihtimalini g\u00fc\u00e7lendirdi. Jackson&#8217;un naa\u015f\u0131, yurtta\u015fl\u0131k haklar\u0131 savunucusu Rahip Al Sharpton&#8217;un yapt\u0131\u011f\u0131 konu\u015fma ve Gladys Knight&#8217;\u0131n Jackson an\u0131s\u0131na seslendirdi\u011fi veda \u015fark\u0131s\u0131n\u0131n ard\u0131ndan yerel saatle 22.00&#8217;de (TS\u0130 08.00) topra\u011fa verildi.<\/p>\n<p style=\"text-align: justify;\">Sharpton, internetteki Twitter sayfas\u0131na &#8220;Michael Jackson topra\u011fa verildi&#8221; mesaj\u0131n\u0131 ge\u00e7ti.<\/p>\n<p style=\"text-align: justify;\">Los Angeles kentinde 25 Haziran&#8217;da hayat\u0131n\u0131 kaybeden pop \u015fark\u0131c\u0131s\u0131 i\u00e7in 7 Temmuz&#8217;da, kentin Beverly Hills mezarl\u0131\u011f\u0131nda ailesi taraf\u0131ndan cenaze t\u00f6reni d\u00fczenlenmi\u015fti.<\/p>\n<p style=\"text-align: justify;\"><span style=\"color: #888888;\">CNN T\u00dcRK<\/span><\/p>\n","protected":false},"excerpt":{"rendered":"<p style=\"text-align: justify;\">\n<p style=\"text-align: justify;\">25 Haziran&#8217;da \u00f6len popun kral\u0131 Michael Jackson, Los Angeles yak\u0131nlar\u0131ndaki Forest Lawn Mezarl\u0131\u011f\u0131&#8217;nda topra\u011fa verildi.<\/p>\n<p style=\"text-align: justify;\">Amerikal\u0131 pop y\u0131ld\u0131z\u0131 Michael Jackson&#8217;un cenazesi, aile \u00fcyeleri ile Elizabeth Taylor ve Macaulay Culkin gibi \u00fcnl\u00fclerin kat\u0131ld\u0131\u011f\u0131 t\u00f6renle, California eyaletine ba\u011fl\u0131 Forest Lawn Glendale&#8217;deki an\u0131t mezarda defnedildi.<\/p>\n<p style=\"text-align: justify;\">Jackson&#8217;\u0131n anne ve babas\u0131 <\/p>\n","protected":false},"author":1,"featured_media":0,"comment_status":"open","ping_status":"closed","sticky":false,"template":"","format":"standard","meta":{"footnotes":""},"categories":[3],"tags":[],"class_list":["post-14240","post","type-post","status-publish","format-standard","hentry","category-dunya","odd"],"_links":{"self":[{"href":"http:\/\/www.korhanyilmaz.com\/index.php?rest_route=\/wp\/v2\/posts\/14240","targetHints":{"allow":["GET"]}}],"collection":[{"href":"http:\/\/www.korhanyilmaz.com\/index.php?rest_route=\/wp\/v2\/posts"}],"about":[{"href":"http:\/\/www.korhanyilmaz.com\/index.php?rest_route=\/wp\/v2\/types\/post"}],"author":[{"embeddable":true,"href":"http:\/\/www.korhanyilmaz.com\/index.php?rest_route=\/wp\/v2\/users\/1"}],"replies":[{"embeddable":true,"href":"http:\/\/www.korhanyilmaz.com\/index.php?rest_route=%2Fwp%2Fv2%2Fcomments&post=14240"}],"version-history":[{"count":0,"href":"http:\/\/www.korhanyilmaz.com\/index.php?rest_route=\/wp\/v2\/posts\/14240\/revisions"}],"wp:attachment":[{"href":"http:\/\/www.korhanyilmaz.com\/index.php?rest_route=%2Fwp%2Fv2%2Fmedia&parent=14240"}],"wp:term":[{"taxonomy":"category","embeddable":true,"href":"http:\/\/www.korhanyilmaz.com\/index.php?rest_route=%2Fwp%2Fv2%2Fcategories&post=14240"},{"taxonomy":"post_tag","embeddable":true,"href":"http:\/\/www.korhanyilmaz.com\/index.php?rest_route=%2Fwp%2Fv2%2Ftags&post=14240"}],"curies":[{"name":"wp","href":"https:\/\/api.w.org\/{rel}","templated":true}]}}