{"id":1424,"date":"2008-10-02T12:24:55","date_gmt":"2008-10-02T09:24:55","guid":{"rendered":"http:\/\/www.korhanyilmaz.com\/blog\/?p=1424"},"modified":"2008-10-02T12:24:55","modified_gmt":"2008-10-02T09:24:55","slug":"lenslerin-son-kullanim-tarihi-var-mi","status":"publish","type":"post","link":"http:\/\/www.korhanyilmaz.com\/?p=1424","title":{"rendered":"Lenslerin son kullan\u0131m tarihi var m\u0131?"},"content":{"rendered":"<p><a href=\"http:\/\/www.korhanyilmaz.com\/wp-content\/uploads\/2008\/10\/d8d929df682a0e48ab5c44f4r.jpg\"  class=\"lightview\"><\/a><\/p>\n<p style=\"text-align: justify;\"><img loading=\"lazy\" decoding=\"async\" class=\"size-full wp-image-1881  alignleft\" title=\"Lenslerin son kullan\u0131m tarihi var m\u0131? \" src=\"http:\/\/www.korhanyilmaz.com\/wp-content\/uploads\/2008\/10\/d8d929df682a0e48ab5c44f4r1.jpg\" alt=\"\" width=\"200\" height=\"277\" \/>Bir ayl\u0131k numaral\u0131 lens alm\u0131\u015ft\u0131m ancak 2.5 ayd\u0131r kullan\u0131yorum. Bir \u015fikayetim de yok. S\u00fcresi ge\u00e7en lenslerin, g\u00f6zlerime herhangi bir zarar\u0131 olur mu? Esra K.\/Bolu<\/p>\n<p style=\"text-align: justify;\">Kad\u0131k\u00f6y \u015eifa Hastanesi&#8217;nden Op. Dr. Cenk O\u011furtan\u0131, lens kullan\u0131m\u0131 hakk\u0131nda bilgiler verdi: &#8220;S\u00fcresi ge\u00e7en lens kullanmak, g\u00f6z\u00fcn\u00fcze zarar verir. At\u0131labilir lensler, s\u00fcresini \u00e7ok fazla a\u015facak \u015fekilde kullan\u0131lmamal\u0131d\u0131r. Zorunlu durumlarda en fazla 10 g\u00fcnl\u00fck bir tolerans tan\u0131nabilse bile, bu durum bir al\u0131\u015fkanl\u0131k haline getirilmemelidir. Lenste g\u00f6r\u00fcn\u00fcr fiziki bir de\u011fi\u015fiklik olmamas\u0131 ve g\u00f6r\u00fcn\u00fcrde sa\u011flam olmas\u0131, o lensin hala sorunsuzca tak\u0131labilmesi anlam\u0131na gelmez. Lensin \u00fczerindeki mikro birikimler orta ve uzun vadede bir\u00e7ok alerjik sorunun kayna\u011f\u0131 olabilir. Sorunsuz lens kullan\u0131m\u0131 i\u00e7in ayl\u0131k at\u0131labilir lensler se\u00e7ilmeli ve s\u00fcresinde kullan\u0131lmal\u0131d\u0131r.&#8221;<\/p>\n<p style=\"text-align: justify;\">\u015eekerli \u00e7ay di\u015fleri \u00e7\u00fcr\u00fct\u00fcr m\u00fc? <!--more--><br \/>\nFazla \u015fekerli \u00e7ay i\u00e7mek ya da fazla meyve yemek di\u015flerin erken \u00e7\u00fcr\u00fcmesine yol a\u00e7ar m\u0131? \u00c7ay i\u00e7tikten sonra di\u015flerimi f\u0131r\u00e7alamal\u0131 m\u0131y\u0131m? Erdem C.\/Isparta<br \/>\nCaddebostan Di\u015f Klini\u011fi&#8217;nden Di\u015f Hekimi Pertev K\u00f6kdemir, di\u015f sa\u011fl\u0131\u011f\u0131yla ilgili bilgiler verdi:<br \/>\n* Di\u015flerin \u00e7\u00fcr\u00fcmesi; t\u00fck\u00fcr\u00fck yap\u0131s\u0131, beslenme al\u0131\u015fkanl\u0131klar\u0131 ve di\u015f \u00fczerinde biriken bakteri pla\u011f\u0131n\u0131n di\u015f f\u0131r\u00e7alama ile yeteri kadar temizlenmemesi gibi fakt\u00f6rlerden kaynaklan\u0131r.<br \/>\n* \u00c7ay ve benzeri s\u0131v\u0131larla bol miktarda \u015feker al\u0131nmas\u0131n\u0131n di\u015f \u00e7\u00fcr\u00fc\u011f\u00fcne katk\u0131s\u0131 vard\u0131r. \u00c7ay i\u00e7tikten hemen sonra a\u011fz\u0131n su ile \u00e7alkalanmas\u0131, riski azalt\u0131r.<br \/>\n* \u00c7ok meyve yemek de, meyve asitleri ve \u015feker nedeniyle \u00e7\u00fcr\u00fck riskini art\u0131r\u0131r. Bir yandan da meyve yerken artan t\u00fck\u00fcr\u00fck miktar\u0131 tamponlama etkisine sahip olup, di\u015fleri korur.<br \/>\n* E\u011fer di\u015fler her g\u00fcn iki kez f\u0131r\u00e7alan\u0131yor ve di\u015f ipi kullan\u0131l\u0131yorsa; fazla meyve ve \u015fekerli \u00e7ay di\u015f \u00e7\u00fcr\u00fc\u011f\u00fcne yol a\u00e7maz.<\/p>\n","protected":false},"excerpt":{"rendered":"<\/p>\n<p style=\"text-align: justify;\">Bir ayl\u0131k numaral\u0131 lens alm\u0131\u015ft\u0131m ancak 2.5 ayd\u0131r kullan\u0131yorum. Bir \u015fikayetim de yok. S\u00fcresi ge\u00e7en lenslerin, g\u00f6zlerime herhangi bir zarar\u0131 olur mu? Esra K.\/Bolu<\/p>\n<p style=\"text-align: justify;\">Kad\u0131k\u00f6y \u015eifa Hastanesi&#8217;nden Op. Dr. Cenk O\u011furtan\u0131, lens kullan\u0131m\u0131 hakk\u0131nda bilgiler verdi: &#8220;S\u00fcresi ge\u00e7en lens kullanmak, g\u00f6z\u00fcn\u00fcze zarar verir. At\u0131labilir lensler, s\u00fcresini \u00e7ok fazla a\u015facak \u015fekilde <\/p>\n","protected":false},"author":1,"featured_media":0,"comment_status":"open","ping_status":"open","sticky":false,"template":"","format":"standard","meta":{"footnotes":""},"categories":[5],"tags":[],"class_list":["post-1424","post","type-post","status-publish","format-standard","hentry","category-saglik","odd"],"_links":{"self":[{"href":"http:\/\/www.korhanyilmaz.com\/index.php?rest_route=\/wp\/v2\/posts\/1424","targetHints":{"allow":["GET"]}}],"collection":[{"href":"http:\/\/www.korhanyilmaz.com\/index.php?rest_route=\/wp\/v2\/posts"}],"about":[{"href":"http:\/\/www.korhanyilmaz.com\/index.php?rest_route=\/wp\/v2\/types\/post"}],"author":[{"embeddable":true,"href":"http:\/\/www.korhanyilmaz.com\/index.php?rest_route=\/wp\/v2\/users\/1"}],"replies":[{"embeddable":true,"href":"http:\/\/www.korhanyilmaz.com\/index.php?rest_route=%2Fwp%2Fv2%2Fcomments&post=1424"}],"version-history":[{"count":0,"href":"http:\/\/www.korhanyilmaz.com\/index.php?rest_route=\/wp\/v2\/posts\/1424\/revisions"}],"wp:attachment":[{"href":"http:\/\/www.korhanyilmaz.com\/index.php?rest_route=%2Fwp%2Fv2%2Fmedia&parent=1424"}],"wp:term":[{"taxonomy":"category","embeddable":true,"href":"http:\/\/www.korhanyilmaz.com\/index.php?rest_route=%2Fwp%2Fv2%2Fcategories&post=1424"},{"taxonomy":"post_tag","embeddable":true,"href":"http:\/\/www.korhanyilmaz.com\/index.php?rest_route=%2Fwp%2Fv2%2Ftags&post=1424"}],"curies":[{"name":"wp","href":"https:\/\/api.w.org\/{rel}","templated":true}]}}