{"id":14237,"date":"2009-09-04T09:18:36","date_gmt":"2009-09-04T06:18:36","guid":{"rendered":"http:\/\/www.korhanyilmaz.com\/?p=14237"},"modified":"2009-09-04T09:18:36","modified_gmt":"2009-09-04T06:18:36","slug":"urumci-bugune-de-gergin-basladi","status":"publish","type":"post","link":"http:\/\/www.korhanyilmaz.com\/?p=14237","title":{"rendered":"Urum\u00e7i bug\u00fcne de gergin ba\u015flad\u0131"},"content":{"rendered":"<p style=\"text-align: center;\"><a href=\"http:\/\/www.korhanyilmaz.com\/wp-content\/uploads\/2009\/09\/urumci.jpg\"  class=\"lightview\"><img loading=\"lazy\" decoding=\"async\" class=\"aligncenter size-full wp-image-14238\" src=\"http:\/\/www.korhanyilmaz.com\/wp-content\/uploads\/2009\/09\/urumci.jpg\" alt=\"\" width=\"307\" height=\"236\" \/><\/a><\/p>\n<p style=\"text-align: justify;\">\u00c7in&#8217;in Uygur \u00d6zerk B\u00f6lgesi Sincan&#8217;da tansiyon y\u00fcksek. Reuters haber ajans\u0131, y\u00fczlerce Han \u00c7inlinin, bug\u00fcn sabah saatlerinde, g\u00fcvenlik s\u0131n\u0131r\u0131n\u0131 a\u015farak bir Uygur mahallesine girme giri\u015fiminde bulundu\u011funu duyurdu.<\/p>\n<p style=\"text-align: justify;\">Y\u00fczlerce ki\u015filik Han \u00c7inli grubuna, yine y\u00fczlerce polis m\u00fcdahale etti.<\/p>\n<p style=\"text-align: justify;\">Protestocular Uygurlar\u0131 Urum\u00e7i&#8217;de son d\u00f6nemde g\u00f6r\u00fclen \u015f\u0131r\u0131ngal\u0131 sald\u0131r\u0131lardan sorumlu tuttu.<\/p>\n<p style=\"text-align: justify;\">Binlerce Han \u00c7inli, d\u00fcn \u015f\u0131r\u0131ngal\u0131 sald\u0131r\u0131lar\u0131 protesto etmek i\u00e7in Urum\u00e7i sokaklar\u0131nda g\u00f6steri d\u00fczenlemi\u015fti. <!--more--><\/p>\n<p style=\"text-align: justify;\">\u00c7in Resmi Haber Ajans\u0131 a\u011fustos&#8217;un 20&#8217;sinden bu yana 476 ki\u015finin \u015f\u0131r\u0131ngal\u0131 sald\u0131r\u0131ya u\u011frad\u0131\u011f\u0131n\u0131 bildirdi.<\/p>\n<p style=\"text-align: justify;\">\u00c7in h\u00fck\u00fcmeti, sald\u0131r\u0131larla ilgili 15 ki\u015finin g\u00f6zalt\u0131nda oldu\u011funu, sald\u0131r\u0131ya u\u011frayanlarda vir\u00fcs tespit edilmedi\u011fini a\u00e7\u0131klad\u0131.<\/p>\n<p style=\"text-align: justify;\"><strong><em>Rabia Kadir&#8217;den Pekin&#8217;e \u00e7a\u011fr\u0131<\/em><\/strong><\/p>\n<p style=\"text-align: justify;\">Bu arada ABD&#8217;de s\u00fcrg\u00fcnde ya\u015fayan muhalif Uygur lider Rabia Kadir, \u00c7inli yetkililerin Urum\u00e7i&#8217;de herkesin can g\u00fcvenli\u011fini sa\u011flamas\u0131n\u0131 istedi.<\/p>\n<p style=\"text-align: justify;\">Yaz\u0131l\u0131 a\u00e7\u0131klama yapan Kadir, &#8220;\u00c7inli yetkililere, Uygurlar ve Han \u00c7inlileri de dahil olmak \u00fczere Do\u011fu T\u00fcrkistan&#8217;da herkesin can ve mal g\u00fcvenli\u011fini sa\u011flamalar\u0131 i\u00e7in sesleniyorum&#8221; ifadesini kulland\u0131.<\/p>\n<p style=\"text-align: justify;\">&#8220;Han \u00c7inlilerinin endi\u015felerini g\u00f6stermek i\u00e7in d\u00fcn g\u00f6steri yapmas\u0131na izin verilmesinin, yetkililerin \u00e7ifte standart kulland\u0131\u011f\u0131n\u0131 g\u00f6sterdi\u011fini&#8221; belirten Kadir, Uygurlar ve Hanlar\u0131n bar\u0131\u015f i\u00e7inde bir arada ya\u015fayabilmesi i\u00e7in Kom\u00fcnist Partinin Sincan yetkilisi Wang Lekuan&#8217;\u0131n istifa etmesi ve Uygur halk\u0131n\u0131n me\u015fru endi\u015felerini ve Hanlar\u0131n ihtiya\u00e7lar\u0131n\u0131 anlay\u0131\u015fla kar\u015f\u0131layacak \u0131l\u0131ml\u0131 y\u00f6neticilerin atanmas\u0131 gerekti\u011fini kaydetti.<\/p>\n<p style=\"text-align: justify;\">Urum\u00e7i&#8217;de temmuz ay\u0131nda patlak veren etnik \u00e7at\u0131\u015fmalardan 196 ki\u015fi \u00f6lm\u00fc\u015ft\u00fc. O d\u00f6nemden bu yana, b\u00f6lgede g\u00fcvenlik \u00f6nlemleri art\u0131r\u0131ld\u0131.<\/p>\n<p style=\"text-align: justify;\"><span style=\"color: #888888;\">CNN T\u00dcRK<\/span><\/p>\n","protected":false},"excerpt":{"rendered":"<p style=\"text-align: center;\">\n<p style=\"text-align: justify;\">\u00c7in&#8217;in Uygur \u00d6zerk B\u00f6lgesi Sincan&#8217;da tansiyon y\u00fcksek. Reuters haber ajans\u0131, y\u00fczlerce Han \u00c7inlinin, bug\u00fcn sabah saatlerinde, g\u00fcvenlik s\u0131n\u0131r\u0131n\u0131 a\u015farak bir Uygur mahallesine girme giri\u015fiminde bulundu\u011funu duyurdu.<\/p>\n<p style=\"text-align: justify;\">Y\u00fczlerce ki\u015filik Han \u00c7inli grubuna, yine y\u00fczlerce polis m\u00fcdahale etti.<\/p>\n<p style=\"text-align: justify;\">Protestocular Uygurlar\u0131 Urum\u00e7i&#8217;de son d\u00f6nemde g\u00f6r\u00fclen \u015f\u0131r\u0131ngal\u0131 sald\u0131r\u0131lardan sorumlu tuttu.<\/p>\n","protected":false},"author":1,"featured_media":0,"comment_status":"open","ping_status":"closed","sticky":false,"template":"","format":"standard","meta":{"footnotes":""},"categories":[105],"tags":[],"class_list":["post-14237","post","type-post","status-publish","format-standard","hentry","category-gundem","odd"],"_links":{"self":[{"href":"http:\/\/www.korhanyilmaz.com\/index.php?rest_route=\/wp\/v2\/posts\/14237","targetHints":{"allow":["GET"]}}],"collection":[{"href":"http:\/\/www.korhanyilmaz.com\/index.php?rest_route=\/wp\/v2\/posts"}],"about":[{"href":"http:\/\/www.korhanyilmaz.com\/index.php?rest_route=\/wp\/v2\/types\/post"}],"author":[{"embeddable":true,"href":"http:\/\/www.korhanyilmaz.com\/index.php?rest_route=\/wp\/v2\/users\/1"}],"replies":[{"embeddable":true,"href":"http:\/\/www.korhanyilmaz.com\/index.php?rest_route=%2Fwp%2Fv2%2Fcomments&post=14237"}],"version-history":[{"count":0,"href":"http:\/\/www.korhanyilmaz.com\/index.php?rest_route=\/wp\/v2\/posts\/14237\/revisions"}],"wp:attachment":[{"href":"http:\/\/www.korhanyilmaz.com\/index.php?rest_route=%2Fwp%2Fv2%2Fmedia&parent=14237"}],"wp:term":[{"taxonomy":"category","embeddable":true,"href":"http:\/\/www.korhanyilmaz.com\/index.php?rest_route=%2Fwp%2Fv2%2Fcategories&post=14237"},{"taxonomy":"post_tag","embeddable":true,"href":"http:\/\/www.korhanyilmaz.com\/index.php?rest_route=%2Fwp%2Fv2%2Ftags&post=14237"}],"curies":[{"name":"wp","href":"https:\/\/api.w.org\/{rel}","templated":true}]}}