{"id":14233,"date":"2009-09-04T08:17:05","date_gmt":"2009-09-04T05:17:05","guid":{"rendered":"http:\/\/www.korhanyilmaz.com\/?p=14233"},"modified":"2009-09-04T08:17:05","modified_gmt":"2009-09-04T05:17:05","slug":"ergenekon-yilmazdan-susurluk-raporu-istenecek","status":"publish","type":"post","link":"http:\/\/www.korhanyilmaz.com\/?p=14233","title":{"rendered":"Ergenekon: Y\u0131lmaz&#039;dan Susurluk raporu istenecek"},"content":{"rendered":"<p style=\"text-align: center;\"><a href=\"http:\/\/www.korhanyilmaz.com\/wp-content\/uploads\/2009\/09\/mesut.jpg\"  class=\"lightview\"><img loading=\"lazy\" decoding=\"async\" class=\"aligncenter size-full wp-image-14234\" src=\"http:\/\/www.korhanyilmaz.com\/wp-content\/uploads\/2009\/09\/mesut.jpg\" alt=\"\" width=\"307\" height=\"236\" \/><\/a><\/p>\n<p style=\"text-align: justify;\">Birinci &#8220;Ergenekon&#8221; davas\u0131na bakan \u0130stanbul 13. A\u011f\u0131r Ceza Mahkemesi, eski ba\u015fbakanlardan Mesut Y\u0131lmaz&#8217;a yaz\u0131 yaz\u0131larak, kendisinde oldu\u011fu belirtilen Susurluk raporunun iade edilmek \u00fczere istenmesine karar verdi.<\/p>\n<p style=\"text-align: justify;\">Birinci Ergenekon davas\u0131n\u0131n bug\u00fcnk\u00fc duru\u015fmas\u0131nda mahkeme heyeti, \u00f6\u011fle aras\u0131n\u0131 uzun tutarak saat 15.30&#8217;a dek san\u0131k ve avukatlar\u0131n\u0131n isteklerini de\u011ferlendirdi.<\/p>\n<p style=\"text-align: justify;\">Daha sonra duru\u015fmay\u0131 s\u00fcrd\u00fcren mahkeme, san\u0131k ve avukatlar\u0131n isteklerini ald\u0131ktan sonra duru\u015fmaya ara verdi. Yakla\u015f\u0131k 5.5 saatlik aran\u0131n ard\u0131ndan mahkeme heyetinin ald\u0131\u011f\u0131 kararlar a\u00e7\u0131kland\u0131. <!--more--><\/p>\n<p style=\"text-align: justify;\">Buna g\u00f6re mahkeme heyeti, eski ba\u015fbakanlardan Mesut Y\u0131lmaz&#8217;a yaz\u0131 yaz\u0131larak, kendisinde oldu\u011fu belirtilen Susurluk raporu ve eklerinin iade edilmek \u00fczere istenmesine karar verdi.<\/p>\n<p style=\"text-align: justify;\">San\u0131klar\u0131n\u0131n tutukluluklar\u0131n\u0131n s\u00fcrmesine karar veren mahkeme heyeti, duru\u015fmay\u0131 28 Eyl\u00fcl Pazartesi g\u00fcn\u00fc saat 09.30&#8217;a erteledi.<\/p>\n<p style=\"text-align: justify;\"><strong>ALINAN D\u0130\u011eER KARARLAR<\/strong><\/p>\n<p style=\"text-align: justify;\">\u0130stanbul 13. A\u011f\u0131r Ceza Mahkemesi, 3 -17 May\u0131s 2006 tarihleri aras\u0131nda Dan\u0131\u015ftay binas\u0131n\u0131n g\u00fcvenli\u011fiyle ilgili kameralar\u0131n, ar\u0131zalar\u0131 nedeniyle al\u0131nan cihazlar\u0131n ar\u0131zal\u0131 olsa bile mahkemeye g\u00f6nderilmesine karar verdi.<\/p>\n<p style=\"text-align: justify;\">110. duru\u015fman\u0131n sonunda mahkeme heyetince al\u0131nan ara kararlar, heyet ba\u015fkan\u0131 K\u00f6ksal \u015eeng\u00fcn taraf\u0131ndan a\u00e7\u0131kland\u0131. Buna g\u00f6re heyet Ankara Emniyet M\u00fcd\u00fcrl\u00fc\u011f\u00fc&#8217;ne yaz\u0131 yaz\u0131larak 3-17 May\u0131s 2006 tarihleri aras\u0131nda Dan\u0131\u015ftay binas\u0131n\u0131n g\u00fcvenli\u011fiyle ilgili kameralar\u0131n, ar\u0131zalar\u0131 nedeniyle al\u0131nan cihazlar\u0131n ar\u0131zal\u0131 olsa bile Oyak Savunma ve G\u00fcvenlik A.\u015e&#8217;den temin edilerek mahkemeye g\u00f6nderilmesini istedi.<\/p>\n<p style=\"text-align: justify;\">Dan\u0131\u015ftay binas\u0131n\u0131n \u00e7evresindeki kurum ve kurulu\u015flardan temin edilip kamera g\u00f6r\u00fcnt\u00fclerinin incelenmesi i\u00e7in mahkeme hakimi H\u00fcsn\u00fc \u00c7almuk&#8217;un naip hakim olarak tayinini uygun g\u00f6ren heyet, san\u0131k Alparslan Arslan&#8217;a ait 34 BE 026 plakal\u0131 arac\u0131n 4-16 May\u0131s 2006 aras\u0131ndaki k\u00f6pr\u00fc ve otoban ge\u00e7i\u015f zaman\u0131n\u0131n bildirilmesi i\u00e7in Karayollar\u0131 Genel M\u00fcd\u00fcrl\u00fc\u011f\u00fc&#8217;ne yaz\u0131 yaz\u0131lmas\u0131n\u0131 ayr\u0131ca bu arac\u0131n kimin ad\u0131na kay\u0131tl\u0131 oldu\u011funun ve g\u00f6rd\u00fc\u011f\u00fc sat\u0131\u015flar\u0131n tarihleriyle ara\u015ft\u0131r\u0131lmas\u0131n\u0131 kararla\u015ft\u0131rd\u0131.<\/p>\n<p style=\"text-align: justify;\">Mahkeme heyeti, ilgili kuvvet komutanl\u0131klar\u0131na da m\u00fczekkere yaz\u0131larak dosya kapsam\u0131nda el konulan el bombalar\u0131 ve m\u00fchimmat\u0131n tesliminden itibaren, birlik ve \u015fah\u0131s olarak tarihlerini belirtir \u015fekilde zimmet silsilesinin, sarf edilmi\u015fse sarf raporunun ayr\u0131nt\u0131l\u0131 olarak bildirilmesini h\u00fckme ba\u011flad\u0131.<\/p>\n<p style=\"text-align: justify;\">Heyet, san\u0131k \u00dcmit Say\u0131n&#8217;\u0131n bir k\u0131s\u0131m san\u0131k beyanlar\u0131 ve bas\u0131nda \u00e7\u0131kan haberler dikkate al\u0131nd\u0131\u011f\u0131nda duru\u015fmada haz\u0131r edilmesi i\u00e7in cezaevi idaresine m\u00fczekkere yaz\u0131lmas\u0131n\u0131 kararla\u015ft\u0131rd\u0131. San\u0131k \u0130hsan G\u00f6kta\u015f&#8217;\u0131n duru\u015fmada haz\u0131r edilmesi konusunda yaz\u0131 yaz\u0131lmas\u0131na ve hakk\u0131nda yakalama emri \u00e7\u0131kar\u0131lan san\u0131\u011f\u0131n yakalanmas\u0131n\u0131n beklenmesine h\u00fckmeden heyet, belgelerde ge\u00e7en baz\u0131 telefon numaralar\u0131n\u0131n hangi imei nolu telefonlarla kullan\u0131ld\u0131\u011f\u0131, bu imei nolu telefonlara hangi sim kartlar\u0131n\u0131n tak\u0131ld\u0131\u011f\u0131 ve bu sim kartlar\u0131n\u0131n kullan\u0131m numaralar\u0131n\u0131n ve tespit edilecek t\u00fcm bu numaralar\u0131n abone kay\u0131t bilgilerinin sorulmas\u0131n\u0131 da karar ba\u011flad\u0131.<\/p>\n<p style=\"text-align: justify;\"><strong>Dan\u0131\u015ftay ve Cumhuriyet sald\u0131r\u0131s\u0131 san\u0131klar\u0131na yeni avukat<\/strong><\/p>\n<p style=\"text-align: justify;\">Dan\u0131\u015ftay ve Cumhuriyet Gazetesi&#8217;ne y\u00f6nelik sald\u0131r\u0131larla ilgili yarg\u0131lanan san\u0131klara yeni avukat atanmas\u0131 i\u00e7in \u0130stanbul Barosu&#8217;na yaz\u0131 yaz\u0131lmas\u0131n\u0131 kararla\u015ft\u0131ran heyet, avukat Metin \u00c7etinba\u015f&#8217;\u0131n talebi do\u011frultusunda Prof. Dr. Kemal Alemdaro\u011flu ve G\u00fcler K\u00f6m\u00fcrc\u00fc \u00d6zt\u00fcrk&#8217;\u00fcn yakaland\u0131ktan sonra haklar\u0131nda yeni bir dinleme i\u015flemi yap\u0131l\u0131p yap\u0131lmad\u0131\u011f\u0131n\u0131n sorulmas\u0131n\u0131 uygun g\u00f6rd\u00fc.<\/p>\n<p style=\"text-align: justify;\">Dan\u0131\u015ftay ve Cumhuriyet Gazetesine y\u00f6nelik sald\u0131r\u0131larla ilgili yarg\u0131lanan san\u0131klar ile ana dosyada yarg\u0131lanan san\u0131klar aras\u0131nda menfaat \u00e7at\u0131\u015fmas\u0131 bulundu\u011funu belirten mahkeme heyeti, dosyan\u0131n baz\u0131 san\u0131klar\u0131na baro taraf\u0131ndan atanan m\u00fcdafiler d\u0131\u015f\u0131nda ba\u015fka avukatlar\u0131n Dan\u0131\u015ftay ve Cumhuriyet Gazetesi sald\u0131r\u0131lar\u0131yla ilgili yarg\u0131lanan san\u0131klara atanmas\u0131 i\u00e7in \u0130stanbul Barosu Ba\u015fkanl\u0131\u011f\u0131na yaz\u0131 yaz\u0131lmas\u0131na h\u00fckmetti.<\/p>\n<p style=\"text-align: justify;\">Mahkeme heyeti, yar\u0131m saatlik konu\u015fma s\u0131n\u0131rland\u0131r\u0131lmas\u0131n\u0131n kald\u0131r\u0131lmas\u0131 y\u00f6n\u00fcndeki talebi ise Avrupa \u0130nsan Haklar\u0131 Mahkemesi&#8217;nin uygulamalar\u0131n\u0131 da dikkat alarak reddetti.<\/p>\n<p style=\"text-align: justify;\">Heyet, avukat Murat Erg\u00fcl&#8217;\u00fcn hakk\u0131nda soru\u015fturmas\u0131 devam eden \u015f\u00fcpheli Tuncay G\u00fcney ile ilgili 1 Eyl\u00fcl tarihli oturumdaki s\u00f6zl\u00fc beyanlar\u0131nda belirtti\u011fi ve zapta ge\u00e7en e-mail adresleri ile ilgili talebi do\u011frultusunda, gerekli ara\u015ft\u0131rman\u0131n yap\u0131lmas\u0131 ve sonucundan bilgi verilmesi hususunda \u0130stanbul Cumhuriyet Ba\u015fsavc\u0131l\u0131\u011f\u0131&#8217;na yaz\u0131 yaz\u0131lmas\u0131n\u0131 da h\u00fckme ba\u011flad\u0131. Mahkeme heyeti, Emekli Sand\u0131\u011f\u0131&#8217;na yaz\u0131 yaz\u0131larak hakk\u0131nda soru\u015fturmas\u0131 devam eden Tuncay G\u00fcney&#8217;in sand\u0131ktan herhangi bir maa\u015f al\u0131p almad\u0131\u011f\u0131, al\u0131yorsa hangi tarihten itibaren ald\u0131\u011f\u0131 ve dayana\u011f\u0131n ne oldu\u011funun sorulmas\u0131n\u0131 kararla\u015ft\u0131rd\u0131.<\/p>\n<p style=\"text-align: justify;\"><strong>Dan\u0131\u015ftay sald\u0131r\u0131s\u0131 i\u00e7in mehkemeden ara\u015ft\u0131rma<\/strong><\/p>\n<p style=\"text-align: justify;\">Mahkeme Heyeti, Ankara Ulus semtinde faaliyet g\u00f6steren Selvi Otel yetkilisine m\u00fczekere yaz\u0131larak, otelin 15, 16 ve 17 May\u0131s 2006 tarihlerine ait defter ve bilgisayar kay\u0131tlar\u0131n\u0131n celp edilmesini h\u00fckmetti.<\/p>\n<p style=\"text-align: justify;\">Ankara Emniyet M\u00fcd\u00fcrl\u00fc\u011f\u00fc&#8217;ne m\u00fczekkere yaz\u0131larak Osman Y\u0131ld\u0131r\u0131m, Alparslan Arslan, \u0130smail Sa\u011f\u0131r ve Erhan Timuro\u011flu&#8217;nun Selvi Oteli&#8217;nde veya Ankara&#8217;daki di\u011fer otellerde 15, 16 ve 17 May\u0131s 2006 tarihlerinde kal\u0131p kalmad\u0131klar\u0131na ili\u015fkin otel yetkilileri taraf\u0131ndan bildirim yap\u0131l\u0131p yap\u0131lmad\u0131\u011f\u0131n\u0131 sorulmas\u0131na karar verdi. Mahkeme heyeti, Ankara Emniyet M\u00fcd\u00fcrl\u00fc\u011f\u00fc&#8217;nden ayr\u0131ca Ankara ve civar il\u00e7elerinde &#8220;Aksu&#8221; isminde otel olup olmad\u0131\u011f\u0131n\u0131 sorularak var ise 15, 16 ve 17 May\u0131s 2006&#8217;ya ait defter ve bilgisayar kay\u0131tlar\u0131n\u0131 celp edilmesini istedi.<\/p>\n<p style=\"text-align: justify;\">Dan\u0131\u015ftay binas\u0131n\u0131n bulundu\u011fu yer ve \u00e7evresindeki baz istasyonlar\u0131yla Selvi Otel ve civar\u0131nda bulunan baz istasyonlar\u0131n\u0131n isimlerini sorulmas\u0131n\u0131 kararla\u015ft\u0131ran mahkeme heyeti, 536 ile ba\u015flayan bir telefonun abone kimlik bilgilerini, bu telefon hatt\u0131n\u0131n kullan\u0131ld\u0131\u011f\u0131 telefonlar\u0131n ayr\u0131 ayr\u0131 imei numaralar\u0131n\u0131, bu numaralar ile kullan\u0131lan t\u00fcm hat numaralar\u0131n\u0131 1 Haziran 2006&#8217;ya kadar arayan, aranan, mesaj alma, g\u00f6nderme ve arama zaman\u0131n\u0131 s\u0131ras\u0131yla ilgili baz istasyonlar\u0131 adreslerini i\u00e7eren ayr\u0131nt\u0131l\u0131 raporlar\u0131n ilgili kurumdan istenilmesini kararla\u015ft\u0131rd\u0131.<\/p>\n<p style=\"text-align: justify;\">Mahkeme heyeti, soru\u015fturmas\u0131 devam eden Tuncay G\u00fcney&#8217;e ait t\u00fcm soru\u015fturma evrak\u0131n\u0131n incelenmek ve iade edilmek \u00fczere istenilmesine, incelendikten sonra bu \u015fah\u0131sla ilgili yap\u0131lacak i\u015flem konusunda karar verilmesini h\u00fckme ba\u011flad\u0131. Heyet, Veli K\u00fc\u00e7\u00fck&#8217;\u00fcn avukat\u0131 Zeynep K\u00fc\u00e7\u00fck&#8217;\u00fcn talebi do\u011frultusunda Dan\u0131\u015ftay dosyas\u0131 san\u0131klar\u0131n\u0131n tespit edilen t\u00fcm telefon numaralar\u0131n\u0131n abone kimlik bilgilerinin ve bu telefon hatlar\u0131n\u0131n kullan\u0131ld\u0131\u011f\u0131 telefonlar\u0131n imei numaralar\u0131n\u0131n, bu imei numaralarla kullan\u0131lan t\u00fcm hat numaralar\u0131n\u0131n, 1 Haziran 2006 tarihine kadar arayan, aranan, mesaj alma, g\u00f6nderme, arama zaman\u0131 ve s\u00fcresiyle baz istasyonlar\u0131n\u0131n adreslerini i\u00e7erir ayr\u0131nt\u0131l\u0131 HTS raporlar\u0131n\u0131 ilgili kurumdan istedi.<\/p>\n<p style=\"text-align: justify;\">Mahkeme heyeti, bir k\u0131s\u0131m san\u0131klar ve m\u00fcdafi avukat Metin \u00c7etinba\u015f&#8217;\u0131n savunma s\u0131n\u0131rlar\u0131n\u0131 a\u015fan beyanlar\u0131yla ilgili olarak gere\u011finin takdir ve ifas\u0131 i\u00e7in mahkeme tutanaklar\u0131n\u0131n dijital ortamdan Silivri Cumhuriyet Ba\u015fsavc\u0131l\u0131\u011f\u0131&#8217;na g\u00f6nderilmesine ve san\u0131k Selim Akkurt&#8217;un 1 Eyl\u00fcl 2009 tarihli celsede sarf etti\u011fi s\u00f6zlerin i\u00e7eri\u011fi dikkate al\u0131nd\u0131\u011f\u0131nda gere\u011finin takdir ve ifas\u0131 i\u00e7in Silivri Cumhuriyet Ba\u015fsavc\u0131l\u0131\u011f\u0131&#8217;na m\u00fczekkere yaz\u0131lmas\u0131na karar verdi. Daha \u00f6nce dosya kapsam\u0131nda Ceyhan Karag\u00f6z taraf\u0131ndan haz\u0131rland\u0131\u011f\u0131 belirtilen notlarla ilgili yaz\u0131lan m\u00fczekkereye bu sefer Milli Savunma Bakanl\u0131\u011f\u0131&#8217;n\u0131n 7 Nisan 1995 tarihli Mehmet G\u00f6lhan imzal\u0131 evrak\u0131n da eklenmek suretiyle yeniden sorulmas\u0131n\u0131, ayn\u0131 hususlar\u0131n titizlikle incelenerek cevap verilmesini ve gerekli belgelerin g\u00f6nderilmesini kararla\u015ft\u0131rd\u0131.<\/p>\n<p style=\"text-align: justify;\">Mahkeme heyeti, san\u0131k Hayrullah Mahmut \u00d6zg\u00fcr&#8217;\u00fcn sorgu ve savunmas\u0131 tespit edildi\u011fi g\u00f6z\u00f6n\u00fcne alarak, duru\u015fmalardan vareste tutulmas\u0131na h\u00fckmetti.<\/p>\n<p style=\"text-align: justify;\"><em><strong>San\u0131k Say\u0131n&#8217;\u0131n sa\u011fl\u0131k durumunun raporla tespiti istendi<\/strong><\/em><\/p>\n<p style=\"text-align: justify;\">Mahkeme Heyeti san\u0131k Oktay Y\u0131ld\u0131r\u0131m&#8217;\u0131n talebiyle ilgili olarakta Adli T\u0131p Kurumu&#8217;na g\u00f6nderilen bilgilerin ak\u0131betinin sorulmas\u0131n\u0131, san\u0131k \u00dcmit Say\u0131n&#8217;\u0131n rahats\u0131z oldu\u011fu ileri s\u00fcr\u00fcld\u00fc\u011f\u00fcnden Silivri Devlet Hastanesi&#8217;ne sevkinin sa\u011flanarak, sa\u011fl\u0131k durumunun raporla tespiti ile tedavisi i\u00e7in gerekli i\u015flemin yap\u0131lmas\u0131n\u0131 istedi.<\/p>\n<p style=\"text-align: justify;\">Belgelerde ge\u00e7en biri Ankara, ikisi \u0130stanbul Anadolu Yakas\u0131&#8217;ndan 3 sabit telefon numaralar\u0131n\u0131n abone kay\u0131t bilgilerinin sorulmas\u0131na, t\u00fcm bu telefon hatlar\u0131yla 1 Nisan 2005 -1 haziran 2006 tarihleri aras\u0131nda yap\u0131lan g\u00f6r\u00fc\u015fme d\u00f6k\u00fcmlerinin arayan ve aranan numaralar, kimlik ve adres bilgileriyle baz istasyonlar\u0131n\u0131, aranan,arayan numaralar\u0131n abone bilgilerini de g\u00f6sterir \u015fekilde excel format\u0131nda ve CD halinde g\u00f6nderilmesi i\u00e7in \u0130leti\u015fim Hizmetleri M\u00fcd\u00fcrl\u00fcklerine yaz\u0131 yaz\u0131lmas\u0131na karar verildi.<\/p>\n<p style=\"text-align: justify;\">Mahkeme heyeti, ayr\u0131ca san\u0131klar Muzaffer Tekin, Oktay Y\u0131ld\u0131r\u0131m, Mehmet Zekeriya \u00d6zt\u00fcrk, Osman Y\u0131ld\u0131r\u0131m, Mehmet Fikri Karada\u011f, Rasim G\u00f6r\u00fcm, Alparslan Arslan, Fikret Emek, Emin Caner Yi\u011fit ve Veli K\u00fc\u00e7\u00fck&#8217;ten ele ge\u00e7en cep telefonlar\u0131 ile hangi sim kartlar\u0131n\u0131n kullan\u0131ld\u0131\u011f\u0131n\u0131n ve bunlar\u0131n kulan\u0131m numaralar\u0131n\u0131n sorulmas\u0131 konusunda g\u00f6r\u00fc\u015f beyan etti.<\/p>\n<p style=\"text-align: justify;\"><span style=\"color: #888888;\">CNN T\u00dcRK<\/span><\/p>\n","protected":false},"excerpt":{"rendered":"<p style=\"text-align: center;\">\n<p style=\"text-align: justify;\">Birinci &#8220;Ergenekon&#8221; davas\u0131na bakan \u0130stanbul 13. A\u011f\u0131r Ceza Mahkemesi, eski ba\u015fbakanlardan Mesut Y\u0131lmaz&#8217;a yaz\u0131 yaz\u0131larak, kendisinde oldu\u011fu belirtilen Susurluk raporunun iade edilmek \u00fczere istenmesine karar verdi.<\/p>\n<p style=\"text-align: justify;\">Birinci Ergenekon davas\u0131n\u0131n bug\u00fcnk\u00fc duru\u015fmas\u0131nda mahkeme heyeti, \u00f6\u011fle aras\u0131n\u0131 uzun tutarak saat 15.30&#8217;a dek san\u0131k ve avukatlar\u0131n\u0131n isteklerini de\u011ferlendirdi.<\/p>\n<p style=\"text-align: justify;\">Daha <\/p>\n","protected":false},"author":1,"featured_media":0,"comment_status":"open","ping_status":"closed","sticky":false,"template":"","format":"standard","meta":{"footnotes":""},"categories":[105],"tags":[],"class_list":["post-14233","post","type-post","status-publish","format-standard","hentry","category-gundem","odd"],"_links":{"self":[{"href":"http:\/\/www.korhanyilmaz.com\/index.php?rest_route=\/wp\/v2\/posts\/14233","targetHints":{"allow":["GET"]}}],"collection":[{"href":"http:\/\/www.korhanyilmaz.com\/index.php?rest_route=\/wp\/v2\/posts"}],"about":[{"href":"http:\/\/www.korhanyilmaz.com\/index.php?rest_route=\/wp\/v2\/types\/post"}],"author":[{"embeddable":true,"href":"http:\/\/www.korhanyilmaz.com\/index.php?rest_route=\/wp\/v2\/users\/1"}],"replies":[{"embeddable":true,"href":"http:\/\/www.korhanyilmaz.com\/index.php?rest_route=%2Fwp%2Fv2%2Fcomments&post=14233"}],"version-history":[{"count":0,"href":"http:\/\/www.korhanyilmaz.com\/index.php?rest_route=\/wp\/v2\/posts\/14233\/revisions"}],"wp:attachment":[{"href":"http:\/\/www.korhanyilmaz.com\/index.php?rest_route=%2Fwp%2Fv2%2Fmedia&parent=14233"}],"wp:term":[{"taxonomy":"category","embeddable":true,"href":"http:\/\/www.korhanyilmaz.com\/index.php?rest_route=%2Fwp%2Fv2%2Fcategories&post=14233"},{"taxonomy":"post_tag","embeddable":true,"href":"http:\/\/www.korhanyilmaz.com\/index.php?rest_route=%2Fwp%2Fv2%2Ftags&post=14233"}],"curies":[{"name":"wp","href":"https:\/\/api.w.org\/{rel}","templated":true}]}}