{"id":14229,"date":"2009-09-04T09:35:43","date_gmt":"2009-09-04T06:35:43","guid":{"rendered":"http:\/\/www.korhanyilmaz.com\/?p=14229"},"modified":"2009-09-04T09:35:43","modified_gmt":"2009-09-04T06:35:43","slug":"yilmaz-bolunmeden-bahsetmek-gerizekalilik","status":"publish","type":"post","link":"http:\/\/www.korhanyilmaz.com\/?p=14229","title":{"rendered":"Y\u0131lmaz: &quot;B\u00f6l\u00fcnmeden bahsetmek gerizekal\u0131l\u0131k&quot;"},"content":{"rendered":"<p style=\"text-align: center;\"><a href=\"http:\/\/www.korhanyilmaz.com\/wp-content\/uploads\/2009\/09\/bakan.jpg\"  class=\"lightview\"><img loading=\"lazy\" decoding=\"async\" class=\"aligncenter size-full wp-image-14230\" title=\"bakan\" src=\"http:\/\/www.korhanyilmaz.com\/wp-content\/uploads\/2009\/09\/bakan.jpg\" alt=\"bakan\" width=\"307\" height=\"236\" \/><\/a><\/p>\n<p style=\"text-align: justify;\">Devlet Bakan\u0131 Cevdet Y\u0131lmaz, &#8220;\u00dclkenin b\u00f6l\u00fcnmesinden ve ayr\u0131lmas\u0131ndan bahsetmek en hafif deyimle geri zekal\u0131l\u0131kt\u0131r&#8221; dedi.<\/p>\n<p style=\"text-align: justify;\">Bing\u00f6l \u00dcniversitesi kamp\u00fcs\u00fcnde Fen Edebiyat Fak\u00fcltesi ve Rekt\u00f6rl\u00fck binas\u0131 temel atma t\u00f6renine kat\u0131lan Bakan Y\u0131lmaz, gazetecilerin sorular\u0131 \u00fczerine K\u00fcrt a\u00e7\u0131l\u0131m\u0131n\u0131 ele\u015ftiren muhalefete y\u00fcklendi.<\/p>\n<p style=\"text-align: justify;\">Y\u0131lmaz, &#8220;Ba\u015fbakan\u0131m\u0131z defalarca a\u00e7\u0131klamalar yapt\u0131. Demokratik a\u00e7\u0131l\u0131m konusunda kararl\u0131l\u0131\u011f\u0131m\u0131z\u0131 ortaya koyduk. Art\u0131k &#8216;Analar a\u011flamas\u0131n&#8217; diyoruz. Karde\u015f kavgas\u0131 olmas\u0131n istiyoruz. Hakikaten bir bar\u0131\u015f, huzur, g\u00fcven, ortam\u0131 olsun istiyoruz. AK Parti di\u011fer partiler gibi de\u011fil. Di\u011fer partiler belli b\u00f6lgelere, belli kesimlere hitap ediyor. Fakat biz ba\u015f\u0131ndan beri etnik milliyet\u00e7ili\u011fe kar\u015f\u0131y\u0131z.<!--more--> Hi\u00e7bir etnik anlay\u0131\u015f\u0131n siyasi temsilcisi olmamal\u0131. Demokratik bir ortamda b\u00f6lgesel, milliyet\u00e7ili\u011fe kar\u015f\u0131y\u0131z diyoruz. Dini milliyet\u00e7ili\u011fe, a\u015f\u0131r\u0131l\u0131k\u00e7\u0131lara kar\u015f\u0131y\u0131z diyoruz. \u0130\u015fte kendisini K\u00fcrt olarak tarif eden insanlar\u0131m\u0131z\u0131n \u00fc\u00e7te ikisinin T\u00fcrk akrabalar\u0131 var. Etik anlamda \u00fc\u00e7te birinin ise K\u00fcrt akrabalar\u0131 var. G\u00f6\u00e7 olmu\u015f bir birine girmi\u015f evlenmi\u015fler. \u015eu anlamda bu \u00fclkenin b\u00f6l\u00fcnmesinden, ayr\u0131lmas\u0131ndan bahsetmek en hafif deyimle hakikaten geri zekal\u0131 olmak demektir&#8221; dedi.<\/p>\n<p style=\"text-align: justify;\"><span style=\"color: #888888;\">CNN T\u00dcRK<\/span><\/p>\n","protected":false},"excerpt":{"rendered":"<p style=\"text-align: center;\">\n<p style=\"text-align: justify;\">Devlet Bakan\u0131 Cevdet Y\u0131lmaz, &#8220;\u00dclkenin b\u00f6l\u00fcnmesinden ve ayr\u0131lmas\u0131ndan bahsetmek en hafif deyimle geri zekal\u0131l\u0131kt\u0131r&#8221; dedi.<\/p>\n<p style=\"text-align: justify;\">Bing\u00f6l \u00dcniversitesi kamp\u00fcs\u00fcnde Fen Edebiyat Fak\u00fcltesi ve Rekt\u00f6rl\u00fck binas\u0131 temel atma t\u00f6renine kat\u0131lan Bakan Y\u0131lmaz, gazetecilerin sorular\u0131 \u00fczerine K\u00fcrt a\u00e7\u0131l\u0131m\u0131n\u0131 ele\u015ftiren muhalefete y\u00fcklendi.<\/p>\n<p style=\"text-align: justify;\">Y\u0131lmaz, &#8220;Ba\u015fbakan\u0131m\u0131z defalarca a\u00e7\u0131klamalar yapt\u0131. Demokratik a\u00e7\u0131l\u0131m konusunda <\/p>\n","protected":false},"author":1,"featured_media":0,"comment_status":"open","ping_status":"closed","sticky":false,"template":"","format":"standard","meta":{"footnotes":""},"categories":[105],"tags":[],"class_list":["post-14229","post","type-post","status-publish","format-standard","hentry","category-gundem","odd"],"_links":{"self":[{"href":"http:\/\/www.korhanyilmaz.com\/index.php?rest_route=\/wp\/v2\/posts\/14229","targetHints":{"allow":["GET"]}}],"collection":[{"href":"http:\/\/www.korhanyilmaz.com\/index.php?rest_route=\/wp\/v2\/posts"}],"about":[{"href":"http:\/\/www.korhanyilmaz.com\/index.php?rest_route=\/wp\/v2\/types\/post"}],"author":[{"embeddable":true,"href":"http:\/\/www.korhanyilmaz.com\/index.php?rest_route=\/wp\/v2\/users\/1"}],"replies":[{"embeddable":true,"href":"http:\/\/www.korhanyilmaz.com\/index.php?rest_route=%2Fwp%2Fv2%2Fcomments&post=14229"}],"version-history":[{"count":0,"href":"http:\/\/www.korhanyilmaz.com\/index.php?rest_route=\/wp\/v2\/posts\/14229\/revisions"}],"wp:attachment":[{"href":"http:\/\/www.korhanyilmaz.com\/index.php?rest_route=%2Fwp%2Fv2%2Fmedia&parent=14229"}],"wp:term":[{"taxonomy":"category","embeddable":true,"href":"http:\/\/www.korhanyilmaz.com\/index.php?rest_route=%2Fwp%2Fv2%2Fcategories&post=14229"},{"taxonomy":"post_tag","embeddable":true,"href":"http:\/\/www.korhanyilmaz.com\/index.php?rest_route=%2Fwp%2Fv2%2Ftags&post=14229"}],"curies":[{"name":"wp","href":"https:\/\/api.w.org\/{rel}","templated":true}]}}