{"id":14225,"date":"2009-09-03T23:17:28","date_gmt":"2009-09-03T20:17:28","guid":{"rendered":"http:\/\/www.korhanyilmaz.com\/?p=14225"},"modified":"2009-09-03T23:17:28","modified_gmt":"2009-09-03T20:17:28","slug":"diyanetten-kurtce-vaaz-ve-hutbeye-yesil-isik","status":"publish","type":"post","link":"http:\/\/www.korhanyilmaz.com\/?p=14225","title":{"rendered":"Diyanet&#039;ten K\u00fcrt\u00e7e vaaz ve hutbeye ye\u015fil \u0131\u015f\u0131k"},"content":{"rendered":"<p style=\"text-align: center;\"><a href=\"http:\/\/www.korhanyilmaz.com\/wp-content\/uploads\/2009\/09\/vaaz.jpg\"  class=\"lightview\"><img loading=\"lazy\" decoding=\"async\" class=\"aligncenter size-full wp-image-14226\" src=\"http:\/\/www.korhanyilmaz.com\/wp-content\/uploads\/2009\/09\/vaaz.jpg\" alt=\"\" width=\"307\" height=\"236\" \/><\/a><\/p>\n<p style=\"text-align: justify;\">Diyanet \u0130\u015fleri Ba\u015fkan\u0131 Prof. Dr. Ali Bardako\u011flu, &#8220;G\u00fcndemimizde T\u00fcrk\u00e7e vaaz, T\u00fcrk\u00e7e hutbe var ba\u015fka bir dil yok&#8221; dedi. Bardako\u011flu, talep gelmesi halinde konuyu de\u011ferlendireceklerini dile getirdi.<\/p>\n<p style=\"text-align: justify;\">Bardako\u011flu, bas\u0131n mensuplar\u0131 i\u00e7in Ba\u015fkanl\u0131k&#8217;ta d\u00fczenledi\u011fi iftar yeme\u011finde yapt\u0131\u011f\u0131 a\u00e7\u0131klamada, kurum olarak a\u00e7\u0131k ve \u015feffaf olmay\u0131 ilke edindiklerini ve son birka\u00e7 y\u0131ld\u0131r bas\u0131nla g\u00fcvene dayal\u0131 bir ili\u015fki i\u00e7inde olduklar\u0131n\u0131 belirtti.<\/p>\n<p style=\"text-align: justify;\">Bu ramazanda bas\u0131n yay\u0131n organlar\u0131nda dini konularda zihin buland\u0131r\u0131c\u0131, magazinel yay\u0131nlara yer verilmemesini takdirle kar\u015f\u0131lad\u0131\u011f\u0131n\u0131 ifade eden Bardako\u011flu, dinin herkes i\u00e7in \u00f6nemli oldu\u011funu, s\u00fckuneti, dinginli\u011fi ve i\u00e7 huzuru sa\u011flad\u0131\u011f\u0131n\u0131, sosyal sorunlar\u0131n \u00e7\u00f6z\u00fcm\u00fcne \u00f6nemli katk\u0131larda bulundu\u011funu s\u00f6yledi. <!--more--><\/p>\n<p style=\"text-align: justify;\">Ba\u015fkanl\u0131\u011f\u0131n, 103 bin ki\u015finin \u00e7al\u0131\u015ft\u0131\u011f\u0131 bir kurum oldu\u011funu hat\u0131rlatan Bardako\u011flu, baz\u0131 istenmeyen olaylarla kar\u015f\u0131la\u015f\u0131labildi\u011fini ancak eksiklikleri, kusurlar\u0131 en aza indirmeye gayret ettiklerini dile getirdi.<\/p>\n<p style=\"text-align: justify;\">Bu ramazanda &#8220;Payla\u015fmak G\u00fczeldir&#8221; slogan\u0131n\u0131 benimsediklerini, 81 ilde, 80 bin camide bu teman\u0131n i\u015flendi\u011fini an\u0131msatan Bardako\u011flu, toplumda da b\u00f6yle bir konunun i\u015flenmesine ihtiya\u00e7 oldu\u011funun anla\u015f\u0131ld\u0131\u011f\u0131n\u0131 belirtti.<\/p>\n<p style=\"text-align: justify;\">Son y\u0131llar\u0131n en \u00f6nemli sorunlar\u0131ndan birinin de sorumsuz ve s\u0131n\u0131rs\u0131z d\u00fcnyevile\u015fme oldu\u011funa dikkati \u00e7eken Bardako\u011flu, bunun toplumlar\u0131 felakete s\u00fcr\u00fckleyece\u011fini vurgulad\u0131.<\/p>\n<p style=\"text-align: justify;\">Bardako\u011flu, d\u00fcnyevile\u015fme kar\u015f\u0131s\u0131nda denge \u00e7a\u011fr\u0131s\u0131 yaparak, ilimle irfan\u0131n, bilgiyle hikmetin birle\u015ftirilmesini istedi.<\/p>\n<p style=\"text-align: justify;\">&#8220;\u0130slam Dini&#8217;ni kavgadan, gerilimden, ayr\u0131l\u0131ktan uzak anlamak ve toplumsal birli\u011fin temel har\u00e7lar\u0131ndan biri yapmak zorunday\u0131z&#8221; diyen Bardako\u011flu, Orta Do\u011fu&#8217;daki pek \u00e7ok \u00fclkede gerilim ya\u015fand\u0131\u011f\u0131n\u0131, ge\u00e7mi\u015fte bir arada ya\u015fayanlar\u0131n bug\u00fcn ayr\u0131 gruplar halinde birbirini yok etmeye \u00e7al\u0131\u015ft\u0131\u011f\u0131na i\u015faret etti.<\/p>\n<p style=\"text-align: justify;\">Bardako\u011flu, &#8220;Din iyi anla\u015f\u0131lmazsa ve iyi anlat\u0131lmazsa, din e\u011fitimi iyi verilmezse ayr\u0131l\u0131k, gayr\u0131l\u0131\u011f\u0131n da kavgan\u0131n, gerilimin de adeta besleyicisi olabiliyor. T\u00fcrkiye&#8217;de bu yanl\u0131\u015flar\u0131 hi\u00e7 yapmad\u0131k ve yapmay\u0131z in\u015fallah&#8221; dedi.<\/p>\n<p style=\"text-align: justify;\">Diyanet \u0130\u015fleri Ba\u015fkanl\u0131\u011f\u0131&#8217;n\u0131n kurulmas\u0131n\u0131 &#8220;\u00e7ok hay\u0131rl\u0131 ve \u00f6nemli bir i\u015f olarak&#8221; nitelendiren Bardako\u011flu, &#8220;Cumhuriyet&#8217;in bir aya\u011f\u0131n\u0131 da b\u00f6yle bir kurum \u00fczerine oturttular. B\u00f6ylece toplumda ayr\u0131l\u0131k, gayr\u0131l\u0131k yerine bilgiye, ele\u015ftiriye dayal\u0131, bilimsel d\u00fc\u015f\u00fcnceyi \u00f6nemseyen, ama kendini geli\u015ftirmeyi de \u00f6nemseyen bir kurum olu\u015ftu&#8221; diye konu\u015ftu.<\/p>\n<p style=\"text-align: justify;\">Diyanet&#8217;in toplumun hassasiyetlerini g\u00f6z\u00f6n\u00fcne alan, toplumla kavga eden de\u011fil, toplumun \u00f6n\u00fcnde y\u00fcr\u00fcyen bir kurum gelene\u011fine sahip oldu\u011funu vurgulayan Bardako\u011flu, bu gelene\u011fi ilimle bulu\u015fturarak biraz daha ileri g\u00f6t\u00fcrmeye gayret ettiklerini dile getirdi.<\/p>\n<p style=\"text-align: justify;\"><strong><em>K\u00fcrt\u00e7e vaaz<\/em><\/strong><\/p>\n<p style=\"text-align: justify;\">Bardako\u011flu, bir gazetecinin &#8220;Demokratik A\u00e7\u0131l\u0131m&#8221; \u00e7al\u0131\u015fmalar\u0131 \u00e7er\u00e7evesinden Ba\u015fkanl\u0131\u011f\u0131n K\u00fcrt\u00e7e vaaz ve hutbe verip vermeyece\u011fi y\u00f6n\u00fcndeki sorusunu, &#8220;G\u00fcndemimizde T\u00fcrk\u00e7e hutbe, T\u00fcrk\u00e7e vaaz var ba\u015fka da bir dil yok&#8221; \u015feklinde yan\u0131tlad\u0131.<\/p>\n<p style=\"text-align: justify;\">Bardako\u011flu, talep gelmesi halinde konuyu de\u011ferlendireceklerini dile getirdi.<\/p>\n<p style=\"text-align: justify;\">Bu sene, Suudi Arabistan&#8217;\u0131n T\u00fcrkiye&#8217;ye 74 bin hac kontenjan\u0131 verdi\u011fini, bunu art\u0131rmak i\u00e7in ek kontenjan talep ettiklerini de bildiren Bardako\u011flu, \u00f6n\u00fcm\u00fczdeki bir ka\u00e7 hafta i\u00e7inde bunun kesinle\u015fece\u011fini kaydetti.<\/p>\n<p style=\"text-align: justify;\">Domuz gribinin hacc\u0131 etkileyip etkilemeyece\u011fi ile ilgili bir soru \u00fczerine Bardako\u011flu, Suudi taraf\u0131n\u0131n d\u00fcnyay\u0131 dinledi\u011fini ve gerekli tedbirleri ald\u0131\u011f\u0131n\u0131 ifade etti.<\/p>\n<p style=\"text-align: justify;\">Doktorlar\u0131n domuz gribinin daha \u00e7ok gen\u00e7leri etkiledi\u011fini, 65 ya\u015f \u00fczerine \u00e7ok tesiri olmad\u0131\u011f\u0131 y\u00f6n\u00fcndeki a\u00e7\u0131klamalar\u0131 oldu\u011funu belirten Bardako\u011flu, &#8220;Belki k\u00fc\u00e7\u00fck ya\u015ftaki \u00e7ocuklara s\u0131n\u0131rlama getirilebilir. Biz de Sa\u011fl\u0131k Bakanl\u0131\u011f\u0131m\u0131z\u0131n bu konuda verece\u011fi bilgileri esas alaca\u011f\u0131z. \u015eu ana kadar herhangi bir yasak yok. Yasak olaca\u011f\u0131n\u0131 da tahmin etmiyorum ama baz\u0131 tedbirler al\u0131nacak gibi g\u00f6r\u00fcn\u00fcyor. Belki ya\u015f s\u0131n\u0131rlamas\u0131 gelebilir ama ya\u015f s\u0131n\u0131rlamas\u0131 ya\u015fl\u0131lara gelmez. Daha \u00e7ok \u00e7ocuklar i\u00e7in gelebilir. Bu da bir ay i\u00e7inde belli olur. Suudi Arabistan&#8217;dan bir a\u00e7\u0131klama gelirse hemen payla\u015f\u0131r\u0131z&#8221; dedi.<\/p>\n<p style=\"text-align: justify;\"><span style=\"color: #888888;\">CNN T\u00dcRK<\/span><\/p>\n","protected":false},"excerpt":{"rendered":"<p style=\"text-align: center;\">\n<p style=\"text-align: justify;\">Diyanet \u0130\u015fleri Ba\u015fkan\u0131 Prof. Dr. Ali Bardako\u011flu, &#8220;G\u00fcndemimizde T\u00fcrk\u00e7e vaaz, T\u00fcrk\u00e7e hutbe var ba\u015fka bir dil yok&#8221; dedi. Bardako\u011flu, talep gelmesi halinde konuyu de\u011ferlendireceklerini dile getirdi.<\/p>\n<p style=\"text-align: justify;\">Bardako\u011flu, bas\u0131n mensuplar\u0131 i\u00e7in Ba\u015fkanl\u0131k&#8217;ta d\u00fczenledi\u011fi iftar yeme\u011finde yapt\u0131\u011f\u0131 a\u00e7\u0131klamada, kurum olarak a\u00e7\u0131k ve \u015feffaf olmay\u0131 ilke edindiklerini ve son birka\u00e7 y\u0131ld\u0131r <\/p>\n","protected":false},"author":1,"featured_media":0,"comment_status":"open","ping_status":"closed","sticky":false,"template":"","format":"standard","meta":{"footnotes":""},"categories":[105],"tags":[],"class_list":["post-14225","post","type-post","status-publish","format-standard","hentry","category-gundem","odd"],"_links":{"self":[{"href":"http:\/\/www.korhanyilmaz.com\/index.php?rest_route=\/wp\/v2\/posts\/14225","targetHints":{"allow":["GET"]}}],"collection":[{"href":"http:\/\/www.korhanyilmaz.com\/index.php?rest_route=\/wp\/v2\/posts"}],"about":[{"href":"http:\/\/www.korhanyilmaz.com\/index.php?rest_route=\/wp\/v2\/types\/post"}],"author":[{"embeddable":true,"href":"http:\/\/www.korhanyilmaz.com\/index.php?rest_route=\/wp\/v2\/users\/1"}],"replies":[{"embeddable":true,"href":"http:\/\/www.korhanyilmaz.com\/index.php?rest_route=%2Fwp%2Fv2%2Fcomments&post=14225"}],"version-history":[{"count":0,"href":"http:\/\/www.korhanyilmaz.com\/index.php?rest_route=\/wp\/v2\/posts\/14225\/revisions"}],"wp:attachment":[{"href":"http:\/\/www.korhanyilmaz.com\/index.php?rest_route=%2Fwp%2Fv2%2Fmedia&parent=14225"}],"wp:term":[{"taxonomy":"category","embeddable":true,"href":"http:\/\/www.korhanyilmaz.com\/index.php?rest_route=%2Fwp%2Fv2%2Fcategories&post=14225"},{"taxonomy":"post_tag","embeddable":true,"href":"http:\/\/www.korhanyilmaz.com\/index.php?rest_route=%2Fwp%2Fv2%2Ftags&post=14225"}],"curies":[{"name":"wp","href":"https:\/\/api.w.org\/{rel}","templated":true}]}}