{"id":14221,"date":"2009-09-03T09:44:45","date_gmt":"2009-09-03T06:44:45","guid":{"rendered":"http:\/\/www.korhanyilmaz.com\/?p=14221"},"modified":"2009-09-03T09:44:45","modified_gmt":"2009-09-03T06:44:45","slug":"etnik-kimlik-siyaseti-yapiliyor","status":"publish","type":"post","link":"http:\/\/www.korhanyilmaz.com\/?p=14221","title":{"rendered":"Etnik kimlik siyaseti yap\u0131l\u0131yor"},"content":{"rendered":"<p><a href=\"http:\/\/www.korhanyilmaz.com\/wp-content\/uploads\/2009\/09\/kemal1.jpg\"  class=\"lightview\"><img loading=\"lazy\" decoding=\"async\" class=\"aligncenter size-full wp-image-14222\" src=\"http:\/\/www.korhanyilmaz.com\/wp-content\/uploads\/2009\/09\/kemal1.jpg\" alt=\"\" width=\"250\" height=\"170\" \/><\/a><\/p>\n<p style=\"text-align: justify;\">H\u00fck\u00fcmetin s\u00f6zde a\u00e7\u0131l\u0131m \u00e7al\u0131\u015fmalar\u0131n\u0131 de\u011ferlendiren CHP\u2019li K\u0131l\u0131\u00e7daro\u011flu, \u00fclkede etnik kimlik siyaseti yap\u0131ld\u0131\u011f\u0131na dikkat \u00e7ekerek, bunun \u00e7ok tehlikeli oldu\u011funu s\u00f6yledi.<\/p>\n<p style=\"text-align: justify;\">CHP Grup Ba\u015fkanvekili Kemal K\u0131l\u0131\u00e7daro\u011flu, \u201cBu \u00fclkede sorgulamay\u0131 insanlar\u0131n elinden al\u0131yoruz, sonra demokratik a\u00e7\u0131l\u0131m diyoruz\u201d dedi. Ayd\u0131n\u2019\u0131n Didim il\u00e7esinde bu y\u0131l 14\u2019\u00fcnc\u00fcs\u00fc ger\u00e7ekle\u015ftirilen Bar\u0131\u015f \u015eenli\u011fi etkinlikleri kapsam\u0131nda \u201cTemiz Toplum\u201d konulu panel d\u00fczenlendi. Panelde konu\u015fan K\u0131l\u0131\u00e7daro\u011flu, h\u00fck\u00fcmetin \u201cs\u00f6zde demokratik a\u00e7\u0131l\u0131m\u201d \u00e7al\u0131\u015fmalar\u0131n\u0131 ele\u015ftirerek, \u201cBiz bu \u00fclkede hala demokrasiyi tart\u0131\u015f\u0131yoruz. Sorgulamay\u0131 insanlar\u0131n elinden al\u0131yoruz, korku imparatorlu\u011funda ya\u015f\u0131yoruz, sonra demokratik a\u00e7\u0131l\u0131m diyoruz\u201d dedi. <!--more--><\/p>\n<p style=\"text-align: justify;\"><strong><em>Mazlumun sesi<\/em><\/strong><\/p>\n<p style=\"text-align: justify;\">K\u0131l\u0131\u00e7daro\u011flu, toplumsal bar\u0131\u015f\u0131n, siyaset\u00e7inin halka yalan s\u00f6ylemedi\u011fi g\u00fcn ger\u00e7ekle\u015fece\u011fini ifade ederek, \u015funlar\u0131 kaydetti: \u201cBir \u00fclkede mazlumun sesi \u00e7\u0131kt\u0131\u011f\u0131 g\u00fcn karanl\u0131klar ayd\u0131nl\u0131\u011fa kavu\u015facak. Toplum, ger\u00e7eklerle y\u00fczle\u015fmeli. Milletvekilinin dokunulmazl\u0131\u011f\u0131 var, bunu kald\u0131rmad\u0131klar\u0131 gibi, \u015fimdi bir de milletvekilinin arabas\u0131na dokunulmazl\u0131k getirmeye \u00e7al\u0131\u015f\u0131yorlar. Birini di\u011ferinden \u00fcst\u00fcn g\u00f6ren anlay\u0131\u015fa \u015fiddetle kar\u015f\u0131 \u00e7\u0131k\u0131yoruz. \u00d6tekile\u015ftirmeyece\u011fiz, insan\u0131 sevece\u011fiz. AKP, toplumu \u00f6tekile\u015ftirdi. Benden olanlar ve olmayanlar.\u201d<\/p>\n<p style=\"text-align: justify;\"><strong><em>Irak \u00f6rne\u011fi verdi<\/em><\/strong><\/p>\n<p style=\"text-align: justify;\">\u201cDemokratik a\u00e7\u0131l\u0131m\u201d ad\u0131 alt\u0131nda etnik kimlik siyaseti yap\u0131ld\u0131\u011f\u0131n\u0131 \u00f6ne s\u00fcren K\u0131l\u0131\u00e7daro\u011flu, konu\u015fmas\u0131n\u0131 \u015f\u00f6yle tamamlad\u0131: \u201cEtnik kimlik en tehlikeli aland\u0131r. Bak\u0131n Irak\u2019a, insanlar \u2019\u015eiiyim, K\u00fcrd\u00fcm\u2019 diye kendilerinden olmayan\u0131 \u00f6ld\u00fcr\u00fcyor. Kimse ben Irak\u2019l\u0131y\u0131m demiyor. \u00dclke birlikteli\u011fi ortaya \u00e7\u0131km\u0131yor. Bizler etnik kimli\u011fe sayg\u0131 duymal\u0131y\u0131z.\u201d  (AA)<\/p>\n<p style=\"text-align: justify;\">CHP Grup Ba\u015fkanvekili Kemal K\u0131l\u0131\u00e7daro\u011flu,  \u201cBiz bu \u00fclkede hala demokrasiyi tart\u0131\u015f\u0131yoruz. Sorgulamay\u0131 insanlar\u0131n elinden al\u0131yoruz, korku imparatorlu\u011funda ya\u015f\u0131yoruz, sonra demokratik a\u00e7\u0131l\u0131m diyoruz\u201d dedi.<\/p>\n<p style=\"text-align: justify;\"><span style=\"color: #888888;\">Kaynak : yenicaggazetesi.com.tr<\/span><\/p>\n","protected":false},"excerpt":{"rendered":"<\/p>\n<p style=\"text-align: justify;\">H\u00fck\u00fcmetin s\u00f6zde a\u00e7\u0131l\u0131m \u00e7al\u0131\u015fmalar\u0131n\u0131 de\u011ferlendiren CHP\u2019li K\u0131l\u0131\u00e7daro\u011flu, \u00fclkede etnik kimlik siyaseti yap\u0131ld\u0131\u011f\u0131na dikkat \u00e7ekerek, bunun \u00e7ok tehlikeli oldu\u011funu s\u00f6yledi.<\/p>\n<p style=\"text-align: justify;\">CHP Grup Ba\u015fkanvekili Kemal K\u0131l\u0131\u00e7daro\u011flu, \u201cBu \u00fclkede sorgulamay\u0131 insanlar\u0131n elinden al\u0131yoruz, sonra demokratik a\u00e7\u0131l\u0131m diyoruz\u201d dedi. Ayd\u0131n\u2019\u0131n Didim il\u00e7esinde bu y\u0131l 14\u2019\u00fcnc\u00fcs\u00fc ger\u00e7ekle\u015ftirilen Bar\u0131\u015f \u015eenli\u011fi etkinlikleri kapsam\u0131nda \u201cTemiz Toplum\u201d konulu panel <\/p>\n","protected":false},"author":1,"featured_media":0,"comment_status":"open","ping_status":"closed","sticky":false,"template":"","format":"standard","meta":{"footnotes":""},"categories":[105],"tags":[],"class_list":["post-14221","post","type-post","status-publish","format-standard","hentry","category-gundem","odd"],"_links":{"self":[{"href":"http:\/\/www.korhanyilmaz.com\/index.php?rest_route=\/wp\/v2\/posts\/14221","targetHints":{"allow":["GET"]}}],"collection":[{"href":"http:\/\/www.korhanyilmaz.com\/index.php?rest_route=\/wp\/v2\/posts"}],"about":[{"href":"http:\/\/www.korhanyilmaz.com\/index.php?rest_route=\/wp\/v2\/types\/post"}],"author":[{"embeddable":true,"href":"http:\/\/www.korhanyilmaz.com\/index.php?rest_route=\/wp\/v2\/users\/1"}],"replies":[{"embeddable":true,"href":"http:\/\/www.korhanyilmaz.com\/index.php?rest_route=%2Fwp%2Fv2%2Fcomments&post=14221"}],"version-history":[{"count":0,"href":"http:\/\/www.korhanyilmaz.com\/index.php?rest_route=\/wp\/v2\/posts\/14221\/revisions"}],"wp:attachment":[{"href":"http:\/\/www.korhanyilmaz.com\/index.php?rest_route=%2Fwp%2Fv2%2Fmedia&parent=14221"}],"wp:term":[{"taxonomy":"category","embeddable":true,"href":"http:\/\/www.korhanyilmaz.com\/index.php?rest_route=%2Fwp%2Fv2%2Fcategories&post=14221"},{"taxonomy":"post_tag","embeddable":true,"href":"http:\/\/www.korhanyilmaz.com\/index.php?rest_route=%2Fwp%2Fv2%2Ftags&post=14221"}],"curies":[{"name":"wp","href":"https:\/\/api.w.org\/{rel}","templated":true}]}}